{"id":3850,"global_id":"aargauermuslime.ch\/de?id=3850","global_id_lineage":["aargauermuslime.ch\/de?id=3850"],"author":"4","status":"publish","date":"2022-12-21 20:48:51","date_utc":"2022-12-21 18:48:51","modified":"2023-09-07 19:31:03","modified_utc":"2023-09-07 17:31:03","url":"https:\/\/aargauermuslime.ch\/de\/veranstaltung\/gebet-der-religionen-in-baden\/","rest_url":"https:\/\/aargauermuslime.ch\/de\/wp-json\/tribe\/events\/v1\/events\/3850","title":"Gebet der Religionen anl\u00e4sslich der Badenfahrt 2023","description":"<p>Der VAM beteiligt sich wieder am traditionellen Gebet der Religionen in Baden, welches dieses Jahr nicht am eidgen\u00f6ssischen Buss- und Bettages stattfindet, sondern w\u00e4hrend der ber\u00fchmten <a href=\"https:\/\/badenfahrt.ch\/\" target=\"_blank\" rel=\"noopener\">Badenfahrt 2023<\/a>&nbsp;unter dem Titel \u00abInterkultureller Gottesdienst &amp; WeltCHOR Baden\u00bb.<\/p>\n<p>Weitere Details k\u00f6nnen dem <a href=\"https:\/\/badenfahrt.ch\/das-fest-2023\/programm\/\" target=\"_blank\" rel=\"noopener\">Programm der Badenfahrt 2023<\/a> entnommen werden.<\/p>","excerpt":"","slug":"gebet-der-religionen-in-baden","image":false,"all_day":false,"start_date":"2023-08-27 10:00:00","start_date_details":{"year":"2023","month":"08","day":"27","hour":"10","minutes":"00","seconds":"00"},"end_date":"2023-08-27 10:00:00","end_date_details":{"year":"2023","month":"08","day":"27","hour":"10","minutes":"00","seconds":"00"},"utc_start_date":"2023-08-27 07:00:00","utc_start_date_details":{"year":"2023","month":"08","day":"27","hour":"07","minutes":"00","seconds":"00"},"utc_end_date":"2023-08-27 07:00:00","utc_end_date_details":{"year":"2023","month":"08","day":"27","hour":"07","minutes":"00","seconds":"00"},"timezone":"UTC+2","timezone_abbr":"UTC+2","cost":"","cost_details":{"currency_symbol":"","currency_code":"","currency_position":"prefix","values":[]},"website":"","show_map":true,"show_map_link":true,"hide_from_listings":false,"sticky":false,"featured":false,"categories":[],"tags":[],"venue":[],"organizer":[],"custom_fields":[],"json_ld":{"@context":"http:\/\/schema.org","@type":"Event","name":"Gebet der Religionen anl\u00e4sslich der Badenfahrt 2023","description":"&lt;p&gt;Der VAM beteiligt sich wieder am traditionellen Gebet der Religionen in Baden, welches dieses Jahr nicht am eidgen\u00f6ssischen Buss- und Bettages stattfindet, sondern w\u00e4hrend der ber\u00fchmten Badenfahrt 2023&nbsp;unter dem Titel [&hellip;]&lt;\/p&gt;\\n","url":"https:\/\/aargauermuslime.ch\/de\/veranstaltung\/gebet-der-religionen-in-baden\/","eventAttendanceMode":"https:\/\/schema.org\/OfflineEventAttendanceMode","eventStatus":"https:\/\/schema.org\/EventScheduled","startDate":"2023-08-27T10:00:00+02:00","endDate":"2023-08-27T10:00:00+02:00","performer":"Organization"}}