{"id":4073,"global_id":"aargauermuslime.ch\/de?id=4073","global_id_lineage":["aargauermuslime.ch\/de?id=4073"],"author":"4","status":"publish","date":"2023-12-10 13:10:32","date_utc":"2023-12-10 11:10:32","modified":"2024-03-01 16:50:45","modified_utc":"2024-03-01 14:50:45","url":"https:\/\/aargauermuslime.ch\/de\/veranstaltung\/oeffentlicher-iftar-fastenbrechen-in-wettingen\/","rest_url":"https:\/\/aargauermuslime.ch\/de\/wp-json\/tribe\/events\/v1\/events\/4073","title":"\u00d6ffentliches Fastenbrechen (Iftar) in Wettingen","description":"<p>Dieses Jahr f\u00e4llt die muslimische Fastenzeit mit <a href=\"https:\/\/www.vivat.de\/magazin\/jahreskreis\/fastenzeit\/\" target=\"_blank\" rel=\"noopener\">jener der Christen<\/a> zusammen. Daher m\u00f6chten die im Aargau lebenden Musliminnen und Muslime wieder alle Mitb\u00fcrgerinnen und Mitb\u00fcrger an diesem freudigen Anlass teilhaben lassen, denn der&nbsp;Ramadan ist einer der wichtigsten Monate im religi\u00f6sen Leben der Muslime. Nach einem Tag voller Entbehrungen freuen sie sich, am Abend wieder essen und trinken zu k\u00f6nnen. \u00dcblicherweise wird das Fastenbrechen (arab. Iftar) im Familien- oder Freundeskreis durchgef\u00fchrt.<\/p>\n<p>Der Verband Aargauer Muslime (VAM) l\u00e4dt zu einem \u00f6ffentlichen Fastenbrechen (arab. Iftar) ein. Weitere Information k\u00f6nnen diesem <a href=\"https:\/\/aargauermuslime.ch\/de\/wp-content\/uploads\/2024\/03\/VAM-Iftar_2024_Flyer_v05_FINAL.pdf\" target=\"_blank\" rel=\"noopener\">Flyer<\/a> entnommen werden.<\/p>","excerpt":"","slug":"oeffentlicher-iftar-fastenbrechen-in-wettingen","image":{"url":"https:\/\/aargauermuslime.ch\/de\/wp-content\/uploads\/2023\/04\/Oeffentlicher_Iftar_2023_Bild_13-scaled.jpg","id":3914,"extension":"jpg","width":2560,"height":1920,"filesize":780054,"sizes":{"medium":{"width":300,"height":225,"mime-type":"image\/jpeg","filesize":53491,"url":"https:\/\/aargauermuslime.ch\/de\/wp-content\/uploads\/2023\/04\/Oeffentlicher_Iftar_2023_Bild_13-300x225.jpg"},"large":{"width":1024,"height":768,"mime-type":"image\/jpeg","filesize":196270,"url":"https:\/\/aargauermuslime.ch\/de\/wp-content\/uploads\/2023\/04\/Oeffentlicher_Iftar_2023_Bild_13-1024x768.jpg"},"thumbnail":{"width":150,"height":150,"mime-type":"image\/jpeg","filesize":40010,"url":"https:\/\/aargauermuslime.ch\/de\/wp-content\/uploads\/2023\/04\/Oeffentlicher_Iftar_2023_Bild_13-150x150.jpg"},"medium_large":{"width":768,"height":576,"mime-type":"image\/jpeg","filesize":135287,"url":"https:\/\/aargauermuslime.ch\/de\/wp-content\/uploads\/2023\/04\/Oeffentlicher_Iftar_2023_Bild_13-768x576.jpg"}},"original_image":"Oeffentlicher_Iftar_2023_Bild_13.jpg"},"all_day":false,"start_date":"2024-03-20 18:00:00","start_date_details":{"year":"2024","month":"03","day":"20","hour":"18","minutes":"00","seconds":"00"},"end_date":"2024-03-20 22:00:00","end_date_details":{"year":"2024","month":"03","day":"20","hour":"22","minutes":"00","seconds":"00"},"utc_start_date":"2024-03-20 16:00:00","utc_start_date_details":{"year":"2024","month":"03","day":"20","hour":"16","minutes":"00","seconds":"00"},"utc_end_date":"2024-03-20 20:00:00","utc_end_date_details":{"year":"2024","month":"03","day":"20","hour":"20","minutes":"00","seconds":"00"},"timezone":"UTC+2","timezone_abbr":"UTC+2","cost":"","cost_details":{"currency_symbol":"","currency_code":"","currency_position":"prefix","values":[]},"website":"","show_map":true,"show_map_link":true,"hide_from_listings":false,"sticky":false,"featured":false,"categories":[],"tags":[],"venue":{"id":4117,"author":"4","status":"publish","date":"2024-03-01 16:49:52","date_utc":"2024-03-01 14:49:52","modified":"2024-03-01 16:49:52","modified_utc":"2024-03-01 14:49:52","url":"https:\/\/aargauermuslime.ch\/de\/veranstaltungsort\/pfarreiheim-st-sebastian\/","venue":"Pfarreiheim St. Sebastian","slug":"pfarreiheim-st-sebastian","address":"Schartenstrasse 155","city":"Wettingen","country":"Schweiz","province":"AG","zip":"5430","stateprovince":"AG","json_ld":{"@type":"Place","name":"Pfarreiheim St. Sebastian","description":"","url":"","address":{"@type":"PostalAddress","streetAddress":"Schartenstrasse 155","addressLocality":"Wettingen","addressRegion":"AG","postalCode":"5430","addressCountry":"Schweiz"},"telephone":"","sameAs":""},"show_map":true,"show_map_link":true,"global_id":"aargauermuslime.ch\/de?id=4117","global_id_lineage":["aargauermuslime.ch\/de?id=4117"]},"organizer":[{"id":4118,"author":"4","status":"publish","date":"2024-03-01 16:49:53","date_utc":"2024-03-01 14:49:53","modified":"2024-03-01 16:49:53","modified_utc":"2024-03-01 14:49:53","url":"https:\/\/aargauermuslime.ch\/de\/veranstalter\/pfarreiheim-st-sebastian\/","organizer":"Pfarreiheim St. Sebastian","slug":"pfarreiheim-st-sebastian","json_ld":{"@type":"Person","name":"Pfarreiheim St. Sebastian","description":"","url":"","telephone":"","email":"","sameAs":""},"global_id":"aargauermuslime.ch\/de?id=4118","global_id_lineage":["aargauermuslime.ch\/de?id=4118"]}],"custom_fields":[],"json_ld":{"@context":"http:\/\/schema.org","@type":"Event","name":"\u00d6ffentliches Fastenbrechen (Iftar) in Wettingen","description":"&lt;p&gt;Dieses Jahr f\u00e4llt die muslimische Fastenzeit mit jener der Christen zusammen. Daher m\u00f6chten die im Aargau lebenden Musliminnen und Muslime wieder alle Mitb\u00fcrgerinnen und Mitb\u00fcrger an diesem freudigen Anlass teilhaben [&hellip;]&lt;\/p&gt;\\n","image":"https:\/\/aargauermuslime.ch\/de\/wp-content\/uploads\/2023\/04\/Oeffentlicher_Iftar_2023_Bild_13-scaled.jpg","url":"https:\/\/aargauermuslime.ch\/de\/veranstaltung\/oeffentlicher-iftar-fastenbrechen-in-wettingen\/","eventAttendanceMode":"https:\/\/schema.org\/OfflineEventAttendanceMode","eventStatus":"https:\/\/schema.org\/EventScheduled","startDate":"2024-03-20T18:00:00+02:00","endDate":"2024-03-20T22:00:00+02:00","location":{"@type":"Place","name":"Pfarreiheim St. Sebastian","description":"","url":"","address":{"@type":"PostalAddress","streetAddress":"Schartenstrasse 155","addressLocality":"Wettingen","addressRegion":"AG","postalCode":"5430","addressCountry":"Schweiz"},"telephone":"","sameAs":""},"organizer":{"@type":"Person","name":"Pfarreiheim St. Sebastian","description":"","url":"","telephone":"","email":"","sameAs":""},"performer":"Organization"}}