{"id":8,"count":8,"description":"<p><span style=\"font-size: 10pt;\"><span style=\"font-family: verdana, geneva;\">In dieser Rubrik picken wir Meldungen heraus, in denen \u2013 bewusst oder unbewusst \u2013 L\u00fcgen und Unwahrheiten \u00fcber den Islam und die Muslime verbreitet, oder in denen Muslime unfairerweise in ein schlechtes Licht ger\u00fcckt werden.<\/span><\/span><\/p>\r\n<p><strong><span style=\"font-size: 10pt;\"><span style=\"font-family: verdana, geneva;\"><\/span><\/span><\/strong><\/p>","link":"https:\/\/aargauermuslime.ch\/de\/kategorie\/neuigkeiten\/pinocchio\/","name":"Pinocchio","slug":"pinocchio","taxonomy":"category","parent":10,"meta":[],"yoast_head":"<!-- This site is optimized with the Yoast SEO plugin v27.4 - https:\/\/yoast.com\/product\/yoast-seo-wordpress\/ -->\n<title>Pinocchio Archive - Verband Aargauer Muslime (VAM)<\/title>\n<meta name=\"robots\" content=\"index, follow, max-snippet:-1, max-image-preview:large, max-video-preview:-1\" \/>\n<link rel=\"canonical\" href=\"https:\/\/aargauermuslime.ch\/de\/kategorie\/neuigkeiten\/pinocchio\/\" \/>\n<meta property=\"og:locale\" content=\"de_DE\" \/>\n<meta property=\"og:type\" content=\"article\" \/>\n<meta property=\"og:title\" content=\"Pinocchio Archive - Verband Aargauer Muslime (VAM)\" \/>\n<meta property=\"og:description\" content=\"In dieser Rubrik picken wir Meldungen heraus, in denen \u2013 bewusst oder unbewusst \u2013 L\u00fcgen und Unwahrheiten \u00fcber den Islam und die Muslime verbreitet, oder in denen Muslime unfairerweise in ein schlechtes Licht ger\u00fcckt werden.\" \/>\n<meta property=\"og:url\" content=\"https:\/\/aargauermuslime.ch\/de\/kategorie\/neuigkeiten\/pinocchio\/\" \/>\n<meta property=\"og:site_name\" content=\"Verband Aargauer Muslime (VAM)\" \/>\n<meta name=\"twitter:card\" content=\"summary_large_image\" \/>\n<script type=\"application\/ld+json\" class=\"yoast-schema-graph\">{\"@context\":\"https:\\\/\\\/schema.org\",\"@graph\":[{\"@type\":\"CollectionPage\",\"@id\":\"https:\\\/\\\/aargauermuslime.ch\\\/de\\\/kategorie\\\/neuigkeiten\\\/pinocchio\\\/\",\"url\":\"https:\\\/\\\/aargauermuslime.ch\\\/de\\\/kategorie\\\/neuigkeiten\\\/pinocchio\\\/\",\"name\":\"Pinocchio Archive - Verband Aargauer Muslime (VAM)\",\"isPartOf\":{\"@id\":\"https:\\\/\\\/aargauermuslime.ch\\\/de\\\/#website\"},\"breadcrumb\":{\"@id\":\"https:\\\/\\\/aargauermuslime.ch\\\/de\\\/kategorie\\\/neuigkeiten\\\/pinocchio\\\/#breadcrumb\"},\"inLanguage\":\"de\"},{\"@type\":\"BreadcrumbList\",\"@id\":\"https:\\\/\\\/aargauermuslime.ch\\\/de\\\/kategorie\\\/neuigkeiten\\\/pinocchio\\\/#breadcrumb\",\"itemListElement\":[{\"@type\":\"ListItem\",\"position\":1,\"name\":\"Startseite\",\"item\":\"https:\\\/\\\/aargauermuslime.ch\\\/de\\\/\"},{\"@type\":\"ListItem\",\"position\":2,\"name\":\"Neuigkeiten\",\"item\":\"https:\\\/\\\/aargauermuslime.ch\\\/de\\\/kategorie\\\/neuigkeiten\\\/\"},{\"@type\":\"ListItem\",\"position\":3,\"name\":\"Pinocchio\"}]},{\"@type\":\"WebSite\",\"@id\":\"https:\\\/\\\/aargauermuslime.ch\\\/de\\\/#website\",\"url\":\"https:\\\/\\\/aargauermuslime.ch\\\/de\\\/\",\"name\":\"Verband Aargauer Muslime (VAM)\",\"description\":\"Dachverband der muslimischen Institutionen im Aargau\",\"publisher\":{\"@id\":\"https:\\\/\\\/aargauermuslime.ch\\\/de\\\/#organization\"},\"potentialAction\":[{\"@type\":\"SearchAction\",\"target\":{\"@type\":\"EntryPoint\",\"urlTemplate\":\"https:\\\/\\\/aargauermuslime.ch\\\/de\\\/?s={search_term_string}\"},\"query-input\":{\"@type\":\"PropertyValueSpecification\",\"valueRequired\":true,\"valueName\":\"search_term_string\"}}],\"inLanguage\":\"de\"},{\"@type\":\"Organization\",\"@id\":\"https:\\\/\\\/aargauermuslime.ch\\\/de\\\/#organization\",\"name\":\"Verband Aargauer Muslime\",\"alternateName\":\"VAM\",\"url\":\"https:\\\/\\\/aargauermuslime.ch\\\/de\\\/\",\"logo\":{\"@type\":\"ImageObject\",\"inLanguage\":\"de\",\"@id\":\"https:\\\/\\\/aargauermuslime.ch\\\/de\\\/#\\\/schema\\\/logo\\\/image\\\/\",\"url\":\"https:\\\/\\\/aargauermuslime.ch\\\/de\\\/wp-content\\\/uploads\\\/2019\\\/07\\\/VAM-Logo_web.jpg\",\"contentUrl\":\"https:\\\/\\\/aargauermuslime.ch\\\/de\\\/wp-content\\\/uploads\\\/2019\\\/07\\\/VAM-Logo_web.jpg\",\"width\":800,\"height\":181,\"caption\":\"Verband Aargauer Muslime\"},\"image\":{\"@id\":\"https:\\\/\\\/aargauermuslime.ch\\\/de\\\/#\\\/schema\\\/logo\\\/image\\\/\"},\"sameAs\":[\"https:\\\/\\\/www.facebook.com\\\/groups\\\/aargauermuslime\"]}]}<\/script>\n<!-- \/ Yoast SEO plugin. -->","yoast_head_json":{"title":"Pinocchio Archive - Verband Aargauer Muslime (VAM)","robots":{"index":"index","follow":"follow","max-snippet":"max-snippet:-1","max-image-preview":"max-image-preview:large","max-video-preview":"max-video-preview:-1"},"canonical":"https:\/\/aargauermuslime.ch\/de\/kategorie\/neuigkeiten\/pinocchio\/","og_locale":"de_DE","og_type":"article","og_title":"Pinocchio Archive - Verband Aargauer Muslime (VAM)","og_description":"In dieser Rubrik picken wir Meldungen heraus, in denen \u2013 bewusst oder unbewusst \u2013 L\u00fcgen und Unwahrheiten \u00fcber den Islam und die Muslime verbreitet, oder in denen Muslime unfairerweise in ein schlechtes Licht ger\u00fcckt werden.","og_url":"https:\/\/aargauermuslime.ch\/de\/kategorie\/neuigkeiten\/pinocchio\/","og_site_name":"Verband Aargauer Muslime (VAM)","twitter_card":"summary_large_image","schema":{"@context":"https:\/\/schema.org","@graph":[{"@type":"CollectionPage","@id":"https:\/\/aargauermuslime.ch\/de\/kategorie\/neuigkeiten\/pinocchio\/","url":"https:\/\/aargauermuslime.ch\/de\/kategorie\/neuigkeiten\/pinocchio\/","name":"Pinocchio Archive - Verband Aargauer Muslime (VAM)","isPartOf":{"@id":"https:\/\/aargauermuslime.ch\/de\/#website"},"breadcrumb":{"@id":"https:\/\/aargauermuslime.ch\/de\/kategorie\/neuigkeiten\/pinocchio\/#breadcrumb"},"inLanguage":"de"},{"@type":"BreadcrumbList","@id":"https:\/\/aargauermuslime.ch\/de\/kategorie\/neuigkeiten\/pinocchio\/#breadcrumb","itemListElement":[{"@type":"ListItem","position":1,"name":"Startseite","item":"https:\/\/aargauermuslime.ch\/de\/"},{"@type":"ListItem","position":2,"name":"Neuigkeiten","item":"https:\/\/aargauermuslime.ch\/de\/kategorie\/neuigkeiten\/"},{"@type":"ListItem","position":3,"name":"Pinocchio"}]},{"@type":"WebSite","@id":"https:\/\/aargauermuslime.ch\/de\/#website","url":"https:\/\/aargauermuslime.ch\/de\/","name":"Verband Aargauer Muslime (VAM)","description":"Dachverband der muslimischen Institutionen im Aargau","publisher":{"@id":"https:\/\/aargauermuslime.ch\/de\/#organization"},"potentialAction":[{"@type":"SearchAction","target":{"@type":"EntryPoint","urlTemplate":"https:\/\/aargauermuslime.ch\/de\/?s={search_term_string}"},"query-input":{"@type":"PropertyValueSpecification","valueRequired":true,"valueName":"search_term_string"}}],"inLanguage":"de"},{"@type":"Organization","@id":"https:\/\/aargauermuslime.ch\/de\/#organization","name":"Verband Aargauer Muslime","alternateName":"VAM","url":"https:\/\/aargauermuslime.ch\/de\/","logo":{"@type":"ImageObject","inLanguage":"de","@id":"https:\/\/aargauermuslime.ch\/de\/#\/schema\/logo\/image\/","url":"https:\/\/aargauermuslime.ch\/de\/wp-content\/uploads\/2019\/07\/VAM-Logo_web.jpg","contentUrl":"https:\/\/aargauermuslime.ch\/de\/wp-content\/uploads\/2019\/07\/VAM-Logo_web.jpg","width":800,"height":181,"caption":"Verband Aargauer Muslime"},"image":{"@id":"https:\/\/aargauermuslime.ch\/de\/#\/schema\/logo\/image\/"},"sameAs":["https:\/\/www.facebook.com\/groups\/aargauermuslime"]}]}},"_links":{"self":[{"href":"https:\/\/aargauermuslime.ch\/de\/wp-json\/wp\/v2\/categories\/8","targetHints":{"allow":["GET"]}}],"collection":[{"href":"https:\/\/aargauermuslime.ch\/de\/wp-json\/wp\/v2\/categories"}],"about":[{"href":"https:\/\/aargauermuslime.ch\/de\/wp-json\/wp\/v2\/taxonomies\/category"}],"up":[{"embeddable":true,"href":"https:\/\/aargauermuslime.ch\/de\/wp-json\/wp\/v2\/categories\/10"}],"wp:post_type":[{"href":"https:\/\/aargauermuslime.ch\/de\/wp-json\/wp\/v2\/posts?categories=8"}],"curies":[{"name":"wp","href":"https:\/\/api.w.org\/{rel}","templated":true}]}}