{"id":130,"date":"2011-09-08T19:02:29","date_gmt":"2011-09-08T19:02:29","guid":{"rendered":"https:\/\/aargauermuslime.ch\/de\/2011\/09\/08\/die-tuerkei-und-die-hiesigen-medien\/"},"modified":"2011-09-08T19:02:29","modified_gmt":"2011-09-08T19:02:29","slug":"die-tuerkei-und-die-hiesigen-medien","status":"publish","type":"post","link":"https:\/\/aargauermuslime.ch\/de\/die-tuerkei-und-die-hiesigen-medien\/","title":{"rendered":"Die T\u00fcrkei und die hiesigen Medien"},"content":{"rendered":"<p><span style=\"font-size: 10pt;\"><span style=\"font-family: verdana,geneva;\">Oder: Warum sind negative Schlagzeilen wichtiger als positive?<\/span><\/span><\/p>\n<p>&nbsp;<\/p>\n<p><span style=\"font-size: 10pt;\"><span style=\"font-family: verdana,geneva;\">In den letzten Tagen war die T\u00fcrkei sehr pr\u00e4sent in den hiesigen Medien. Grund daf\u00fcr war, dass sie, nachdem am 1. September 2011 der UNO-Berichts zu Israels opferreichem Angriff auf eine tu\u0308rkische Gaza-Hilfsflotte im vergangenen Jahr ver\u00f6ffentlicht worden war, mit dem Abbruch der diplomatischen Beziehungen zu Israel reagierte und mit der Einstellung der wirtschafltichen Beziehungen drohte.<\/span><\/span><\/p>\n<p>&nbsp;<\/p>\n<p><span style=\"font-size: 10pt;\"><span style=\"font-family: verdana,geneva;\">Dabei wurde von den hieslgen Medien fast v\u00f6llig ignoriert. dass einige Tage vorher, am 28. August 2011, ein historischer Tag f\u00fcr nichtmuslimische Minderheiten in der T\u00fcrkei, allen voran f\u00fcr die Christen, war. Anl\u00e4sslich einer Einladung zum Fastenbrechen (Iftar) in Istanbul hatte Ministerpr\u00e4sident Erdo\u011fan bekannt gegeben, dass die&nbsp; Enteignung von Eigentum der nicht-muslimischen Minderheiten in der T\u00fcrkei, die auf die Tage der Republik unter Mustafa Kemal Atat\u00fcrk zur\u00fcckgeht, am Vortag per Verordnung gekippt worden war.<\/span><\/span><\/p>\n<p>&nbsp;<\/p>\n<p><span style=\"font-size: 10pt;\"><span style=\"font-family: verdana,geneva;\">Damit werden alle im Jahr 1936 als Stiftungsbesitz angemeldete Geb\u00e4ude zur\u00fcckgegeben. F\u00fcr Immobilien, die inzwischen an Dritte ver\u00e4ussert worden sind, werden Nicht-Muslime aus der Staatskasse zum Marktpreis entsch\u00e4digt. Das betrifft auch zahlreiche Immobilien in bester Marktlage in Istanbul und d\u00fcrfte die T\u00fcrkei mehrere Milliarden Euro kosten. Bereits in den Jahren 2003 und 2008 hatte die Erdo\u011fan-Regierung Gesetzes\u00e4nderungen auf den Weg gebracht, um die Rechtsstellung der nichtmuslimischen Stiftungen zu verbessern. Mit dem j\u00fcngsten Vorstoss entf\u00e4llt f\u00fcr die Stiftungen nun endg\u00fcltig die Notwendigkeit, sich ihren Besitz vor Gericht zu erstreiten.<\/span><\/span><\/p>\n<p>&nbsp;<\/p>\n<p><span style=\"font-size: 10pt;\"><span style=\"font-family: verdana,geneva;\">Lesen Sie <a href=\"http:\/\/islam.de\/18895\" target=\"_blank\" rel=\"noopener noreferrer\">hier<\/a> den vollst\u00e4ndigen Artikel unter dem Titel \u00abSieg f\u00fcr die Religionsfreiheit und mehrere Milliarden Euro Staatskosten\u00bb auf unserem Schwester-Portal <a href=\"http:\/\/islam.de\/\" target=\"_blank\" rel=\"noopener noreferrer\">islam.de<\/a>.<\/span><\/span><\/p>\n<p>&nbsp;<\/p>\n<p><span style=\"font-size: 10pt;\"><span style=\"font-family: verdana,geneva;\"><\/span><\/span><\/p>\n<p>&nbsp;<\/p>\n<p><span style=\"font-size: 10pt;\"><span style=\"font-family: verdana,geneva;\">Musliminnen und Muslime fragen sich, warum dieses bedeutende Ereignis in den hiesigen Medien praktisch keine Beachtung fand. Ist die g\u00e4ngige Erkl\u00e4rung, dass negative Nachrichten halt interessanter sind als positive, ausreichend, oder steckt noch mehr dahinter?<\/span><\/span><\/p>\n","protected":false},"excerpt":{"rendered":"<p><span style=\"font-size: 10pt;\"><span style=\"font-family: verdana,geneva;\">Oder: Warum sind negative Schlagzeilen wichtiger als positive?<\/span><\/span><\/p>\n","protected":false},"author":2,"featured_media":0,"comment_status":"open","ping_status":"open","sticky":false,"template":"","format":"standard","meta":{"_et_pb_use_builder":"","_et_pb_old_content":"","_et_gb_content_width":"","ngg_post_thumbnail":0,"footnotes":""},"categories":[8],"tags":[],"class_list":["post-130","post","type-post","status-publish","format-standard","hentry","category-pinocchio"],"yoast_head":"<!-- This site is optimized with the Yoast SEO plugin v27.4 - https:\/\/yoast.com\/product\/yoast-seo-wordpress\/ -->\n<title>Die T\u00fcrkei und die hiesigen Medien - Verband Aargauer Muslime (VAM)<\/title>\n<meta name=\"robots\" content=\"index, follow, max-snippet:-1, max-image-preview:large, max-video-preview:-1\" \/>\n<link rel=\"canonical\" href=\"https:\/\/aargauermuslime.ch\/de\/die-tuerkei-und-die-hiesigen-medien\/\" \/>\n<meta property=\"og:locale\" content=\"de_DE\" \/>\n<meta property=\"og:type\" content=\"article\" \/>\n<meta property=\"og:title\" content=\"Die T\u00fcrkei und die hiesigen Medien - Verband Aargauer Muslime (VAM)\" \/>\n<meta property=\"og:description\" content=\"Oder: Warum sind negative Schlagzeilen wichtiger als positive?\" \/>\n<meta property=\"og:url\" content=\"https:\/\/aargauermuslime.ch\/de\/die-tuerkei-und-die-hiesigen-medien\/\" \/>\n<meta property=\"og:site_name\" content=\"Verband Aargauer Muslime (VAM)\" \/>\n<meta property=\"article:publisher\" content=\"https:\/\/www.facebook.com\/groups\/aargauermuslime\" \/>\n<meta property=\"article:published_time\" content=\"2011-09-08T19:02:29+00:00\" \/>\n<meta name=\"author\" content=\"Verwalter\" \/>\n<meta name=\"twitter:card\" content=\"summary_large_image\" \/>\n<meta name=\"twitter:label1\" content=\"Verfasst von\" \/>\n\t<meta name=\"twitter:data1\" content=\"Verwalter\" \/>\n\t<meta name=\"twitter:label2\" content=\"Gesch\u00e4tzte Lesezeit\" \/>\n\t<meta name=\"twitter:data2\" content=\"2\u00a0Minuten\" \/>\n<script type=\"application\/ld+json\" class=\"yoast-schema-graph\">{\"@context\":\"https:\\\/\\\/schema.org\",\"@graph\":[{\"@type\":\"Article\",\"@id\":\"https:\\\/\\\/aargauermuslime.ch\\\/de\\\/die-tuerkei-und-die-hiesigen-medien\\\/#article\",\"isPartOf\":{\"@id\":\"https:\\\/\\\/aargauermuslime.ch\\\/de\\\/die-tuerkei-und-die-hiesigen-medien\\\/\"},\"author\":{\"name\":\"Verwalter\",\"@id\":\"https:\\\/\\\/aargauermuslime.ch\\\/de\\\/#\\\/schema\\\/person\\\/bd503aec0cac55acbb09e0c3a583e85d\"},\"headline\":\"Die T\u00fcrkei und die hiesigen Medien\",\"datePublished\":\"2011-09-08T19:02:29+00:00\",\"mainEntityOfPage\":{\"@id\":\"https:\\\/\\\/aargauermuslime.ch\\\/de\\\/die-tuerkei-und-die-hiesigen-medien\\\/\"},\"wordCount\":323,\"commentCount\":0,\"publisher\":{\"@id\":\"https:\\\/\\\/aargauermuslime.ch\\\/de\\\/#organization\"},\"articleSection\":[\"Pinocchio\"],\"inLanguage\":\"de\"},{\"@type\":\"WebPage\",\"@id\":\"https:\\\/\\\/aargauermuslime.ch\\\/de\\\/die-tuerkei-und-die-hiesigen-medien\\\/\",\"url\":\"https:\\\/\\\/aargauermuslime.ch\\\/de\\\/die-tuerkei-und-die-hiesigen-medien\\\/\",\"name\":\"Die T\u00fcrkei und die hiesigen Medien - Verband Aargauer Muslime (VAM)\",\"isPartOf\":{\"@id\":\"https:\\\/\\\/aargauermuslime.ch\\\/de\\\/#website\"},\"datePublished\":\"2011-09-08T19:02:29+00:00\",\"breadcrumb\":{\"@id\":\"https:\\\/\\\/aargauermuslime.ch\\\/de\\\/die-tuerkei-und-die-hiesigen-medien\\\/#breadcrumb\"},\"inLanguage\":\"de\",\"potentialAction\":[{\"@type\":\"ReadAction\",\"target\":[\"https:\\\/\\\/aargauermuslime.ch\\\/de\\\/die-tuerkei-und-die-hiesigen-medien\\\/\"]}]},{\"@type\":\"BreadcrumbList\",\"@id\":\"https:\\\/\\\/aargauermuslime.ch\\\/de\\\/die-tuerkei-und-die-hiesigen-medien\\\/#breadcrumb\",\"itemListElement\":[{\"@type\":\"ListItem\",\"position\":1,\"name\":\"Startseite\",\"item\":\"https:\\\/\\\/aargauermuslime.ch\\\/de\\\/\"},{\"@type\":\"ListItem\",\"position\":2,\"name\":\"Die T\u00fcrkei und die hiesigen Medien\"}]},{\"@type\":\"WebSite\",\"@id\":\"https:\\\/\\\/aargauermuslime.ch\\\/de\\\/#website\",\"url\":\"https:\\\/\\\/aargauermuslime.ch\\\/de\\\/\",\"name\":\"Verband Aargauer Muslime (VAM)\",\"description\":\"Dachverband der muslimischen Institutionen im Aargau\",\"publisher\":{\"@id\":\"https:\\\/\\\/aargauermuslime.ch\\\/de\\\/#organization\"},\"potentialAction\":[{\"@type\":\"SearchAction\",\"target\":{\"@type\":\"EntryPoint\",\"urlTemplate\":\"https:\\\/\\\/aargauermuslime.ch\\\/de\\\/?s={search_term_string}\"},\"query-input\":{\"@type\":\"PropertyValueSpecification\",\"valueRequired\":true,\"valueName\":\"search_term_string\"}}],\"inLanguage\":\"de\"},{\"@type\":\"Organization\",\"@id\":\"https:\\\/\\\/aargauermuslime.ch\\\/de\\\/#organization\",\"name\":\"Verband Aargauer Muslime\",\"alternateName\":\"VAM\",\"url\":\"https:\\\/\\\/aargauermuslime.ch\\\/de\\\/\",\"logo\":{\"@type\":\"ImageObject\",\"inLanguage\":\"de\",\"@id\":\"https:\\\/\\\/aargauermuslime.ch\\\/de\\\/#\\\/schema\\\/logo\\\/image\\\/\",\"url\":\"https:\\\/\\\/aargauermuslime.ch\\\/de\\\/wp-content\\\/uploads\\\/2019\\\/07\\\/VAM-Logo_web.jpg\",\"contentUrl\":\"https:\\\/\\\/aargauermuslime.ch\\\/de\\\/wp-content\\\/uploads\\\/2019\\\/07\\\/VAM-Logo_web.jpg\",\"width\":800,\"height\":181,\"caption\":\"Verband Aargauer Muslime\"},\"image\":{\"@id\":\"https:\\\/\\\/aargauermuslime.ch\\\/de\\\/#\\\/schema\\\/logo\\\/image\\\/\"},\"sameAs\":[\"https:\\\/\\\/www.facebook.com\\\/groups\\\/aargauermuslime\"]},{\"@type\":\"Person\",\"@id\":\"https:\\\/\\\/aargauermuslime.ch\\\/de\\\/#\\\/schema\\\/person\\\/bd503aec0cac55acbb09e0c3a583e85d\",\"name\":\"Verwalter\",\"image\":{\"@type\":\"ImageObject\",\"inLanguage\":\"de\",\"@id\":\"https:\\\/\\\/secure.gravatar.com\\\/avatar\\\/7fd31a7e31c089b8b010ed4da69824ebcca1bb14f0e01f1121264b0f1712c489?s=96&d=mm&r=g\",\"url\":\"https:\\\/\\\/secure.gravatar.com\\\/avatar\\\/7fd31a7e31c089b8b010ed4da69824ebcca1bb14f0e01f1121264b0f1712c489?s=96&d=mm&r=g\",\"contentUrl\":\"https:\\\/\\\/secure.gravatar.com\\\/avatar\\\/7fd31a7e31c089b8b010ed4da69824ebcca1bb14f0e01f1121264b0f1712c489?s=96&d=mm&r=g\",\"caption\":\"Verwalter\"}}]}<\/script>\n<!-- \/ Yoast SEO plugin. -->","yoast_head_json":{"title":"Die T\u00fcrkei und die hiesigen Medien - Verband Aargauer Muslime (VAM)","robots":{"index":"index","follow":"follow","max-snippet":"max-snippet:-1","max-image-preview":"max-image-preview:large","max-video-preview":"max-video-preview:-1"},"canonical":"https:\/\/aargauermuslime.ch\/de\/die-tuerkei-und-die-hiesigen-medien\/","og_locale":"de_DE","og_type":"article","og_title":"Die T\u00fcrkei und die hiesigen Medien - Verband Aargauer Muslime (VAM)","og_description":"Oder: Warum sind negative Schlagzeilen wichtiger als positive?","og_url":"https:\/\/aargauermuslime.ch\/de\/die-tuerkei-und-die-hiesigen-medien\/","og_site_name":"Verband Aargauer Muslime (VAM)","article_publisher":"https:\/\/www.facebook.com\/groups\/aargauermuslime","article_published_time":"2011-09-08T19:02:29+00:00","author":"Verwalter","twitter_card":"summary_large_image","twitter_misc":{"Verfasst von":"Verwalter","Gesch\u00e4tzte Lesezeit":"2\u00a0Minuten"},"schema":{"@context":"https:\/\/schema.org","@graph":[{"@type":"Article","@id":"https:\/\/aargauermuslime.ch\/de\/die-tuerkei-und-die-hiesigen-medien\/#article","isPartOf":{"@id":"https:\/\/aargauermuslime.ch\/de\/die-tuerkei-und-die-hiesigen-medien\/"},"author":{"name":"Verwalter","@id":"https:\/\/aargauermuslime.ch\/de\/#\/schema\/person\/bd503aec0cac55acbb09e0c3a583e85d"},"headline":"Die T\u00fcrkei und die hiesigen Medien","datePublished":"2011-09-08T19:02:29+00:00","mainEntityOfPage":{"@id":"https:\/\/aargauermuslime.ch\/de\/die-tuerkei-und-die-hiesigen-medien\/"},"wordCount":323,"commentCount":0,"publisher":{"@id":"https:\/\/aargauermuslime.ch\/de\/#organization"},"articleSection":["Pinocchio"],"inLanguage":"de"},{"@type":"WebPage","@id":"https:\/\/aargauermuslime.ch\/de\/die-tuerkei-und-die-hiesigen-medien\/","url":"https:\/\/aargauermuslime.ch\/de\/die-tuerkei-und-die-hiesigen-medien\/","name":"Die T\u00fcrkei und die hiesigen Medien - Verband Aargauer Muslime (VAM)","isPartOf":{"@id":"https:\/\/aargauermuslime.ch\/de\/#website"},"datePublished":"2011-09-08T19:02:29+00:00","breadcrumb":{"@id":"https:\/\/aargauermuslime.ch\/de\/die-tuerkei-und-die-hiesigen-medien\/#breadcrumb"},"inLanguage":"de","potentialAction":[{"@type":"ReadAction","target":["https:\/\/aargauermuslime.ch\/de\/die-tuerkei-und-die-hiesigen-medien\/"]}]},{"@type":"BreadcrumbList","@id":"https:\/\/aargauermuslime.ch\/de\/die-tuerkei-und-die-hiesigen-medien\/#breadcrumb","itemListElement":[{"@type":"ListItem","position":1,"name":"Startseite","item":"https:\/\/aargauermuslime.ch\/de\/"},{"@type":"ListItem","position":2,"name":"Die T\u00fcrkei und die hiesigen Medien"}]},{"@type":"WebSite","@id":"https:\/\/aargauermuslime.ch\/de\/#website","url":"https:\/\/aargauermuslime.ch\/de\/","name":"Verband Aargauer Muslime (VAM)","description":"Dachverband der muslimischen Institutionen im Aargau","publisher":{"@id":"https:\/\/aargauermuslime.ch\/de\/#organization"},"potentialAction":[{"@type":"SearchAction","target":{"@type":"EntryPoint","urlTemplate":"https:\/\/aargauermuslime.ch\/de\/?s={search_term_string}"},"query-input":{"@type":"PropertyValueSpecification","valueRequired":true,"valueName":"search_term_string"}}],"inLanguage":"de"},{"@type":"Organization","@id":"https:\/\/aargauermuslime.ch\/de\/#organization","name":"Verband Aargauer Muslime","alternateName":"VAM","url":"https:\/\/aargauermuslime.ch\/de\/","logo":{"@type":"ImageObject","inLanguage":"de","@id":"https:\/\/aargauermuslime.ch\/de\/#\/schema\/logo\/image\/","url":"https:\/\/aargauermuslime.ch\/de\/wp-content\/uploads\/2019\/07\/VAM-Logo_web.jpg","contentUrl":"https:\/\/aargauermuslime.ch\/de\/wp-content\/uploads\/2019\/07\/VAM-Logo_web.jpg","width":800,"height":181,"caption":"Verband Aargauer Muslime"},"image":{"@id":"https:\/\/aargauermuslime.ch\/de\/#\/schema\/logo\/image\/"},"sameAs":["https:\/\/www.facebook.com\/groups\/aargauermuslime"]},{"@type":"Person","@id":"https:\/\/aargauermuslime.ch\/de\/#\/schema\/person\/bd503aec0cac55acbb09e0c3a583e85d","name":"Verwalter","image":{"@type":"ImageObject","inLanguage":"de","@id":"https:\/\/secure.gravatar.com\/avatar\/7fd31a7e31c089b8b010ed4da69824ebcca1bb14f0e01f1121264b0f1712c489?s=96&d=mm&r=g","url":"https:\/\/secure.gravatar.com\/avatar\/7fd31a7e31c089b8b010ed4da69824ebcca1bb14f0e01f1121264b0f1712c489?s=96&d=mm&r=g","contentUrl":"https:\/\/secure.gravatar.com\/avatar\/7fd31a7e31c089b8b010ed4da69824ebcca1bb14f0e01f1121264b0f1712c489?s=96&d=mm&r=g","caption":"Verwalter"}}]}},"_links":{"self":[{"href":"https:\/\/aargauermuslime.ch\/de\/wp-json\/wp\/v2\/posts\/130","targetHints":{"allow":["GET"]}}],"collection":[{"href":"https:\/\/aargauermuslime.ch\/de\/wp-json\/wp\/v2\/posts"}],"about":[{"href":"https:\/\/aargauermuslime.ch\/de\/wp-json\/wp\/v2\/types\/post"}],"author":[{"embeddable":true,"href":"https:\/\/aargauermuslime.ch\/de\/wp-json\/wp\/v2\/users\/2"}],"replies":[{"embeddable":true,"href":"https:\/\/aargauermuslime.ch\/de\/wp-json\/wp\/v2\/comments?post=130"}],"version-history":[{"count":0,"href":"https:\/\/aargauermuslime.ch\/de\/wp-json\/wp\/v2\/posts\/130\/revisions"}],"wp:attachment":[{"href":"https:\/\/aargauermuslime.ch\/de\/wp-json\/wp\/v2\/media?parent=130"}],"wp:term":[{"taxonomy":"category","embeddable":true,"href":"https:\/\/aargauermuslime.ch\/de\/wp-json\/wp\/v2\/categories?post=130"},{"taxonomy":"post_tag","embeddable":true,"href":"https:\/\/aargauermuslime.ch\/de\/wp-json\/wp\/v2\/tags?post=130"}],"curies":[{"name":"wp","href":"https:\/\/api.w.org\/{rel}","templated":true}]}}