{"id":132,"date":"2011-07-27T06:53:43","date_gmt":"2011-07-27T06:53:43","guid":{"rendered":"https:\/\/aargauermuslime.ch\/de\/2011\/07\/27\/terroranschlaege-in-norwegen-zuerst-werden-muslime-verdaechtigt\/"},"modified":"2011-07-27T06:53:43","modified_gmt":"2011-07-27T06:53:43","slug":"terroranschlaege-in-norwegen-zuerst-werden-muslime-verdaechtigt","status":"publish","type":"post","link":"https:\/\/aargauermuslime.ch\/de\/terroranschlaege-in-norwegen-zuerst-werden-muslime-verdaechtigt\/","title":{"rendered":"Terroranschl\u00e4ge in Norwegen: Zuerst werden Muslime verd\u00e4chtigt"},"content":{"rendered":"<p><span style=\"font-size: 10pt;\"><span style=\"font-family: verdana, geneva;\">Nach den schrecklichen Anschl\u00e4gen in Norwegen vom 22. Juli 2011 wurden wieder einmal reflexartig Muslime verd\u00e4chtigt.<\/span><\/span><\/p>\n<div style=\"text-align: left;\"> <span style=\"font-size: 10pt;\"><span style=\"font-size: 10pt;\"><span style=\"font-family: verdana, geneva;\"><br \/>So hiess es auf&nbsp;<a href=\"http:\/\/www.nzz.ch\/nachrichten\/politik\/international\/explosion_in_oslo_1.11569932.html\" target=\"_blank\" rel=\"noopener noreferrer\">NZZ online<\/a>&nbsp;noch am selben Tag:<\/span><\/span><\/span> <\/p>\n<p>\u00ab\u00dcber T\u00e4terschaft und Motiv der Tat, die von den Beh\u00f6rden als Terroranschlag bezeichnet wird, wollte die norwegische Polizei sich am Freitagabend nicht \u00e4ussern. Die Attacken k\u00f6nnten einen Zusammenhang mit dem Einsatz des Nato-Landes Norwegen in Afghanistan und in Libyen haben. Auch sind in Norwegen derzeit zwei Verd\u00e4chtige inhaftiert, die mit dem Terrornetzwerk Kaida in Verbindung gebracht werden. Ausserdem hat die Staatsanwalt unl\u00e4ngst Anklage erhoben gegen den im Irak geborenen Geistlichen Mullah Krekar, der mehrere norwegische Politiker, darunter die Chefin der Konservativen, mit dem Tod bedroht haben soll, falls er aus Norwegen abgeschoben w\u00fcrde.\u00bb<\/p>\n<p>Wie wir wissen, kam es dann aber ganz anders&#8230;<\/p>\n<p>Lesen Sie hier noch ein paar interessante Hintergrundberichte aus der Tagespresse:<\/p><\/div>\n<ul>\n<li>\n<div style=\"text-align: left;\"><span style=\"font-size: 10pt;\"><span style=\"font-family: verdana, geneva;\"><a href=\"http:\/\/www.nzz.ch\/nachrichten\/politik\/international\/woher_der_attentaeter_von_oslo_seine_ideen_holte_1.11642715.html\" target=\"_blank\" rel=\"noopener noreferrer\">Woher der Attent\u00e4ter von Oslo seine Ideen holte<\/a>, NZZ online, 26.7.2011<\/span><\/span><\/div>\n<\/li>\n<\/ul>\n<ul>\n<li>\n<div style=\"text-align: left;\"><span style=\"font-size: 10pt;\"><span style=\"font-family: verdana, geneva;\"><a href=\"http:\/\/www.tagesanzeiger.ch\/schweiz\/standard\/Der-ominoese-Counterjihad-Zurich-2010\/story\/23443537\" target=\"_blank\" rel=\"noopener noreferrer\">Der omin\u00f6se \u00abCounterjihad Zurich 2010\u00bb<\/a>, TA online, 26.7.2011<\/span><\/span><\/div>\n<\/li>\n<\/ul>\n<ul>\n<li>\n<div style=\"text-align: left;\"><span style=\"font-size: 10pt;\"><span style=\"font-family: verdana, geneva;\"><a href=\"http:\/\/tagesanzeiger.ch\/ausland\/europa\/Anschlaege-in-Europa-Es-sind-selten-Islamisten\/story\/21851445\" target=\"_blank\" rel=\"noopener noreferrer\">Anschl\u00e4ge in Europa: Es sind selten Islamisten<\/a>, TA online, 26.7.2011<br \/><\/span><\/span><\/div>\n<\/li>\n<\/ul>\n","protected":false},"excerpt":{"rendered":"<p><span style=\"font-size: 10pt;\"><span style=\"font-family: verdana, geneva;\">Nach den schrecklichen Anschl\u00e4gen in Norwegen vom 22. Juli 2011 wurden wieder einmal reflexartig Muslime verd\u00e4chtigt.<\/span><\/span><\/p>\n<div style=\"text-align: left;\">\n","protected":false},"author":2,"featured_media":0,"comment_status":"open","ping_status":"open","sticky":false,"template":"","format":"standard","meta":{"_et_pb_use_builder":"","_et_pb_old_content":"","_et_gb_content_width":"","ngg_post_thumbnail":0,"footnotes":""},"categories":[8],"tags":[],"class_list":["post-132","post","type-post","status-publish","format-standard","hentry","category-pinocchio"],"yoast_head":"<!-- This site is optimized with the Yoast SEO plugin v27.4 - https:\/\/yoast.com\/product\/yoast-seo-wordpress\/ -->\n<title>Terroranschl\u00e4ge in Norwegen: Zuerst werden Muslime verd\u00e4chtigt - Verband Aargauer Muslime (VAM)<\/title>\n<meta name=\"robots\" content=\"index, follow, max-snippet:-1, max-image-preview:large, max-video-preview:-1\" \/>\n<link rel=\"canonical\" href=\"https:\/\/aargauermuslime.ch\/de\/terroranschlaege-in-norwegen-zuerst-werden-muslime-verdaechtigt\/\" \/>\n<meta property=\"og:locale\" content=\"de_DE\" \/>\n<meta property=\"og:type\" content=\"article\" \/>\n<meta property=\"og:title\" content=\"Terroranschl\u00e4ge in Norwegen: Zuerst werden Muslime verd\u00e4chtigt - Verband Aargauer Muslime (VAM)\" \/>\n<meta property=\"og:description\" content=\"Nach den schrecklichen Anschl\u00e4gen in Norwegen vom 22. Juli 2011 wurden wieder einmal reflexartig Muslime verd\u00e4chtigt.\" \/>\n<meta property=\"og:url\" content=\"https:\/\/aargauermuslime.ch\/de\/terroranschlaege-in-norwegen-zuerst-werden-muslime-verdaechtigt\/\" \/>\n<meta property=\"og:site_name\" content=\"Verband Aargauer Muslime (VAM)\" \/>\n<meta property=\"article:publisher\" content=\"https:\/\/www.facebook.com\/groups\/aargauermuslime\" \/>\n<meta property=\"article:published_time\" content=\"2011-07-27T06:53:43+00:00\" \/>\n<meta name=\"author\" content=\"Verwalter\" \/>\n<meta name=\"twitter:card\" content=\"summary_large_image\" \/>\n<meta name=\"twitter:label1\" content=\"Verfasst von\" \/>\n\t<meta name=\"twitter:data1\" content=\"Verwalter\" \/>\n\t<meta name=\"twitter:label2\" content=\"Gesch\u00e4tzte Lesezeit\" \/>\n\t<meta name=\"twitter:data2\" content=\"1\u00a0Minute\" \/>\n<script type=\"application\/ld+json\" class=\"yoast-schema-graph\">{\"@context\":\"https:\\\/\\\/schema.org\",\"@graph\":[{\"@type\":\"Article\",\"@id\":\"https:\\\/\\\/aargauermuslime.ch\\\/de\\\/terroranschlaege-in-norwegen-zuerst-werden-muslime-verdaechtigt\\\/#article\",\"isPartOf\":{\"@id\":\"https:\\\/\\\/aargauermuslime.ch\\\/de\\\/terroranschlaege-in-norwegen-zuerst-werden-muslime-verdaechtigt\\\/\"},\"author\":{\"name\":\"Verwalter\",\"@id\":\"https:\\\/\\\/aargauermuslime.ch\\\/de\\\/#\\\/schema\\\/person\\\/bd503aec0cac55acbb09e0c3a583e85d\"},\"headline\":\"Terroranschl\u00e4ge in Norwegen: Zuerst werden Muslime verd\u00e4chtigt\",\"datePublished\":\"2011-07-27T06:53:43+00:00\",\"mainEntityOfPage\":{\"@id\":\"https:\\\/\\\/aargauermuslime.ch\\\/de\\\/terroranschlaege-in-norwegen-zuerst-werden-muslime-verdaechtigt\\\/\"},\"wordCount\":184,\"commentCount\":0,\"publisher\":{\"@id\":\"https:\\\/\\\/aargauermuslime.ch\\\/de\\\/#organization\"},\"articleSection\":[\"Pinocchio\"],\"inLanguage\":\"de\"},{\"@type\":\"WebPage\",\"@id\":\"https:\\\/\\\/aargauermuslime.ch\\\/de\\\/terroranschlaege-in-norwegen-zuerst-werden-muslime-verdaechtigt\\\/\",\"url\":\"https:\\\/\\\/aargauermuslime.ch\\\/de\\\/terroranschlaege-in-norwegen-zuerst-werden-muslime-verdaechtigt\\\/\",\"name\":\"Terroranschl\u00e4ge in Norwegen: Zuerst werden Muslime verd\u00e4chtigt - Verband Aargauer Muslime (VAM)\",\"isPartOf\":{\"@id\":\"https:\\\/\\\/aargauermuslime.ch\\\/de\\\/#website\"},\"datePublished\":\"2011-07-27T06:53:43+00:00\",\"breadcrumb\":{\"@id\":\"https:\\\/\\\/aargauermuslime.ch\\\/de\\\/terroranschlaege-in-norwegen-zuerst-werden-muslime-verdaechtigt\\\/#breadcrumb\"},\"inLanguage\":\"de\",\"potentialAction\":[{\"@type\":\"ReadAction\",\"target\":[\"https:\\\/\\\/aargauermuslime.ch\\\/de\\\/terroranschlaege-in-norwegen-zuerst-werden-muslime-verdaechtigt\\\/\"]}]},{\"@type\":\"BreadcrumbList\",\"@id\":\"https:\\\/\\\/aargauermuslime.ch\\\/de\\\/terroranschlaege-in-norwegen-zuerst-werden-muslime-verdaechtigt\\\/#breadcrumb\",\"itemListElement\":[{\"@type\":\"ListItem\",\"position\":1,\"name\":\"Startseite\",\"item\":\"https:\\\/\\\/aargauermuslime.ch\\\/de\\\/\"},{\"@type\":\"ListItem\",\"position\":2,\"name\":\"Terroranschl\u00e4ge in Norwegen: Zuerst werden Muslime verd\u00e4chtigt\"}]},{\"@type\":\"WebSite\",\"@id\":\"https:\\\/\\\/aargauermuslime.ch\\\/de\\\/#website\",\"url\":\"https:\\\/\\\/aargauermuslime.ch\\\/de\\\/\",\"name\":\"Verband Aargauer Muslime (VAM)\",\"description\":\"Dachverband der muslimischen Institutionen im Aargau\",\"publisher\":{\"@id\":\"https:\\\/\\\/aargauermuslime.ch\\\/de\\\/#organization\"},\"potentialAction\":[{\"@type\":\"SearchAction\",\"target\":{\"@type\":\"EntryPoint\",\"urlTemplate\":\"https:\\\/\\\/aargauermuslime.ch\\\/de\\\/?s={search_term_string}\"},\"query-input\":{\"@type\":\"PropertyValueSpecification\",\"valueRequired\":true,\"valueName\":\"search_term_string\"}}],\"inLanguage\":\"de\"},{\"@type\":\"Organization\",\"@id\":\"https:\\\/\\\/aargauermuslime.ch\\\/de\\\/#organization\",\"name\":\"Verband Aargauer Muslime\",\"alternateName\":\"VAM\",\"url\":\"https:\\\/\\\/aargauermuslime.ch\\\/de\\\/\",\"logo\":{\"@type\":\"ImageObject\",\"inLanguage\":\"de\",\"@id\":\"https:\\\/\\\/aargauermuslime.ch\\\/de\\\/#\\\/schema\\\/logo\\\/image\\\/\",\"url\":\"https:\\\/\\\/aargauermuslime.ch\\\/de\\\/wp-content\\\/uploads\\\/2019\\\/07\\\/VAM-Logo_web.jpg\",\"contentUrl\":\"https:\\\/\\\/aargauermuslime.ch\\\/de\\\/wp-content\\\/uploads\\\/2019\\\/07\\\/VAM-Logo_web.jpg\",\"width\":800,\"height\":181,\"caption\":\"Verband Aargauer Muslime\"},\"image\":{\"@id\":\"https:\\\/\\\/aargauermuslime.ch\\\/de\\\/#\\\/schema\\\/logo\\\/image\\\/\"},\"sameAs\":[\"https:\\\/\\\/www.facebook.com\\\/groups\\\/aargauermuslime\"]},{\"@type\":\"Person\",\"@id\":\"https:\\\/\\\/aargauermuslime.ch\\\/de\\\/#\\\/schema\\\/person\\\/bd503aec0cac55acbb09e0c3a583e85d\",\"name\":\"Verwalter\",\"image\":{\"@type\":\"ImageObject\",\"inLanguage\":\"de\",\"@id\":\"https:\\\/\\\/secure.gravatar.com\\\/avatar\\\/7fd31a7e31c089b8b010ed4da69824ebcca1bb14f0e01f1121264b0f1712c489?s=96&d=mm&r=g\",\"url\":\"https:\\\/\\\/secure.gravatar.com\\\/avatar\\\/7fd31a7e31c089b8b010ed4da69824ebcca1bb14f0e01f1121264b0f1712c489?s=96&d=mm&r=g\",\"contentUrl\":\"https:\\\/\\\/secure.gravatar.com\\\/avatar\\\/7fd31a7e31c089b8b010ed4da69824ebcca1bb14f0e01f1121264b0f1712c489?s=96&d=mm&r=g\",\"caption\":\"Verwalter\"}}]}<\/script>\n<!-- \/ Yoast SEO plugin. -->","yoast_head_json":{"title":"Terroranschl\u00e4ge in Norwegen: Zuerst werden Muslime verd\u00e4chtigt - Verband Aargauer Muslime (VAM)","robots":{"index":"index","follow":"follow","max-snippet":"max-snippet:-1","max-image-preview":"max-image-preview:large","max-video-preview":"max-video-preview:-1"},"canonical":"https:\/\/aargauermuslime.ch\/de\/terroranschlaege-in-norwegen-zuerst-werden-muslime-verdaechtigt\/","og_locale":"de_DE","og_type":"article","og_title":"Terroranschl\u00e4ge in Norwegen: Zuerst werden Muslime verd\u00e4chtigt - Verband Aargauer Muslime (VAM)","og_description":"Nach den schrecklichen Anschl\u00e4gen in Norwegen vom 22. Juli 2011 wurden wieder einmal reflexartig Muslime verd\u00e4chtigt.","og_url":"https:\/\/aargauermuslime.ch\/de\/terroranschlaege-in-norwegen-zuerst-werden-muslime-verdaechtigt\/","og_site_name":"Verband Aargauer Muslime (VAM)","article_publisher":"https:\/\/www.facebook.com\/groups\/aargauermuslime","article_published_time":"2011-07-27T06:53:43+00:00","author":"Verwalter","twitter_card":"summary_large_image","twitter_misc":{"Verfasst von":"Verwalter","Gesch\u00e4tzte Lesezeit":"1\u00a0Minute"},"schema":{"@context":"https:\/\/schema.org","@graph":[{"@type":"Article","@id":"https:\/\/aargauermuslime.ch\/de\/terroranschlaege-in-norwegen-zuerst-werden-muslime-verdaechtigt\/#article","isPartOf":{"@id":"https:\/\/aargauermuslime.ch\/de\/terroranschlaege-in-norwegen-zuerst-werden-muslime-verdaechtigt\/"},"author":{"name":"Verwalter","@id":"https:\/\/aargauermuslime.ch\/de\/#\/schema\/person\/bd503aec0cac55acbb09e0c3a583e85d"},"headline":"Terroranschl\u00e4ge in Norwegen: Zuerst werden Muslime verd\u00e4chtigt","datePublished":"2011-07-27T06:53:43+00:00","mainEntityOfPage":{"@id":"https:\/\/aargauermuslime.ch\/de\/terroranschlaege-in-norwegen-zuerst-werden-muslime-verdaechtigt\/"},"wordCount":184,"commentCount":0,"publisher":{"@id":"https:\/\/aargauermuslime.ch\/de\/#organization"},"articleSection":["Pinocchio"],"inLanguage":"de"},{"@type":"WebPage","@id":"https:\/\/aargauermuslime.ch\/de\/terroranschlaege-in-norwegen-zuerst-werden-muslime-verdaechtigt\/","url":"https:\/\/aargauermuslime.ch\/de\/terroranschlaege-in-norwegen-zuerst-werden-muslime-verdaechtigt\/","name":"Terroranschl\u00e4ge in Norwegen: Zuerst werden Muslime verd\u00e4chtigt - Verband Aargauer Muslime (VAM)","isPartOf":{"@id":"https:\/\/aargauermuslime.ch\/de\/#website"},"datePublished":"2011-07-27T06:53:43+00:00","breadcrumb":{"@id":"https:\/\/aargauermuslime.ch\/de\/terroranschlaege-in-norwegen-zuerst-werden-muslime-verdaechtigt\/#breadcrumb"},"inLanguage":"de","potentialAction":[{"@type":"ReadAction","target":["https:\/\/aargauermuslime.ch\/de\/terroranschlaege-in-norwegen-zuerst-werden-muslime-verdaechtigt\/"]}]},{"@type":"BreadcrumbList","@id":"https:\/\/aargauermuslime.ch\/de\/terroranschlaege-in-norwegen-zuerst-werden-muslime-verdaechtigt\/#breadcrumb","itemListElement":[{"@type":"ListItem","position":1,"name":"Startseite","item":"https:\/\/aargauermuslime.ch\/de\/"},{"@type":"ListItem","position":2,"name":"Terroranschl\u00e4ge in Norwegen: Zuerst werden Muslime verd\u00e4chtigt"}]},{"@type":"WebSite","@id":"https:\/\/aargauermuslime.ch\/de\/#website","url":"https:\/\/aargauermuslime.ch\/de\/","name":"Verband Aargauer Muslime (VAM)","description":"Dachverband der muslimischen Institutionen im Aargau","publisher":{"@id":"https:\/\/aargauermuslime.ch\/de\/#organization"},"potentialAction":[{"@type":"SearchAction","target":{"@type":"EntryPoint","urlTemplate":"https:\/\/aargauermuslime.ch\/de\/?s={search_term_string}"},"query-input":{"@type":"PropertyValueSpecification","valueRequired":true,"valueName":"search_term_string"}}],"inLanguage":"de"},{"@type":"Organization","@id":"https:\/\/aargauermuslime.ch\/de\/#organization","name":"Verband Aargauer Muslime","alternateName":"VAM","url":"https:\/\/aargauermuslime.ch\/de\/","logo":{"@type":"ImageObject","inLanguage":"de","@id":"https:\/\/aargauermuslime.ch\/de\/#\/schema\/logo\/image\/","url":"https:\/\/aargauermuslime.ch\/de\/wp-content\/uploads\/2019\/07\/VAM-Logo_web.jpg","contentUrl":"https:\/\/aargauermuslime.ch\/de\/wp-content\/uploads\/2019\/07\/VAM-Logo_web.jpg","width":800,"height":181,"caption":"Verband Aargauer Muslime"},"image":{"@id":"https:\/\/aargauermuslime.ch\/de\/#\/schema\/logo\/image\/"},"sameAs":["https:\/\/www.facebook.com\/groups\/aargauermuslime"]},{"@type":"Person","@id":"https:\/\/aargauermuslime.ch\/de\/#\/schema\/person\/bd503aec0cac55acbb09e0c3a583e85d","name":"Verwalter","image":{"@type":"ImageObject","inLanguage":"de","@id":"https:\/\/secure.gravatar.com\/avatar\/7fd31a7e31c089b8b010ed4da69824ebcca1bb14f0e01f1121264b0f1712c489?s=96&d=mm&r=g","url":"https:\/\/secure.gravatar.com\/avatar\/7fd31a7e31c089b8b010ed4da69824ebcca1bb14f0e01f1121264b0f1712c489?s=96&d=mm&r=g","contentUrl":"https:\/\/secure.gravatar.com\/avatar\/7fd31a7e31c089b8b010ed4da69824ebcca1bb14f0e01f1121264b0f1712c489?s=96&d=mm&r=g","caption":"Verwalter"}}]}},"_links":{"self":[{"href":"https:\/\/aargauermuslime.ch\/de\/wp-json\/wp\/v2\/posts\/132","targetHints":{"allow":["GET"]}}],"collection":[{"href":"https:\/\/aargauermuslime.ch\/de\/wp-json\/wp\/v2\/posts"}],"about":[{"href":"https:\/\/aargauermuslime.ch\/de\/wp-json\/wp\/v2\/types\/post"}],"author":[{"embeddable":true,"href":"https:\/\/aargauermuslime.ch\/de\/wp-json\/wp\/v2\/users\/2"}],"replies":[{"embeddable":true,"href":"https:\/\/aargauermuslime.ch\/de\/wp-json\/wp\/v2\/comments?post=132"}],"version-history":[{"count":0,"href":"https:\/\/aargauermuslime.ch\/de\/wp-json\/wp\/v2\/posts\/132\/revisions"}],"wp:attachment":[{"href":"https:\/\/aargauermuslime.ch\/de\/wp-json\/wp\/v2\/media?parent=132"}],"wp:term":[{"taxonomy":"category","embeddable":true,"href":"https:\/\/aargauermuslime.ch\/de\/wp-json\/wp\/v2\/categories?post=132"},{"taxonomy":"post_tag","embeddable":true,"href":"https:\/\/aargauermuslime.ch\/de\/wp-json\/wp\/v2\/tags?post=132"}],"curies":[{"name":"wp","href":"https:\/\/api.w.org\/{rel}","templated":true}]}}