{"id":149,"date":"2012-01-23T08:39:47","date_gmt":"2012-01-23T08:39:47","guid":{"rendered":"https:\/\/aargauermuslime.ch\/de\/2012\/01\/23\/der-hammer-moscheen-sollen-asylbewerber-aufnehmen\/"},"modified":"2012-01-23T08:39:47","modified_gmt":"2012-01-23T08:39:47","slug":"der-hammer-moscheen-sollen-asylbewerber-aufnehmen","status":"publish","type":"post","link":"https:\/\/aargauermuslime.ch\/de\/der-hammer-moscheen-sollen-asylbewerber-aufnehmen\/","title":{"rendered":"Der Hammer: Moscheen sollen Asylbewerber aufnehmen"},"content":{"rendered":"<p><span style=\"font-size: 10pt;\"><span style=\"font-family: verdana,geneva;\">Diesen unglaublichen Vorschlag machte der Aargauer SD-Grossrat Ren\u00e9 Kunz aus Reinach.<\/span><\/span><\/p>\n<p>Es ist kaum zu fasssen: Privat finanzierte und ehrenamtlich betriebene Moscheen ohne angestelltes Personal und geeignete Infrastruktur sollen Asylbewerber aufnehmen und damit die Aufgaben \u00fcbernehmen, die Staat und \u00f6ffentlich-rechtliche Institutionen nicht mehr erf\u00fcllen wollen oder k\u00f6nnen? Vermutlich hat Kunz noch nie eine Moschee von innen gesehen.<\/p>\n<p>Das muss man erst mal verdauen: Ausgerechnet der Initiant der Standesinitiative f\u00fcr ein Burkaverbot, Ren\u00e9 Kunz, macht diesen Vorschlag. Er meint dabei gerade die Moscheen, die, vermutlich auch mit seinem Segen, keine Minarette bauen d\u00fcrfen! Von einer \u00f6ffentlich-rechtlichen Anerkennung des Islam ganz zu schweigen. Keine Moschee kann daher im entferntesten mit einer Landeskirche verglichen werden.<\/p>\n<p><span style=\"font-size: 10pt;\"><span style=\"font-family: verdana,geneva;\"><\/span><\/span><\/p>\n<p><span style=\"font-size: 10pt;\"><span style=\"font-family: verdana,geneva;\">Auf AZ online wurde am 18. Januar 2012 folgender Beitrag publiziert:<br \/><\/span><\/span><\/p>\n<p><span style=\"font-size: 10pt;\"><span style=\"font-family: verdana,geneva;\"><br \/><em>*** Zitatbeginn ***<\/em><\/span><\/span><\/p>\n<p><span style=\"font-size: 10pt;\"><span style=\"font-family: verdana,geneva;\"><em>&nbsp;<\/em><\/span><\/span><\/p>\n<p><span style=\"font-size: 10pt;\"><span style=\"font-family: verdana,geneva;\">Wohin mit den 1472 Asylbewerbern? H\u00e4nderingend sucht der Kanton Aargau nach neuen Unterbringungsm\u00f6glichkeiten f\u00fcr die Asylsuchende. Ein SD-Grossrat hat nun einen aussergew\u00f6hnlichen Vorschlag.<\/span><\/span><\/p>\n<div>\n<p><span style=\"font-size: 10pt;\"><span style=\"font-family: verdana,geneva;\">Vor acht Tagen, am 9. Januar 2012, schickten die Reformierte und die Katholische Landeskirchen ihren Kirchengemeinden einen Brief, in welchem der Kirchenrat die Kirchpflegen um Pr\u00fcfung bittet, ob es in ihren Gemeinden geeignete M\u00f6glichkeiten f\u00fcr die kurz &#8211; oder langfristige Unterbringen von Asylsuchenden bestehen. Dabei geht es um \u00abtempor\u00e4re Nutzung leerstehender Liegenschaften oder Wohnungen f\u00fcr 5 bis 10 Personen\u00bb, wie es im Brief heisst.<\/span><\/span><\/p>\n<p><span style=\"font-size: 10pt;\"><span style=\"font-family: verdana,geneva;\">Nun berichtet das Regionaljournal DRS in seiner Ausgabe vom Dienstagmorgen, die R\u00fcckmeldungen seien wenig ergiebig. Laut Frank Worbs, Sprecher der Reformierten Landeskirche Aargau, stimme das so nicht. Der Zeitpunkt sei zu fr\u00fch, um Vorschl\u00e4ge zu kommunizieren. Damit sei fr\u00fchestens in vier Wochen zu rechnen. Das Tagungszentrum R\u00fcgel in Seengen sei zwar in Betracht gezogen worden, komme aber nicht in Frage, weil es immer wieder durch Tagungen belegt sei.<\/span><\/span><\/p>\n<p><span style=\"font-size: 10pt;\"><span style=\"font-family: verdana,geneva;\">Doch wohin mit den 1472 Asylbewerber, die voraussichtlich im Kanton Aargau aufgenommen werden m\u00fcssen (soviel waren es 2011)? Das Departement Gesundheit und Soziales pr\u00fcft gegenw\u00e4rtig ein halbes Dutzend Standorte. So k\u00f6nnte \u00abeine dreistellige Zahl\u00bb Asylbewerbern aufgenommen werden, sagte Balz Bruder der Zeitung \u00abDer Sonntag\u00bb. Eine L\u00f6sung w\u00e4ren dezentrale Sammelunterk\u00fcnfte f\u00fcr Asylbewerber.<\/span><\/span><\/p>\n<p><span style=\"font-size: 10pt;\"><span style=\"font-family: verdana,geneva;\"><strong>Vorschlag von Ren\u00e9 Kunz<\/strong><\/span><\/span><\/p>\n<p><span style=\"font-size: 10pt;\"><span style=\"font-family: verdana,geneva;\">Dieser Meinung ist auch der Aargauer Grossrat Ren\u00e9 Kunz (SD) aus Reinach. Kunz &#8211; legend\u00e4r seine Standesinitiative f\u00fcr ein Burkaverbot &#8211; fordert grosse \u00abSammellager\u00bb an der Grenze f\u00fcr schnellere Abwicklungsszenarien. Und entwickelte einen Vorschlag: \u00abDa in den letzten Monaten vor allem Asylsuchende aus muslimischen L\u00e4ndern in die Schweiz eingereist sind &#8211; und noch einreisen werden &#8211; sollten die hier ans\u00e4ssigen Glaubensbr\u00fcder f\u00fcr deren Beherbergung R\u00e4umlichkeiten zur Verf\u00fcgung stellen\u00bb, fordert Ren\u00e9 Kunz.<\/span><\/span><\/p>\n<p><span style=\"font-size: 10pt;\"><span style=\"font-family: verdana,geneva;\">Die vier existierenden Moscheen in Z\u00fcrich, Winterthur, Genf und Wangen bei Olten w\u00e4ren also in die Pflicht genommen, ginge es nach Kunz. Seine Forderung sei unabh\u00e4ngig von Bettwil entstanden, auch wenn er den Aufstand gegen der Bettwiler stets begr\u00fcsst hat. Schon kurz nach Bekanntgabe nannte Kunz das Vorhaben, 140 Asylbewerber in einer Gemeinde mit rund 550 Einwohnern zu platzieren, einen \u00abVerh\u00e4ltnisbl\u00f6dsinn\u00bb.<\/span><\/span><\/p>\n<p><span style=\"font-size: 10pt;\"><span style=\"font-family: verdana,geneva;\"><strong>Die Schweiz, ein Einwanderungsland<\/strong><\/span><\/span><\/p>\n<p><span style=\"font-size: 10pt;\"><span style=\"font-family: verdana,geneva;\">Vergessen geht in der gegenw\u00e4rtigen Diskussion um Asylunterk\u00fcnfte und den Themen zur Migration, dass die Schweiz historisch gesehen schon immer ein Einwanderungsland gewesen ist. Leo Schelbert, emeritierter Professor f\u00fcr amerikanische Geschichte an der Universit\u00e4t Illinois\/USA und Schweizer aus Kaltbrunn SG, hat dazu zahlreiche Untersuchungen gemacht.<\/span><\/span><\/p>\n<p> <span style=\"font-size: 10pt;\"><span style=\"font-family: verdana,geneva;\"> <\/span><\/span> <\/p>\n<p><span style=\"font-size: 10pt;\"><span style=\"font-family: verdana,geneva;\">Der Migrationsexperte sagt:&nbsp; \u00abDas Verh\u00e4ltnis zwischen der einheimischen und der im Ausland geborenen Bev\u00f6lkerung zeigt, dass die Immigration in der Schweiz viel st\u00e4rker war als in den USA. Zwischen 1870 und 1914 wanderten 410 000 Schweizer aus und 409 000 Ausl\u00e4nder liessen sich in der Schweiz nieder. 1920 hatte die Schweiz ein F\u00fcnftel Fremdgeborene im Land.\u00bb<\/span><\/span><\/p>\n<p><span style=\"font-size: 10pt;\"><span style=\"font-family: verdana,geneva;\"><\/span><\/span><\/p>\n<p><em><span style=\"font-size: 10pt;\"><span style=\"font-family: verdana,geneva;\">*** Zitatende ***<\/span><\/span><\/em><\/p><\/div>\n<p>&nbsp;<\/p>\n<p><span style=\"font-size: 10pt;\"><span style=\"font-family: verdana,geneva;\">Erschreckend ist auch, dass gem\u00e4ss der Online-Abstimmung 73% der Leserschaft der Meinung ist, das sei ein guter Vorschlag (Stand 23. Januar 2012).<\/span><\/span><\/p>\n<p>&nbsp;<\/p>\n<p><span style=\"font-size: 10pt;\"><span style=\"font-family: verdana,geneva;\">Viele Musliminnen und Muslime sind es langsam leid, st\u00e4ndig mit F\u00fcssen getreten zu werden. Unqualifizierte und mit den Betroffenen in keinster Weise abgesprochene Vorst\u00f6sse wie jener von SD-Grossrat Ren\u00e9 Kunz sind diesbez\u00fcglich alles andere als dienlich.<\/span><\/span><\/p>\n","protected":false},"excerpt":{"rendered":"<p><span style=\"font-size: 10pt;\"><span style=\"font-family: verdana,geneva;\">Diesen unglaublichen Vorschlag machte der Aargauer SD-Grossrat Ren\u00e9 Kunz aus Reinach.<\/span><\/span><\/p>\n","protected":false},"author":2,"featured_media":0,"comment_status":"open","ping_status":"open","sticky":false,"template":"","format":"standard","meta":{"_et_pb_use_builder":"","_et_pb_old_content":"","_et_gb_content_width":"","ngg_post_thumbnail":0,"footnotes":""},"categories":[8],"tags":[],"class_list":["post-149","post","type-post","status-publish","format-standard","hentry","category-pinocchio"],"yoast_head":"<!-- This site is optimized with the Yoast SEO plugin v27.4 - https:\/\/yoast.com\/product\/yoast-seo-wordpress\/ -->\n<title>Der Hammer: Moscheen sollen Asylbewerber aufnehmen - Verband Aargauer Muslime (VAM)<\/title>\n<meta name=\"robots\" content=\"index, follow, max-snippet:-1, max-image-preview:large, max-video-preview:-1\" \/>\n<link rel=\"canonical\" href=\"https:\/\/aargauermuslime.ch\/de\/der-hammer-moscheen-sollen-asylbewerber-aufnehmen\/\" \/>\n<meta property=\"og:locale\" content=\"de_DE\" \/>\n<meta property=\"og:type\" content=\"article\" \/>\n<meta property=\"og:title\" content=\"Der Hammer: Moscheen sollen Asylbewerber aufnehmen - Verband Aargauer Muslime (VAM)\" \/>\n<meta property=\"og:description\" content=\"Diesen unglaublichen Vorschlag machte der Aargauer SD-Grossrat Ren\u00e9 Kunz aus Reinach.\" \/>\n<meta property=\"og:url\" content=\"https:\/\/aargauermuslime.ch\/de\/der-hammer-moscheen-sollen-asylbewerber-aufnehmen\/\" \/>\n<meta property=\"og:site_name\" content=\"Verband Aargauer Muslime (VAM)\" \/>\n<meta property=\"article:publisher\" content=\"https:\/\/www.facebook.com\/groups\/aargauermuslime\" \/>\n<meta property=\"article:published_time\" content=\"2012-01-23T08:39:47+00:00\" \/>\n<meta name=\"author\" content=\"Verwalter\" \/>\n<meta name=\"twitter:card\" content=\"summary_large_image\" \/>\n<meta name=\"twitter:label1\" content=\"Verfasst von\" \/>\n\t<meta name=\"twitter:data1\" content=\"Verwalter\" \/>\n\t<meta name=\"twitter:label2\" content=\"Gesch\u00e4tzte Lesezeit\" \/>\n\t<meta name=\"twitter:data2\" content=\"3\u00a0Minuten\" \/>\n<script type=\"application\/ld+json\" class=\"yoast-schema-graph\">{\"@context\":\"https:\\\/\\\/schema.org\",\"@graph\":[{\"@type\":\"Article\",\"@id\":\"https:\\\/\\\/aargauermuslime.ch\\\/de\\\/der-hammer-moscheen-sollen-asylbewerber-aufnehmen\\\/#article\",\"isPartOf\":{\"@id\":\"https:\\\/\\\/aargauermuslime.ch\\\/de\\\/der-hammer-moscheen-sollen-asylbewerber-aufnehmen\\\/\"},\"author\":{\"name\":\"Verwalter\",\"@id\":\"https:\\\/\\\/aargauermuslime.ch\\\/de\\\/#\\\/schema\\\/person\\\/bd503aec0cac55acbb09e0c3a583e85d\"},\"headline\":\"Der Hammer: Moscheen sollen Asylbewerber aufnehmen\",\"datePublished\":\"2012-01-23T08:39:47+00:00\",\"mainEntityOfPage\":{\"@id\":\"https:\\\/\\\/aargauermuslime.ch\\\/de\\\/der-hammer-moscheen-sollen-asylbewerber-aufnehmen\\\/\"},\"wordCount\":675,\"commentCount\":0,\"publisher\":{\"@id\":\"https:\\\/\\\/aargauermuslime.ch\\\/de\\\/#organization\"},\"articleSection\":[\"Pinocchio\"],\"inLanguage\":\"de\"},{\"@type\":\"WebPage\",\"@id\":\"https:\\\/\\\/aargauermuslime.ch\\\/de\\\/der-hammer-moscheen-sollen-asylbewerber-aufnehmen\\\/\",\"url\":\"https:\\\/\\\/aargauermuslime.ch\\\/de\\\/der-hammer-moscheen-sollen-asylbewerber-aufnehmen\\\/\",\"name\":\"Der Hammer: Moscheen sollen Asylbewerber aufnehmen - Verband Aargauer Muslime (VAM)\",\"isPartOf\":{\"@id\":\"https:\\\/\\\/aargauermuslime.ch\\\/de\\\/#website\"},\"datePublished\":\"2012-01-23T08:39:47+00:00\",\"breadcrumb\":{\"@id\":\"https:\\\/\\\/aargauermuslime.ch\\\/de\\\/der-hammer-moscheen-sollen-asylbewerber-aufnehmen\\\/#breadcrumb\"},\"inLanguage\":\"de\",\"potentialAction\":[{\"@type\":\"ReadAction\",\"target\":[\"https:\\\/\\\/aargauermuslime.ch\\\/de\\\/der-hammer-moscheen-sollen-asylbewerber-aufnehmen\\\/\"]}]},{\"@type\":\"BreadcrumbList\",\"@id\":\"https:\\\/\\\/aargauermuslime.ch\\\/de\\\/der-hammer-moscheen-sollen-asylbewerber-aufnehmen\\\/#breadcrumb\",\"itemListElement\":[{\"@type\":\"ListItem\",\"position\":1,\"name\":\"Startseite\",\"item\":\"https:\\\/\\\/aargauermuslime.ch\\\/de\\\/\"},{\"@type\":\"ListItem\",\"position\":2,\"name\":\"Der Hammer: Moscheen sollen Asylbewerber aufnehmen\"}]},{\"@type\":\"WebSite\",\"@id\":\"https:\\\/\\\/aargauermuslime.ch\\\/de\\\/#website\",\"url\":\"https:\\\/\\\/aargauermuslime.ch\\\/de\\\/\",\"name\":\"Verband Aargauer Muslime (VAM)\",\"description\":\"Dachverband der muslimischen Institutionen im Aargau\",\"publisher\":{\"@id\":\"https:\\\/\\\/aargauermuslime.ch\\\/de\\\/#organization\"},\"potentialAction\":[{\"@type\":\"SearchAction\",\"target\":{\"@type\":\"EntryPoint\",\"urlTemplate\":\"https:\\\/\\\/aargauermuslime.ch\\\/de\\\/?s={search_term_string}\"},\"query-input\":{\"@type\":\"PropertyValueSpecification\",\"valueRequired\":true,\"valueName\":\"search_term_string\"}}],\"inLanguage\":\"de\"},{\"@type\":\"Organization\",\"@id\":\"https:\\\/\\\/aargauermuslime.ch\\\/de\\\/#organization\",\"name\":\"Verband Aargauer Muslime\",\"alternateName\":\"VAM\",\"url\":\"https:\\\/\\\/aargauermuslime.ch\\\/de\\\/\",\"logo\":{\"@type\":\"ImageObject\",\"inLanguage\":\"de\",\"@id\":\"https:\\\/\\\/aargauermuslime.ch\\\/de\\\/#\\\/schema\\\/logo\\\/image\\\/\",\"url\":\"https:\\\/\\\/aargauermuslime.ch\\\/de\\\/wp-content\\\/uploads\\\/2019\\\/07\\\/VAM-Logo_web.jpg\",\"contentUrl\":\"https:\\\/\\\/aargauermuslime.ch\\\/de\\\/wp-content\\\/uploads\\\/2019\\\/07\\\/VAM-Logo_web.jpg\",\"width\":800,\"height\":181,\"caption\":\"Verband Aargauer Muslime\"},\"image\":{\"@id\":\"https:\\\/\\\/aargauermuslime.ch\\\/de\\\/#\\\/schema\\\/logo\\\/image\\\/\"},\"sameAs\":[\"https:\\\/\\\/www.facebook.com\\\/groups\\\/aargauermuslime\"]},{\"@type\":\"Person\",\"@id\":\"https:\\\/\\\/aargauermuslime.ch\\\/de\\\/#\\\/schema\\\/person\\\/bd503aec0cac55acbb09e0c3a583e85d\",\"name\":\"Verwalter\",\"image\":{\"@type\":\"ImageObject\",\"inLanguage\":\"de\",\"@id\":\"https:\\\/\\\/secure.gravatar.com\\\/avatar\\\/7fd31a7e31c089b8b010ed4da69824ebcca1bb14f0e01f1121264b0f1712c489?s=96&d=mm&r=g\",\"url\":\"https:\\\/\\\/secure.gravatar.com\\\/avatar\\\/7fd31a7e31c089b8b010ed4da69824ebcca1bb14f0e01f1121264b0f1712c489?s=96&d=mm&r=g\",\"contentUrl\":\"https:\\\/\\\/secure.gravatar.com\\\/avatar\\\/7fd31a7e31c089b8b010ed4da69824ebcca1bb14f0e01f1121264b0f1712c489?s=96&d=mm&r=g\",\"caption\":\"Verwalter\"}}]}<\/script>\n<!-- \/ Yoast SEO plugin. -->","yoast_head_json":{"title":"Der Hammer: Moscheen sollen Asylbewerber aufnehmen - Verband Aargauer Muslime (VAM)","robots":{"index":"index","follow":"follow","max-snippet":"max-snippet:-1","max-image-preview":"max-image-preview:large","max-video-preview":"max-video-preview:-1"},"canonical":"https:\/\/aargauermuslime.ch\/de\/der-hammer-moscheen-sollen-asylbewerber-aufnehmen\/","og_locale":"de_DE","og_type":"article","og_title":"Der Hammer: Moscheen sollen Asylbewerber aufnehmen - Verband Aargauer Muslime (VAM)","og_description":"Diesen unglaublichen Vorschlag machte der Aargauer SD-Grossrat Ren\u00e9 Kunz aus Reinach.","og_url":"https:\/\/aargauermuslime.ch\/de\/der-hammer-moscheen-sollen-asylbewerber-aufnehmen\/","og_site_name":"Verband Aargauer Muslime (VAM)","article_publisher":"https:\/\/www.facebook.com\/groups\/aargauermuslime","article_published_time":"2012-01-23T08:39:47+00:00","author":"Verwalter","twitter_card":"summary_large_image","twitter_misc":{"Verfasst von":"Verwalter","Gesch\u00e4tzte Lesezeit":"3\u00a0Minuten"},"schema":{"@context":"https:\/\/schema.org","@graph":[{"@type":"Article","@id":"https:\/\/aargauermuslime.ch\/de\/der-hammer-moscheen-sollen-asylbewerber-aufnehmen\/#article","isPartOf":{"@id":"https:\/\/aargauermuslime.ch\/de\/der-hammer-moscheen-sollen-asylbewerber-aufnehmen\/"},"author":{"name":"Verwalter","@id":"https:\/\/aargauermuslime.ch\/de\/#\/schema\/person\/bd503aec0cac55acbb09e0c3a583e85d"},"headline":"Der Hammer: Moscheen sollen Asylbewerber aufnehmen","datePublished":"2012-01-23T08:39:47+00:00","mainEntityOfPage":{"@id":"https:\/\/aargauermuslime.ch\/de\/der-hammer-moscheen-sollen-asylbewerber-aufnehmen\/"},"wordCount":675,"commentCount":0,"publisher":{"@id":"https:\/\/aargauermuslime.ch\/de\/#organization"},"articleSection":["Pinocchio"],"inLanguage":"de"},{"@type":"WebPage","@id":"https:\/\/aargauermuslime.ch\/de\/der-hammer-moscheen-sollen-asylbewerber-aufnehmen\/","url":"https:\/\/aargauermuslime.ch\/de\/der-hammer-moscheen-sollen-asylbewerber-aufnehmen\/","name":"Der Hammer: Moscheen sollen Asylbewerber aufnehmen - Verband Aargauer Muslime (VAM)","isPartOf":{"@id":"https:\/\/aargauermuslime.ch\/de\/#website"},"datePublished":"2012-01-23T08:39:47+00:00","breadcrumb":{"@id":"https:\/\/aargauermuslime.ch\/de\/der-hammer-moscheen-sollen-asylbewerber-aufnehmen\/#breadcrumb"},"inLanguage":"de","potentialAction":[{"@type":"ReadAction","target":["https:\/\/aargauermuslime.ch\/de\/der-hammer-moscheen-sollen-asylbewerber-aufnehmen\/"]}]},{"@type":"BreadcrumbList","@id":"https:\/\/aargauermuslime.ch\/de\/der-hammer-moscheen-sollen-asylbewerber-aufnehmen\/#breadcrumb","itemListElement":[{"@type":"ListItem","position":1,"name":"Startseite","item":"https:\/\/aargauermuslime.ch\/de\/"},{"@type":"ListItem","position":2,"name":"Der Hammer: Moscheen sollen Asylbewerber aufnehmen"}]},{"@type":"WebSite","@id":"https:\/\/aargauermuslime.ch\/de\/#website","url":"https:\/\/aargauermuslime.ch\/de\/","name":"Verband Aargauer Muslime (VAM)","description":"Dachverband der muslimischen Institutionen im Aargau","publisher":{"@id":"https:\/\/aargauermuslime.ch\/de\/#organization"},"potentialAction":[{"@type":"SearchAction","target":{"@type":"EntryPoint","urlTemplate":"https:\/\/aargauermuslime.ch\/de\/?s={search_term_string}"},"query-input":{"@type":"PropertyValueSpecification","valueRequired":true,"valueName":"search_term_string"}}],"inLanguage":"de"},{"@type":"Organization","@id":"https:\/\/aargauermuslime.ch\/de\/#organization","name":"Verband Aargauer Muslime","alternateName":"VAM","url":"https:\/\/aargauermuslime.ch\/de\/","logo":{"@type":"ImageObject","inLanguage":"de","@id":"https:\/\/aargauermuslime.ch\/de\/#\/schema\/logo\/image\/","url":"https:\/\/aargauermuslime.ch\/de\/wp-content\/uploads\/2019\/07\/VAM-Logo_web.jpg","contentUrl":"https:\/\/aargauermuslime.ch\/de\/wp-content\/uploads\/2019\/07\/VAM-Logo_web.jpg","width":800,"height":181,"caption":"Verband Aargauer Muslime"},"image":{"@id":"https:\/\/aargauermuslime.ch\/de\/#\/schema\/logo\/image\/"},"sameAs":["https:\/\/www.facebook.com\/groups\/aargauermuslime"]},{"@type":"Person","@id":"https:\/\/aargauermuslime.ch\/de\/#\/schema\/person\/bd503aec0cac55acbb09e0c3a583e85d","name":"Verwalter","image":{"@type":"ImageObject","inLanguage":"de","@id":"https:\/\/secure.gravatar.com\/avatar\/7fd31a7e31c089b8b010ed4da69824ebcca1bb14f0e01f1121264b0f1712c489?s=96&d=mm&r=g","url":"https:\/\/secure.gravatar.com\/avatar\/7fd31a7e31c089b8b010ed4da69824ebcca1bb14f0e01f1121264b0f1712c489?s=96&d=mm&r=g","contentUrl":"https:\/\/secure.gravatar.com\/avatar\/7fd31a7e31c089b8b010ed4da69824ebcca1bb14f0e01f1121264b0f1712c489?s=96&d=mm&r=g","caption":"Verwalter"}}]}},"_links":{"self":[{"href":"https:\/\/aargauermuslime.ch\/de\/wp-json\/wp\/v2\/posts\/149","targetHints":{"allow":["GET"]}}],"collection":[{"href":"https:\/\/aargauermuslime.ch\/de\/wp-json\/wp\/v2\/posts"}],"about":[{"href":"https:\/\/aargauermuslime.ch\/de\/wp-json\/wp\/v2\/types\/post"}],"author":[{"embeddable":true,"href":"https:\/\/aargauermuslime.ch\/de\/wp-json\/wp\/v2\/users\/2"}],"replies":[{"embeddable":true,"href":"https:\/\/aargauermuslime.ch\/de\/wp-json\/wp\/v2\/comments?post=149"}],"version-history":[{"count":0,"href":"https:\/\/aargauermuslime.ch\/de\/wp-json\/wp\/v2\/posts\/149\/revisions"}],"wp:attachment":[{"href":"https:\/\/aargauermuslime.ch\/de\/wp-json\/wp\/v2\/media?parent=149"}],"wp:term":[{"taxonomy":"category","embeddable":true,"href":"https:\/\/aargauermuslime.ch\/de\/wp-json\/wp\/v2\/categories?post=149"},{"taxonomy":"post_tag","embeddable":true,"href":"https:\/\/aargauermuslime.ch\/de\/wp-json\/wp\/v2\/tags?post=149"}],"curies":[{"name":"wp","href":"https:\/\/api.w.org\/{rel}","templated":true}]}}