{"id":150,"date":"2012-01-27T22:48:46","date_gmt":"2012-01-27T22:48:46","guid":{"rendered":"https:\/\/aargauermuslime.ch\/de\/2012\/01\/27\/islamfeindliche-pfarrerin-ermahnt\/"},"modified":"2019-06-15T22:29:24","modified_gmt":"2019-06-15T20:29:24","slug":"islamfeindliche-pfarrerin-ermahnt","status":"publish","type":"post","link":"https:\/\/aargauermuslime.ch\/de\/islamfeindliche-pfarrerin-ermahnt\/","title":{"rendered":"Islamfeindliche Pfarrerin ermahnt"},"content":{"rendered":"<p><span style=\"font-size: 10pt;\"><span style=\"font-family: verdana,geneva;\">Die Seel\u00e4nder Pfarrerin Christine Dietrich hat sich in  verantwortlicher Funktion im Blog \u00abPolitically Incorrect\u00bb bet\u00e4tigt.<\/span><\/span><\/p>\n<p>   <span style=\"font-size: 10pt;\"><span style=\"font-family: verdana,geneva;\">Zu  diesem  Schluss kam der Synodalrat der Reformierten Kirchen Bern-Jura-Solothurn  wie verschiedene Medien am 26. Januar 2012 berichteten. Er hat nach  eingehenden Abkl\u00e4rungen ein Machtwort gesprochen:  Die Seelsorgerin soll  sich k\u00fcnftig von islamfeindlichen Blogs  fernhalten.<\/span><\/span><span style=\"font-size: 10pt;\"><span style=\"font-family: verdana,geneva;\"> <\/span><\/span><span style=\"font-size: 10pt;\"><span style=\"font-family: verdana,geneva;\">&nbsp;<\/span><\/span><span style=\"font-size: 10pt;\"><span style=\"font-family: verdana,geneva;\">&nbsp;<\/span><\/span><\/p>\n<p><span style=\"font-size: 10pt;\"><span style=\"font-family: verdana,geneva;\">Demnach  k\u00f6nnen der Pfarrerin keine eigenen hetzerischen \u00c4usserungen gegen den  Islam oder gar Hasspredigten vorgeworfen werden. Die externe  Untersuchung durch den fr\u00fcheren Berner Regierungsstatthalter Andreas  Hubacher habe keinen Beweis f\u00fcr islamophobe \u00c4usserungen oder Schriften  der Pfarrerin von Siselen-Finsterhennen ergeben.<\/span><\/span> <span style=\"font-size: 10pt;\"><span style=\"font-family: verdana,geneva;\"> <\/span><\/span><\/p>\n<p><span style=\"font-size: 10pt;\"><span style=\"font-family: verdana,geneva;\">Dabei  wurde auch bekannt, dass sie f\u00fcr f\u00fcr Auftritte an islam- und  fremdenfeindlichen Veranstaltungen in  Deutschland bereits im August  2010 vom Synodalrat  ger\u00fcgt und ermahnt worden war. Sie hatte auf einer  islamfeindlichen  Kundgebung eine Andacht gehalten und an einer solchen  Demonstration  \u00dcbersetzerdienste geleistet. Es gebe aber keine Hinweise  darauf, dass Frau  Dietrich diese Mahnung seither missachtet habe. Die  Mahnung habe somit  ihre Wirkung getan meint der Synodalrat.<\/span><\/span><\/p>\n<p><span style=\"font-size: 10pt;\"><span style=\"font-family: verdana,geneva;\"><br \/><\/span><\/span><\/p>\n<p> <span style=\"font-size: 10pt;\"><span style=\"font-family: verdana,geneva;\"> <\/span><\/span> <\/p>\n<p><span style=\"font-size: 10pt;\"><span style=\"font-family: verdana,geneva;\">Lesen Sie hier entsprechende Artikel aus dem <a target=\"_blank\" href=\"http:\/\/www.bielertagblatt.ch\/nachrichten\/seeland\/pfarrerin-wird-ermahnt\" rel=\"noopener noreferrer\">Bieler Tagblatt online<\/a> vom 26.1.2012:<\/span><\/span><\/p>\n<p><span style=\"font-size: 10pt;\"><span style=\"font-family: verdana,geneva;\"><br \/><\/span><\/span><\/p>\n<p><span style=\"font-size: 10pt;\"><span style=\"font-family: verdana,geneva;\"><em>*** Zitatbeginn ***<\/em><\/span><\/span><\/p>\n<p><span style=\"font-size: 10pt;\"><span style=\"font-family: verdana,geneva;\"><em><br \/><\/em><\/span><\/span><\/p>\n<p><span style=\"font-size: 10pt;\"><span style=\"font-family: verdana,geneva;\">Die Untersuchung \u00fcber das Verhalten der Siseler Pfarrerin Christine  Dietrich ist abgeschlossen und der Synodalrat der Reformierten Kirchen  Bern-Jura-Solothurn hat gest\u00fctzt darauf seinen Entscheid gef\u00e4llt.  Demnach k\u00f6nnen der Pfarrerin keine eigenen hetzerischen \u00c4usserungen  gegen den Islam oder gar Hasspredigten vorgeworfen werden.<\/span><\/span><\/p>\n<p> <span style=\"font-size: 10pt;\"><span style=\"font-family: verdana,geneva;\">Hingegen wurde ihr Auftritt an verschiedenen islamophoben und  rechtsextremen Veranstaltungen in Deutschland schon im August 2010 vom  Synodalrat ger\u00fcgt; seither hat sie sich an die ausgesprochene Ermahnung  gehalten, heisst es in der Medienmitteilung. Als unvereinbar mit der  Stellung als bernische Pfarrerin wird ihre leitende T\u00e4tigkeit beim  Internetblog \u00abPolitically Incorrect\u00bb bewertet, weil dieser zumindest in  Teilen eine Islamhetze betreibt. Obwohl Frau Dietrich im Sp\u00e4tsommer 2011  ausgeschieden ist, erteilt ihr der Synodalrat diesbez\u00fcglich die klare  Weisung, sich von derartigen kompromittierenden T\u00e4tigkeiten  fernzuhalten. <\/span><\/span> <\/p>\n<p><span style=\"font-size: 10pt;\"><span style=\"font-family: verdana,geneva;\">Im Herbst 2011 wurde die Pfarrerin von  Siselen-Finsterhennen, Christine Dietrich, in den Medien beschuldigt,  islamfeindliche Parolen zu verbreiten und Angeh\u00f6rige der islamischen  Religion mit Kraftausdr\u00fccken unter der G\u00fcrtellinie zu beleidigen. Auch  war von \u00abHasspredigten\u00bb die Rede. Weil angesichts der kaum mehr  \u00fcberblickbaren Ger\u00fcchte die Faktenlage nicht klar war, wurde beim Berner  Anwalt und fr\u00fcheren Regierungsstatthalter Andreas Hubacher eine externe  Untersuchung zur Kl\u00e4rung der Faktenlage in Auftrag gegeben. Gest\u00fctzt  darauf und nach Anh\u00f6rung von Frau Dietrich hat der Synodalrat der  Reformierten Kirchen Bern-Jura-Solothurn nun seinen Entscheid gef\u00e4llt.<\/span><\/span><\/p>\n<p> <span style=\"font-size: 10pt;\"><span style=\"font-family: verdana,geneva;\"> <\/span><\/span> <\/p>\n<p><span style=\"font-size: 10pt;\"><span style=\"font-family: verdana,geneva;\">Der  Synodalrat h\u00e4lt fest, dass die Untersuchung keinen Beweis f\u00fcr  islamophobe \u00c4usserungen oder Schriften von Frau Dietrich ergab, auch  sind keine \u00abHasspredigten\u00bb bekannt geworden, heisst es in der  Medienmitteilung. Die ihr angelasteten hetzerischen Ausdr\u00fccke stammen  nicht von ihr. Insbesondere sind keine derartigen Verfehlungen im  Pfarramt der jetzigen Kirchgemeinde bekannt. In dieser Beziehung nimmt  der Synodalrat auf Grund der Untersuchungsergebnisse Frau Dietrich in  Schutz. Der Synodalrat betont, dass sachliche Kritik an der eigenen und  an fremden Religionen, sowie theologische Diskurse und  Auseinandersetzungen nach dem Selbstverst\u00e4ndnis der Reformierten Kirche  m\u00f6glich sind und weder gegen die Kirchenordnung noch gegen die  Dienstanweisung f\u00fcr Pfarrerinnen und Pfarrer verstossen.<\/span><\/span><\/p>\n<p> <span style=\"font-size: 10pt;\"><span style=\"font-family: verdana,geneva;\"> <\/span><\/span> <\/p>\n<p><span style=\"font-size: 10pt;\"><span style=\"font-family: verdana,geneva;\">F\u00fcr  Auftritte an islam- und fremdenfeindlichen Veranstaltungen in  Deutschland wurde Frau Dietrich bereits im August 2010 vom Synodalrat  ger\u00fcgt und ermahnt, namentlich weil sie auf einer islamfeindlichen  Kundgebung eine Andacht hielt und an einer solchen Demonstration  \u00dcbersetzerdienste leistete. Es gibt keine Hinweise darauf, dass Frau  Dietrich diese Mahnung seither missachtet hat. Die Mahnung hat somit  ihre Wirkung getan und wird vom Synodalrat best\u00e4tigt.<\/span><\/span><\/p>\n<p><span style=\"font-size: 10pt;\"><span style=\"font-family: verdana,geneva;\">Auf Grund  des Untersuchungsberichts steht fest, dass Frau Dietrich beim  islamfeindlichen Blog \u00abPolitically Incorrect\u00bb eine  mitbestimmend-verantwortliche Funktion wahrgenommen hat, wenngleich  Hauptverantwortlicher offenbar Stefan Herre war. Weil auf diesem Blog  herabw\u00fcrdigende und hetzerische Artikel publiziert wurden, ist eine  solche Beteiligung in leitender Stellung nicht mit der Stellung als  Pfarrerin im bernischen Kirchendienst zu vereinbaren. Der Synodalrat  sieht darin einen Verstoss gegen die Kirchenordnung und die  Dienst-anweisung f\u00fcr Pfarrpersonen. Er erteilt Frau Dietrich deshalb  formell verschiedene Weisungen, namentlich sich von solchen Blogs  fernzuhalten.<\/span><\/span><\/p>\n<p> <span style=\"font-size: 10pt;\"><span style=\"font-family: verdana,geneva;\"> <\/span><\/span> <\/p>\n<p><span style=\"font-size: 10pt;\"><span style=\"font-family: verdana,geneva;\">Frau Dietrich hat zugesichert, sich an die Weisungen  zu halten, sie anerkennt auch ausdr\u00fccklich die Bestimmungen der  Kirchenordnung und der Dienstanweisung f\u00fcr Pfarrpersonen, heisst es  weiter in der Medienmitteilung. Sie hat ihre T\u00e4tigkeit bei \u00abPolitically  Incorrect\u00bb bereits im Sommer 2011 aufgegeben. Frau Dietrich betont, dass  sie vor allem f\u00fcr die Menschenrechte (z.B. der islamischen Frauen) und  f\u00fcr das Existenzrecht des Staates Israel eintritt. Sie steht auch dem  Dialog mit einem aufgekl\u00e4rten Islam positiv gegen\u00fcber. Mit der Erteilung  der verschiedenen Weisungen schliesst der Synodalrat das Verfahren ab.<\/span><\/span><\/p>\n<p><span style=\"font-size: 10pt;\"><span style=\"font-family: verdana,geneva;\"><br \/><\/span><\/span><\/p>\n<p><span style=\"font-size: 10pt;\"><span style=\"font-family: verdana,geneva;\"><em>*** Zitatende ***<\/em><\/span><\/span><\/p>\n<p><span style=\"font-size: 10pt;\"><span style=\"font-family: verdana,geneva;\"><br \/><\/span><\/span><\/p>\n<p> <span style=\"font-size: 10pt;\"><span style=\"font-family: verdana,geneva;\"> <\/span><\/span>  <\/p>\n<ul> <\/ul>\n<p><span style=\"font-size: 10pt;\"><span style=\"font-family: verdana,geneva;\"> An dieser Stelle m\u00f6chten wir wiederholen, was wir bereits <a target=\"_blank\" href=\"\/islamfeindliche-pfarrerin-ermahnt\/\" rel=\"noopener noreferrer\">fr\u00fcher angemerkt<\/a> hatten: Musliminnen und Muslime, die sich im interreligi\u00f6sen  Dialog  engagieren, wissen, dass nicht alle Pfarrerinnen und Pfarrer gleich  sind. Trotzdem bleibt ein schaler Nachgeschmack.<\/span><\/span><\/p>\n<p>\u00a0<\/p>\n<p><span style=\"font-size: 10pt;\"><span style=\"font-family: verdana,geneva;\"><br \/><\/span><\/span><\/p>\n","protected":false},"excerpt":{"rendered":"<p><span style=\"font-size: 10pt;\"><span style=\"font-family: verdana,geneva;\">Die Seel\u00e4nder Pfarrerin Christine Dietrich hat sich in  verantwortlicher Funktion im Blog \u00abPolitically Incorrect\u00bb bet\u00e4tigt.<\/span><\/span><\/p>\n<p>\n","protected":false},"author":2,"featured_media":0,"comment_status":"open","ping_status":"open","sticky":false,"template":"","format":"standard","meta":{"_et_pb_use_builder":"","_et_pb_old_content":"","_et_gb_content_width":"","ngg_post_thumbnail":0,"footnotes":""},"categories":[8],"tags":[],"class_list":["post-150","post","type-post","status-publish","format-standard","hentry","category-pinocchio"],"yoast_head":"<!-- This site is optimized with the Yoast SEO plugin v27.4 - https:\/\/yoast.com\/product\/yoast-seo-wordpress\/ -->\n<title>Islamfeindliche Pfarrerin ermahnt - Verband Aargauer Muslime (VAM)<\/title>\n<meta name=\"robots\" content=\"index, follow, max-snippet:-1, max-image-preview:large, max-video-preview:-1\" \/>\n<link rel=\"canonical\" href=\"https:\/\/aargauermuslime.ch\/de\/islamfeindliche-pfarrerin-ermahnt\/\" \/>\n<meta property=\"og:locale\" content=\"de_DE\" \/>\n<meta property=\"og:type\" content=\"article\" \/>\n<meta property=\"og:title\" content=\"Islamfeindliche Pfarrerin ermahnt - Verband Aargauer Muslime (VAM)\" \/>\n<meta property=\"og:description\" content=\"Die Seel\u00e4nder Pfarrerin Christine Dietrich hat sich in verantwortlicher Funktion im Blog \u00abPolitically Incorrect\u00bb bet\u00e4tigt.\" \/>\n<meta property=\"og:url\" content=\"https:\/\/aargauermuslime.ch\/de\/islamfeindliche-pfarrerin-ermahnt\/\" \/>\n<meta property=\"og:site_name\" content=\"Verband Aargauer Muslime (VAM)\" \/>\n<meta property=\"article:publisher\" content=\"https:\/\/www.facebook.com\/groups\/aargauermuslime\" \/>\n<meta property=\"article:published_time\" content=\"2012-01-27T22:48:46+00:00\" \/>\n<meta property=\"article:modified_time\" content=\"2019-06-15T20:29:24+00:00\" \/>\n<meta name=\"author\" content=\"Verwalter\" \/>\n<meta name=\"twitter:card\" content=\"summary_large_image\" \/>\n<meta name=\"twitter:label1\" content=\"Verfasst von\" \/>\n\t<meta name=\"twitter:data1\" content=\"Verwalter\" \/>\n\t<meta name=\"twitter:label2\" content=\"Gesch\u00e4tzte Lesezeit\" \/>\n\t<meta name=\"twitter:data2\" content=\"4\u00a0Minuten\" \/>\n<script type=\"application\/ld+json\" class=\"yoast-schema-graph\">{\"@context\":\"https:\\\/\\\/schema.org\",\"@graph\":[{\"@type\":\"Article\",\"@id\":\"https:\\\/\\\/aargauermuslime.ch\\\/de\\\/islamfeindliche-pfarrerin-ermahnt\\\/#article\",\"isPartOf\":{\"@id\":\"https:\\\/\\\/aargauermuslime.ch\\\/de\\\/islamfeindliche-pfarrerin-ermahnt\\\/\"},\"author\":{\"name\":\"Verwalter\",\"@id\":\"https:\\\/\\\/aargauermuslime.ch\\\/de\\\/#\\\/schema\\\/person\\\/bd503aec0cac55acbb09e0c3a583e85d\"},\"headline\":\"Islamfeindliche Pfarrerin ermahnt\",\"datePublished\":\"2012-01-27T22:48:46+00:00\",\"dateModified\":\"2019-06-15T20:29:24+00:00\",\"mainEntityOfPage\":{\"@id\":\"https:\\\/\\\/aargauermuslime.ch\\\/de\\\/islamfeindliche-pfarrerin-ermahnt\\\/\"},\"wordCount\":790,\"commentCount\":0,\"publisher\":{\"@id\":\"https:\\\/\\\/aargauermuslime.ch\\\/de\\\/#organization\"},\"articleSection\":[\"Pinocchio\"],\"inLanguage\":\"de\"},{\"@type\":\"WebPage\",\"@id\":\"https:\\\/\\\/aargauermuslime.ch\\\/de\\\/islamfeindliche-pfarrerin-ermahnt\\\/\",\"url\":\"https:\\\/\\\/aargauermuslime.ch\\\/de\\\/islamfeindliche-pfarrerin-ermahnt\\\/\",\"name\":\"Islamfeindliche Pfarrerin ermahnt - Verband Aargauer Muslime (VAM)\",\"isPartOf\":{\"@id\":\"https:\\\/\\\/aargauermuslime.ch\\\/de\\\/#website\"},\"datePublished\":\"2012-01-27T22:48:46+00:00\",\"dateModified\":\"2019-06-15T20:29:24+00:00\",\"breadcrumb\":{\"@id\":\"https:\\\/\\\/aargauermuslime.ch\\\/de\\\/islamfeindliche-pfarrerin-ermahnt\\\/#breadcrumb\"},\"inLanguage\":\"de\",\"potentialAction\":[{\"@type\":\"ReadAction\",\"target\":[\"https:\\\/\\\/aargauermuslime.ch\\\/de\\\/islamfeindliche-pfarrerin-ermahnt\\\/\"]}]},{\"@type\":\"BreadcrumbList\",\"@id\":\"https:\\\/\\\/aargauermuslime.ch\\\/de\\\/islamfeindliche-pfarrerin-ermahnt\\\/#breadcrumb\",\"itemListElement\":[{\"@type\":\"ListItem\",\"position\":1,\"name\":\"Startseite\",\"item\":\"https:\\\/\\\/aargauermuslime.ch\\\/de\\\/\"},{\"@type\":\"ListItem\",\"position\":2,\"name\":\"Islamfeindliche Pfarrerin ermahnt\"}]},{\"@type\":\"WebSite\",\"@id\":\"https:\\\/\\\/aargauermuslime.ch\\\/de\\\/#website\",\"url\":\"https:\\\/\\\/aargauermuslime.ch\\\/de\\\/\",\"name\":\"Verband Aargauer Muslime (VAM)\",\"description\":\"Dachverband der muslimischen Institutionen im Aargau\",\"publisher\":{\"@id\":\"https:\\\/\\\/aargauermuslime.ch\\\/de\\\/#organization\"},\"potentialAction\":[{\"@type\":\"SearchAction\",\"target\":{\"@type\":\"EntryPoint\",\"urlTemplate\":\"https:\\\/\\\/aargauermuslime.ch\\\/de\\\/?s={search_term_string}\"},\"query-input\":{\"@type\":\"PropertyValueSpecification\",\"valueRequired\":true,\"valueName\":\"search_term_string\"}}],\"inLanguage\":\"de\"},{\"@type\":\"Organization\",\"@id\":\"https:\\\/\\\/aargauermuslime.ch\\\/de\\\/#organization\",\"name\":\"Verband Aargauer Muslime\",\"alternateName\":\"VAM\",\"url\":\"https:\\\/\\\/aargauermuslime.ch\\\/de\\\/\",\"logo\":{\"@type\":\"ImageObject\",\"inLanguage\":\"de\",\"@id\":\"https:\\\/\\\/aargauermuslime.ch\\\/de\\\/#\\\/schema\\\/logo\\\/image\\\/\",\"url\":\"https:\\\/\\\/aargauermuslime.ch\\\/de\\\/wp-content\\\/uploads\\\/2019\\\/07\\\/VAM-Logo_web.jpg\",\"contentUrl\":\"https:\\\/\\\/aargauermuslime.ch\\\/de\\\/wp-content\\\/uploads\\\/2019\\\/07\\\/VAM-Logo_web.jpg\",\"width\":800,\"height\":181,\"caption\":\"Verband Aargauer Muslime\"},\"image\":{\"@id\":\"https:\\\/\\\/aargauermuslime.ch\\\/de\\\/#\\\/schema\\\/logo\\\/image\\\/\"},\"sameAs\":[\"https:\\\/\\\/www.facebook.com\\\/groups\\\/aargauermuslime\"]},{\"@type\":\"Person\",\"@id\":\"https:\\\/\\\/aargauermuslime.ch\\\/de\\\/#\\\/schema\\\/person\\\/bd503aec0cac55acbb09e0c3a583e85d\",\"name\":\"Verwalter\",\"image\":{\"@type\":\"ImageObject\",\"inLanguage\":\"de\",\"@id\":\"https:\\\/\\\/secure.gravatar.com\\\/avatar\\\/7fd31a7e31c089b8b010ed4da69824ebcca1bb14f0e01f1121264b0f1712c489?s=96&d=mm&r=g\",\"url\":\"https:\\\/\\\/secure.gravatar.com\\\/avatar\\\/7fd31a7e31c089b8b010ed4da69824ebcca1bb14f0e01f1121264b0f1712c489?s=96&d=mm&r=g\",\"contentUrl\":\"https:\\\/\\\/secure.gravatar.com\\\/avatar\\\/7fd31a7e31c089b8b010ed4da69824ebcca1bb14f0e01f1121264b0f1712c489?s=96&d=mm&r=g\",\"caption\":\"Verwalter\"}}]}<\/script>\n<!-- \/ Yoast SEO plugin. -->","yoast_head_json":{"title":"Islamfeindliche Pfarrerin ermahnt - Verband Aargauer Muslime (VAM)","robots":{"index":"index","follow":"follow","max-snippet":"max-snippet:-1","max-image-preview":"max-image-preview:large","max-video-preview":"max-video-preview:-1"},"canonical":"https:\/\/aargauermuslime.ch\/de\/islamfeindliche-pfarrerin-ermahnt\/","og_locale":"de_DE","og_type":"article","og_title":"Islamfeindliche Pfarrerin ermahnt - Verband Aargauer Muslime (VAM)","og_description":"Die Seel\u00e4nder Pfarrerin Christine Dietrich hat sich in verantwortlicher Funktion im Blog \u00abPolitically Incorrect\u00bb bet\u00e4tigt.","og_url":"https:\/\/aargauermuslime.ch\/de\/islamfeindliche-pfarrerin-ermahnt\/","og_site_name":"Verband Aargauer Muslime (VAM)","article_publisher":"https:\/\/www.facebook.com\/groups\/aargauermuslime","article_published_time":"2012-01-27T22:48:46+00:00","article_modified_time":"2019-06-15T20:29:24+00:00","author":"Verwalter","twitter_card":"summary_large_image","twitter_misc":{"Verfasst von":"Verwalter","Gesch\u00e4tzte Lesezeit":"4\u00a0Minuten"},"schema":{"@context":"https:\/\/schema.org","@graph":[{"@type":"Article","@id":"https:\/\/aargauermuslime.ch\/de\/islamfeindliche-pfarrerin-ermahnt\/#article","isPartOf":{"@id":"https:\/\/aargauermuslime.ch\/de\/islamfeindliche-pfarrerin-ermahnt\/"},"author":{"name":"Verwalter","@id":"https:\/\/aargauermuslime.ch\/de\/#\/schema\/person\/bd503aec0cac55acbb09e0c3a583e85d"},"headline":"Islamfeindliche Pfarrerin ermahnt","datePublished":"2012-01-27T22:48:46+00:00","dateModified":"2019-06-15T20:29:24+00:00","mainEntityOfPage":{"@id":"https:\/\/aargauermuslime.ch\/de\/islamfeindliche-pfarrerin-ermahnt\/"},"wordCount":790,"commentCount":0,"publisher":{"@id":"https:\/\/aargauermuslime.ch\/de\/#organization"},"articleSection":["Pinocchio"],"inLanguage":"de"},{"@type":"WebPage","@id":"https:\/\/aargauermuslime.ch\/de\/islamfeindliche-pfarrerin-ermahnt\/","url":"https:\/\/aargauermuslime.ch\/de\/islamfeindliche-pfarrerin-ermahnt\/","name":"Islamfeindliche Pfarrerin ermahnt - Verband Aargauer Muslime (VAM)","isPartOf":{"@id":"https:\/\/aargauermuslime.ch\/de\/#website"},"datePublished":"2012-01-27T22:48:46+00:00","dateModified":"2019-06-15T20:29:24+00:00","breadcrumb":{"@id":"https:\/\/aargauermuslime.ch\/de\/islamfeindliche-pfarrerin-ermahnt\/#breadcrumb"},"inLanguage":"de","potentialAction":[{"@type":"ReadAction","target":["https:\/\/aargauermuslime.ch\/de\/islamfeindliche-pfarrerin-ermahnt\/"]}]},{"@type":"BreadcrumbList","@id":"https:\/\/aargauermuslime.ch\/de\/islamfeindliche-pfarrerin-ermahnt\/#breadcrumb","itemListElement":[{"@type":"ListItem","position":1,"name":"Startseite","item":"https:\/\/aargauermuslime.ch\/de\/"},{"@type":"ListItem","position":2,"name":"Islamfeindliche Pfarrerin ermahnt"}]},{"@type":"WebSite","@id":"https:\/\/aargauermuslime.ch\/de\/#website","url":"https:\/\/aargauermuslime.ch\/de\/","name":"Verband Aargauer Muslime (VAM)","description":"Dachverband der muslimischen Institutionen im Aargau","publisher":{"@id":"https:\/\/aargauermuslime.ch\/de\/#organization"},"potentialAction":[{"@type":"SearchAction","target":{"@type":"EntryPoint","urlTemplate":"https:\/\/aargauermuslime.ch\/de\/?s={search_term_string}"},"query-input":{"@type":"PropertyValueSpecification","valueRequired":true,"valueName":"search_term_string"}}],"inLanguage":"de"},{"@type":"Organization","@id":"https:\/\/aargauermuslime.ch\/de\/#organization","name":"Verband Aargauer Muslime","alternateName":"VAM","url":"https:\/\/aargauermuslime.ch\/de\/","logo":{"@type":"ImageObject","inLanguage":"de","@id":"https:\/\/aargauermuslime.ch\/de\/#\/schema\/logo\/image\/","url":"https:\/\/aargauermuslime.ch\/de\/wp-content\/uploads\/2019\/07\/VAM-Logo_web.jpg","contentUrl":"https:\/\/aargauermuslime.ch\/de\/wp-content\/uploads\/2019\/07\/VAM-Logo_web.jpg","width":800,"height":181,"caption":"Verband Aargauer Muslime"},"image":{"@id":"https:\/\/aargauermuslime.ch\/de\/#\/schema\/logo\/image\/"},"sameAs":["https:\/\/www.facebook.com\/groups\/aargauermuslime"]},{"@type":"Person","@id":"https:\/\/aargauermuslime.ch\/de\/#\/schema\/person\/bd503aec0cac55acbb09e0c3a583e85d","name":"Verwalter","image":{"@type":"ImageObject","inLanguage":"de","@id":"https:\/\/secure.gravatar.com\/avatar\/7fd31a7e31c089b8b010ed4da69824ebcca1bb14f0e01f1121264b0f1712c489?s=96&d=mm&r=g","url":"https:\/\/secure.gravatar.com\/avatar\/7fd31a7e31c089b8b010ed4da69824ebcca1bb14f0e01f1121264b0f1712c489?s=96&d=mm&r=g","contentUrl":"https:\/\/secure.gravatar.com\/avatar\/7fd31a7e31c089b8b010ed4da69824ebcca1bb14f0e01f1121264b0f1712c489?s=96&d=mm&r=g","caption":"Verwalter"}}]}},"_links":{"self":[{"href":"https:\/\/aargauermuslime.ch\/de\/wp-json\/wp\/v2\/posts\/150","targetHints":{"allow":["GET"]}}],"collection":[{"href":"https:\/\/aargauermuslime.ch\/de\/wp-json\/wp\/v2\/posts"}],"about":[{"href":"https:\/\/aargauermuslime.ch\/de\/wp-json\/wp\/v2\/types\/post"}],"author":[{"embeddable":true,"href":"https:\/\/aargauermuslime.ch\/de\/wp-json\/wp\/v2\/users\/2"}],"replies":[{"embeddable":true,"href":"https:\/\/aargauermuslime.ch\/de\/wp-json\/wp\/v2\/comments?post=150"}],"version-history":[{"count":1,"href":"https:\/\/aargauermuslime.ch\/de\/wp-json\/wp\/v2\/posts\/150\/revisions"}],"predecessor-version":[{"id":1838,"href":"https:\/\/aargauermuslime.ch\/de\/wp-json\/wp\/v2\/posts\/150\/revisions\/1838"}],"wp:attachment":[{"href":"https:\/\/aargauermuslime.ch\/de\/wp-json\/wp\/v2\/media?parent=150"}],"wp:term":[{"taxonomy":"category","embeddable":true,"href":"https:\/\/aargauermuslime.ch\/de\/wp-json\/wp\/v2\/categories?post=150"},{"taxonomy":"post_tag","embeddable":true,"href":"https:\/\/aargauermuslime.ch\/de\/wp-json\/wp\/v2\/tags?post=150"}],"curies":[{"name":"wp","href":"https:\/\/api.w.org\/{rel}","templated":true}]}}