{"id":152,"date":"2012-02-20T21:12:18","date_gmt":"2012-02-20T21:12:18","guid":{"rendered":"https:\/\/aargauermuslime.ch\/de\/2012\/02\/20\/zeigte-die-svp-widen-ihr-wahres-gesicht\/"},"modified":"2019-06-15T22:31:38","modified_gmt":"2019-06-15T20:31:38","slug":"zeigte-die-svp-widen-ihr-wahres-gesicht","status":"publish","type":"post","link":"https:\/\/aargauermuslime.ch\/de\/zeigte-die-svp-widen-ihr-wahres-gesicht\/","title":{"rendered":"Zeigte die SVP Widen ihr wahres Gesicht?"},"content":{"rendered":"<p><span style=\"font-size: 10pt;\"><span style=\"font-family: verdana,geneva;\">Mit  eindeutlg rassistischen Parolen wie \u00abSau T\u00fcrken\u00bb und \u00abDreck Jugos\u00bb hat  die Ortssektion Widen der SVP einen \u00abgelungenen\u00bb Coup gelandet. <br \/><\/span><\/span><\/p>\n<p> <span style=\"font-size: 10pt;\"><span style=\"font-family: verdana,geneva;\">    Als erstes Medium machte 20 minuten online in einem <a target=\"_blank\" href=\"http:\/\/www.20min.ch\/news\/mittelland\/story\/28297356\" rel=\"noopener noreferrer\">Beitrag am 19. Februar 2012<\/a> die ganze Sache publik. Die SVP Widen platzierte auf ihrer Homepage  unter der Rubrik \u00abAktuelle SVP News &#8211;&gt; RealSVP\u00bb (wahre SVP)  rassistische und diskriminierende Slogans in Form von Plakatan. Konkret  sollen dort folgende Parolen gestanden sein: <\/span><\/span>  <\/p>\n<ul>\n<li><span style=\"font-size: 10pt;\"><span style=\"font-family: verdana,geneva;\">Wir haben ja nicht generell etwas gegen<br \/><strong>AUSL\u00c4NDER<\/strong><br \/>Sagen wir zumindest, aber wir h\u00e4tten schon gerne so viele von ihnen wie m\u00f6glich d<br \/><strong>RAUS<\/strong><br \/>sen.<\/span><\/span><\/li>\n<li><span style=\"font-size: 10pt;\"><span style=\"font-family: verdana,geneva;\">Viele Schweizer haben ja<br \/><strong>DRECK<\/strong><br \/> am Stecken, aber wenn <br \/><strong>JUGOS<\/strong><br \/>lawen das auch haben, sollte man sie viel h\u00e4rter bestrafen!<\/span><\/span><\/li>\n<li><span style=\"font-size: 10pt;\"><span style=\"font-family: verdana,geneva;\">Wir finden<br \/><strong>RASSISMUS<\/strong><br \/><strong>JA<\/strong><br \/>auch schlect, sagen wir zumindest.<\/span><\/span><\/li>\n<li><span style=\"font-size: 10pt;\"><span style=\"font-family: verdana,geneva;\">Wir machen<br \/><strong>SAU<\/strong><br \/>ber Politik, nur gelegentlich<br \/><strong>T\u00dcRKEN<\/strong><br \/>wir ein paar Statistiken, um unsere Positionen zu rechtfertigen<\/span><\/span><\/li>\n<\/ul>\n<p><span style=\"font-size: 10pt;\"><span style=\"font-family: verdana,geneva;\">Sowohl die fett gedruckten Worte als auch die ganzen S\u00e4tze sind \u00e4usserst bedenklich.<\/span><\/span><\/p>\n<p><span style=\"font-size: 10pt;\"><span style=\"font-family: verdana,geneva;\">Im Laufe des 20. Februar 2012 kam dann heraus, dass &nbsp;die Slogans vermutlich von der Verballhornung von Wikipedia, <a href=\"http:\/\/www.stupidedia.org\/stupi\/Schweiz?wasRedirected=true\" target=\"_blank\" rel=\"noopener noreferrer\">Stupidedia<\/a>, stammen und in etwa vom April 2007 datieren. Wer dort dahinter steckt ist nicht ganz klar.<\/span><\/span><\/p>\n<p><span style=\"font-size: 10pt;\"><span style=\"font-family: verdana,geneva;\">Dies war nat\u00fcrlich dankbares Futter f\u00fcr die betroffenen SVP-Exponenten im Aargau. Sowohl der  Bezirkspr\u00e4sident der SVP Bremgarten und dedizierte Islam-Gegner Andreas  Glarner (man denke an die Plakate \u00abMaria statt Scharia\u00bb, \u00abAarau oder  Ankara?\u00bb, \u00abBaden oder Bagdad?\u00bb) und den neuen SVP-Parteipr\u00e4sidenten  Thomas Burgherr distanzierten sich in den Medien&nbsp; \u00abvon rechtem  Gedankengut\u00bb und spielten die ganze Sache herunter. Da kamen Spr\u00fcche  wie:<\/span><\/span><\/p>\n<ul>\n<li><span style=\"font-size: 10pt;\"><span style=\"font-family: verdana,geneva;\">Glarner: \u00abDie haben einfach wild irgendwelche Sachen vom Netz geladen.\u00bb<\/span><\/span><\/li>\n<li><span style=\"font-size: 10pt;\"><span style=\"font-family: verdana,geneva;\">Glarner: \u00abDie haben das nicht gecheckt. Das sind einfach naive Leute.\u00bb<\/span><\/span><\/li>\n<li><span style=\"font-size: 10pt;\"><span style=\"font-family: verdana,geneva;\">Glarner: \u00abWer bei klarem Verstand ist sieht auf den 1. Blick, dass diese Spr\u00fcche nichts mit der SVP zu tun haben\u00bb.<\/span><\/span><\/li>\n<li><span style=\"font-size: 10pt;\"><span style=\"font-family: verdana,geneva;\">Burgherr: \u00abKonsequenzen wird das keine haben.\u00bb<\/span><\/span><\/li>\n<\/ul>\n<p><span style=\"font-size: 10pt;\"><span style=\"font-family: verdana,geneva;\">Selbst  wenn all dies stimmt, kann jemand wirklich so \u00abnaiv\u00bb sein und die Sache  \u00abnicht checken\u00bb? Was f\u00fcr Leute tragen denn die Verantwortung in der  SVP? Oder war das ein wirklich wohlgeplanter Coup? Oder gar ein Angriff  der b\u00f6sen Linken, die der SVP schaden wollten?<\/span><\/span><\/p>\n<p><span style=\"font-size: 10pt;\"><span style=\"font-family: verdana,geneva;\">Fakt ist und bleibt, SVP-Mitglieder haben diese Slogans auf ihrer Homepage platziert.<\/span><\/span><\/p>\n<p><span style=\"font-size: 10pt;\"><span style=\"font-family: verdana,geneva;\">Wir  Muslime sind es uns gewohnt, st\u00e4ndig und immer \u00f6fter offenen und  versteckten Anfeindungen ausgesetzt zu sein. In diesem Sinne ist dies  nur ein weiteres Kapitel in dieser traurigen Geschichte.<\/span><\/span><\/p>\n<p><span style=\"font-size: 10pt;\"><span style=\"font-family: verdana,geneva;\">Dass  sich daran trotz Rassismus-Artikel nichts \u00e4ndern wird, wissen wir  ebenso gut. Man denke nur an die aktive islamfeindliche Pfarrerin  Christine Dietrich. Sie wurde vom Synodalrat der Reformierten Kirchen  Bern-Jura-Solothurn lediglich ermahnt (<a target=\"_blank\" href=\"\/pfarrerin-an-vorderster-front-im-kampf-gegen-den-islam\/\" rel=\"noopener noreferrer\">wir berichteten<\/a>), Konsequenzen gab es keine.<\/span><\/span><\/p>\n<p><span style=\"font-size: 10pt;\"><span style=\"font-family: verdana,geneva;\">Auch  hier wird es keinerlei Konsequenzen geben. Die Eidgen\u00f6ssische  Kommission gegen Rassismus (EKR) wird einen  Brief an die SVP  Schweiz schreiben, hiess es auf <a target=\"_blank\" href=\"http:\/\/www.aargauerzeitung.ch\/aargau\/aerger-aber-keine-anzeige-fuer-svp-widen-121255483\" rel=\"noopener noreferrer\">AZ online vom 20. Februar 2012<\/a>.  Die \u00c4usserungen seien zwar wahrscheinlich gesetzeswidrig gewesen, die  EKR  selber werde aber keine Anzeige machen. Sie wolle von der SVP  wissen, wie solche Inhalte in Zukunft  vermieden werden k\u00f6nnten.<\/span><\/span><\/p>\n<p><span style=\"font-size: 10pt;\"><span style=\"font-family: verdana,geneva;\">Ist  ja auch klar, vor dem Gesetz ist das Opfer in solchen F\u00e4llen meist im  Nachteil. Nicht die Wahrnehmung oder die Interpretation des Opfers,  sondern die vorgehaltene Absicht des T\u00e4ters ist massgebend, also \u00abIn  dubio pro reo&#8230;\u00bb<\/span><\/span><\/p>\n<p><span style=\"font-size: 10pt;\"><span style=\"font-family: verdana,geneva;\">&nbsp;<\/span><\/span><\/p>\n","protected":false},"excerpt":{"rendered":"<p><span style=\"font-size: 10pt;\"><span style=\"font-family: verdana,geneva;\">Mit  eindeutlg rassistischen Parolen wie \u00abSau T\u00fcrken\u00bb und \u00abDreck Jugos\u00bb hat  die Ortssektion Widen der SVP einen \u00abgelungenen\u00bb Coup gelandet. <br \/><\/span><\/span><\/p>\n<p> <span style=\"font-size: 10pt;\"><span style=\"font-family: verdana,geneva;\">  <\/p>\n","protected":false},"author":2,"featured_media":0,"comment_status":"open","ping_status":"open","sticky":false,"template":"","format":"standard","meta":{"_et_pb_use_builder":"","_et_pb_old_content":"","_et_gb_content_width":"","ngg_post_thumbnail":0,"footnotes":""},"categories":[3],"tags":[],"class_list":["post-152","post","type-post","status-publish","format-standard","hentry","category-news"],"yoast_head":"<!-- This site is optimized with the Yoast SEO plugin v27.4 - https:\/\/yoast.com\/product\/yoast-seo-wordpress\/ -->\n<title>Zeigte die SVP Widen ihr wahres Gesicht? - Verband Aargauer Muslime (VAM)<\/title>\n<meta name=\"robots\" content=\"index, follow, max-snippet:-1, max-image-preview:large, max-video-preview:-1\" \/>\n<link rel=\"canonical\" href=\"https:\/\/aargauermuslime.ch\/de\/zeigte-die-svp-widen-ihr-wahres-gesicht\/\" \/>\n<meta property=\"og:locale\" content=\"de_DE\" \/>\n<meta property=\"og:type\" content=\"article\" \/>\n<meta property=\"og:title\" content=\"Zeigte die SVP Widen ihr wahres Gesicht? - Verband Aargauer Muslime (VAM)\" \/>\n<meta property=\"og:description\" content=\"Mit eindeutlg rassistischen Parolen wie \u00abSau T\u00fcrken\u00bb und \u00abDreck Jugos\u00bb hat die Ortssektion Widen der SVP einen \u00abgelungenen\u00bb Coup gelandet.\" \/>\n<meta property=\"og:url\" content=\"https:\/\/aargauermuslime.ch\/de\/zeigte-die-svp-widen-ihr-wahres-gesicht\/\" \/>\n<meta property=\"og:site_name\" content=\"Verband Aargauer Muslime (VAM)\" \/>\n<meta property=\"article:publisher\" content=\"https:\/\/www.facebook.com\/groups\/aargauermuslime\" \/>\n<meta property=\"article:published_time\" content=\"2012-02-20T21:12:18+00:00\" \/>\n<meta property=\"article:modified_time\" content=\"2019-06-15T20:31:38+00:00\" \/>\n<meta name=\"author\" content=\"Verwalter\" \/>\n<meta name=\"twitter:card\" content=\"summary_large_image\" \/>\n<meta name=\"twitter:label1\" content=\"Verfasst von\" \/>\n\t<meta name=\"twitter:data1\" content=\"Verwalter\" \/>\n\t<meta name=\"twitter:label2\" content=\"Gesch\u00e4tzte Lesezeit\" \/>\n\t<meta name=\"twitter:data2\" content=\"3\u00a0Minuten\" \/>\n<script type=\"application\/ld+json\" class=\"yoast-schema-graph\">{\"@context\":\"https:\\\/\\\/schema.org\",\"@graph\":[{\"@type\":\"Article\",\"@id\":\"https:\\\/\\\/aargauermuslime.ch\\\/de\\\/zeigte-die-svp-widen-ihr-wahres-gesicht\\\/#article\",\"isPartOf\":{\"@id\":\"https:\\\/\\\/aargauermuslime.ch\\\/de\\\/zeigte-die-svp-widen-ihr-wahres-gesicht\\\/\"},\"author\":{\"name\":\"Verwalter\",\"@id\":\"https:\\\/\\\/aargauermuslime.ch\\\/de\\\/#\\\/schema\\\/person\\\/bd503aec0cac55acbb09e0c3a583e85d\"},\"headline\":\"Zeigte die SVP Widen ihr wahres Gesicht?\",\"datePublished\":\"2012-02-20T21:12:18+00:00\",\"dateModified\":\"2019-06-15T20:31:38+00:00\",\"mainEntityOfPage\":{\"@id\":\"https:\\\/\\\/aargauermuslime.ch\\\/de\\\/zeigte-die-svp-widen-ihr-wahres-gesicht\\\/\"},\"wordCount\":540,\"commentCount\":0,\"publisher\":{\"@id\":\"https:\\\/\\\/aargauermuslime.ch\\\/de\\\/#organization\"},\"articleSection\":[\"News\"],\"inLanguage\":\"de\"},{\"@type\":\"WebPage\",\"@id\":\"https:\\\/\\\/aargauermuslime.ch\\\/de\\\/zeigte-die-svp-widen-ihr-wahres-gesicht\\\/\",\"url\":\"https:\\\/\\\/aargauermuslime.ch\\\/de\\\/zeigte-die-svp-widen-ihr-wahres-gesicht\\\/\",\"name\":\"Zeigte die SVP Widen ihr wahres Gesicht? - Verband Aargauer Muslime (VAM)\",\"isPartOf\":{\"@id\":\"https:\\\/\\\/aargauermuslime.ch\\\/de\\\/#website\"},\"datePublished\":\"2012-02-20T21:12:18+00:00\",\"dateModified\":\"2019-06-15T20:31:38+00:00\",\"breadcrumb\":{\"@id\":\"https:\\\/\\\/aargauermuslime.ch\\\/de\\\/zeigte-die-svp-widen-ihr-wahres-gesicht\\\/#breadcrumb\"},\"inLanguage\":\"de\",\"potentialAction\":[{\"@type\":\"ReadAction\",\"target\":[\"https:\\\/\\\/aargauermuslime.ch\\\/de\\\/zeigte-die-svp-widen-ihr-wahres-gesicht\\\/\"]}]},{\"@type\":\"BreadcrumbList\",\"@id\":\"https:\\\/\\\/aargauermuslime.ch\\\/de\\\/zeigte-die-svp-widen-ihr-wahres-gesicht\\\/#breadcrumb\",\"itemListElement\":[{\"@type\":\"ListItem\",\"position\":1,\"name\":\"Startseite\",\"item\":\"https:\\\/\\\/aargauermuslime.ch\\\/de\\\/\"},{\"@type\":\"ListItem\",\"position\":2,\"name\":\"Zeigte die SVP Widen ihr wahres Gesicht?\"}]},{\"@type\":\"WebSite\",\"@id\":\"https:\\\/\\\/aargauermuslime.ch\\\/de\\\/#website\",\"url\":\"https:\\\/\\\/aargauermuslime.ch\\\/de\\\/\",\"name\":\"Verband Aargauer Muslime (VAM)\",\"description\":\"Dachverband der muslimischen Institutionen im Aargau\",\"publisher\":{\"@id\":\"https:\\\/\\\/aargauermuslime.ch\\\/de\\\/#organization\"},\"potentialAction\":[{\"@type\":\"SearchAction\",\"target\":{\"@type\":\"EntryPoint\",\"urlTemplate\":\"https:\\\/\\\/aargauermuslime.ch\\\/de\\\/?s={search_term_string}\"},\"query-input\":{\"@type\":\"PropertyValueSpecification\",\"valueRequired\":true,\"valueName\":\"search_term_string\"}}],\"inLanguage\":\"de\"},{\"@type\":\"Organization\",\"@id\":\"https:\\\/\\\/aargauermuslime.ch\\\/de\\\/#organization\",\"name\":\"Verband Aargauer Muslime\",\"alternateName\":\"VAM\",\"url\":\"https:\\\/\\\/aargauermuslime.ch\\\/de\\\/\",\"logo\":{\"@type\":\"ImageObject\",\"inLanguage\":\"de\",\"@id\":\"https:\\\/\\\/aargauermuslime.ch\\\/de\\\/#\\\/schema\\\/logo\\\/image\\\/\",\"url\":\"https:\\\/\\\/aargauermuslime.ch\\\/de\\\/wp-content\\\/uploads\\\/2019\\\/07\\\/VAM-Logo_web.jpg\",\"contentUrl\":\"https:\\\/\\\/aargauermuslime.ch\\\/de\\\/wp-content\\\/uploads\\\/2019\\\/07\\\/VAM-Logo_web.jpg\",\"width\":800,\"height\":181,\"caption\":\"Verband Aargauer Muslime\"},\"image\":{\"@id\":\"https:\\\/\\\/aargauermuslime.ch\\\/de\\\/#\\\/schema\\\/logo\\\/image\\\/\"},\"sameAs\":[\"https:\\\/\\\/www.facebook.com\\\/groups\\\/aargauermuslime\"]},{\"@type\":\"Person\",\"@id\":\"https:\\\/\\\/aargauermuslime.ch\\\/de\\\/#\\\/schema\\\/person\\\/bd503aec0cac55acbb09e0c3a583e85d\",\"name\":\"Verwalter\",\"image\":{\"@type\":\"ImageObject\",\"inLanguage\":\"de\",\"@id\":\"https:\\\/\\\/secure.gravatar.com\\\/avatar\\\/7fd31a7e31c089b8b010ed4da69824ebcca1bb14f0e01f1121264b0f1712c489?s=96&d=mm&r=g\",\"url\":\"https:\\\/\\\/secure.gravatar.com\\\/avatar\\\/7fd31a7e31c089b8b010ed4da69824ebcca1bb14f0e01f1121264b0f1712c489?s=96&d=mm&r=g\",\"contentUrl\":\"https:\\\/\\\/secure.gravatar.com\\\/avatar\\\/7fd31a7e31c089b8b010ed4da69824ebcca1bb14f0e01f1121264b0f1712c489?s=96&d=mm&r=g\",\"caption\":\"Verwalter\"}}]}<\/script>\n<!-- \/ Yoast SEO plugin. -->","yoast_head_json":{"title":"Zeigte die SVP Widen ihr wahres Gesicht? - Verband Aargauer Muslime (VAM)","robots":{"index":"index","follow":"follow","max-snippet":"max-snippet:-1","max-image-preview":"max-image-preview:large","max-video-preview":"max-video-preview:-1"},"canonical":"https:\/\/aargauermuslime.ch\/de\/zeigte-die-svp-widen-ihr-wahres-gesicht\/","og_locale":"de_DE","og_type":"article","og_title":"Zeigte die SVP Widen ihr wahres Gesicht? - Verband Aargauer Muslime (VAM)","og_description":"Mit eindeutlg rassistischen Parolen wie \u00abSau T\u00fcrken\u00bb und \u00abDreck Jugos\u00bb hat die Ortssektion Widen der SVP einen \u00abgelungenen\u00bb Coup gelandet.","og_url":"https:\/\/aargauermuslime.ch\/de\/zeigte-die-svp-widen-ihr-wahres-gesicht\/","og_site_name":"Verband Aargauer Muslime (VAM)","article_publisher":"https:\/\/www.facebook.com\/groups\/aargauermuslime","article_published_time":"2012-02-20T21:12:18+00:00","article_modified_time":"2019-06-15T20:31:38+00:00","author":"Verwalter","twitter_card":"summary_large_image","twitter_misc":{"Verfasst von":"Verwalter","Gesch\u00e4tzte Lesezeit":"3\u00a0Minuten"},"schema":{"@context":"https:\/\/schema.org","@graph":[{"@type":"Article","@id":"https:\/\/aargauermuslime.ch\/de\/zeigte-die-svp-widen-ihr-wahres-gesicht\/#article","isPartOf":{"@id":"https:\/\/aargauermuslime.ch\/de\/zeigte-die-svp-widen-ihr-wahres-gesicht\/"},"author":{"name":"Verwalter","@id":"https:\/\/aargauermuslime.ch\/de\/#\/schema\/person\/bd503aec0cac55acbb09e0c3a583e85d"},"headline":"Zeigte die SVP Widen ihr wahres Gesicht?","datePublished":"2012-02-20T21:12:18+00:00","dateModified":"2019-06-15T20:31:38+00:00","mainEntityOfPage":{"@id":"https:\/\/aargauermuslime.ch\/de\/zeigte-die-svp-widen-ihr-wahres-gesicht\/"},"wordCount":540,"commentCount":0,"publisher":{"@id":"https:\/\/aargauermuslime.ch\/de\/#organization"},"articleSection":["News"],"inLanguage":"de"},{"@type":"WebPage","@id":"https:\/\/aargauermuslime.ch\/de\/zeigte-die-svp-widen-ihr-wahres-gesicht\/","url":"https:\/\/aargauermuslime.ch\/de\/zeigte-die-svp-widen-ihr-wahres-gesicht\/","name":"Zeigte die SVP Widen ihr wahres Gesicht? - Verband Aargauer Muslime (VAM)","isPartOf":{"@id":"https:\/\/aargauermuslime.ch\/de\/#website"},"datePublished":"2012-02-20T21:12:18+00:00","dateModified":"2019-06-15T20:31:38+00:00","breadcrumb":{"@id":"https:\/\/aargauermuslime.ch\/de\/zeigte-die-svp-widen-ihr-wahres-gesicht\/#breadcrumb"},"inLanguage":"de","potentialAction":[{"@type":"ReadAction","target":["https:\/\/aargauermuslime.ch\/de\/zeigte-die-svp-widen-ihr-wahres-gesicht\/"]}]},{"@type":"BreadcrumbList","@id":"https:\/\/aargauermuslime.ch\/de\/zeigte-die-svp-widen-ihr-wahres-gesicht\/#breadcrumb","itemListElement":[{"@type":"ListItem","position":1,"name":"Startseite","item":"https:\/\/aargauermuslime.ch\/de\/"},{"@type":"ListItem","position":2,"name":"Zeigte die SVP Widen ihr wahres Gesicht?"}]},{"@type":"WebSite","@id":"https:\/\/aargauermuslime.ch\/de\/#website","url":"https:\/\/aargauermuslime.ch\/de\/","name":"Verband Aargauer Muslime (VAM)","description":"Dachverband der muslimischen Institutionen im Aargau","publisher":{"@id":"https:\/\/aargauermuslime.ch\/de\/#organization"},"potentialAction":[{"@type":"SearchAction","target":{"@type":"EntryPoint","urlTemplate":"https:\/\/aargauermuslime.ch\/de\/?s={search_term_string}"},"query-input":{"@type":"PropertyValueSpecification","valueRequired":true,"valueName":"search_term_string"}}],"inLanguage":"de"},{"@type":"Organization","@id":"https:\/\/aargauermuslime.ch\/de\/#organization","name":"Verband Aargauer Muslime","alternateName":"VAM","url":"https:\/\/aargauermuslime.ch\/de\/","logo":{"@type":"ImageObject","inLanguage":"de","@id":"https:\/\/aargauermuslime.ch\/de\/#\/schema\/logo\/image\/","url":"https:\/\/aargauermuslime.ch\/de\/wp-content\/uploads\/2019\/07\/VAM-Logo_web.jpg","contentUrl":"https:\/\/aargauermuslime.ch\/de\/wp-content\/uploads\/2019\/07\/VAM-Logo_web.jpg","width":800,"height":181,"caption":"Verband Aargauer Muslime"},"image":{"@id":"https:\/\/aargauermuslime.ch\/de\/#\/schema\/logo\/image\/"},"sameAs":["https:\/\/www.facebook.com\/groups\/aargauermuslime"]},{"@type":"Person","@id":"https:\/\/aargauermuslime.ch\/de\/#\/schema\/person\/bd503aec0cac55acbb09e0c3a583e85d","name":"Verwalter","image":{"@type":"ImageObject","inLanguage":"de","@id":"https:\/\/secure.gravatar.com\/avatar\/7fd31a7e31c089b8b010ed4da69824ebcca1bb14f0e01f1121264b0f1712c489?s=96&d=mm&r=g","url":"https:\/\/secure.gravatar.com\/avatar\/7fd31a7e31c089b8b010ed4da69824ebcca1bb14f0e01f1121264b0f1712c489?s=96&d=mm&r=g","contentUrl":"https:\/\/secure.gravatar.com\/avatar\/7fd31a7e31c089b8b010ed4da69824ebcca1bb14f0e01f1121264b0f1712c489?s=96&d=mm&r=g","caption":"Verwalter"}}]}},"_links":{"self":[{"href":"https:\/\/aargauermuslime.ch\/de\/wp-json\/wp\/v2\/posts\/152","targetHints":{"allow":["GET"]}}],"collection":[{"href":"https:\/\/aargauermuslime.ch\/de\/wp-json\/wp\/v2\/posts"}],"about":[{"href":"https:\/\/aargauermuslime.ch\/de\/wp-json\/wp\/v2\/types\/post"}],"author":[{"embeddable":true,"href":"https:\/\/aargauermuslime.ch\/de\/wp-json\/wp\/v2\/users\/2"}],"replies":[{"embeddable":true,"href":"https:\/\/aargauermuslime.ch\/de\/wp-json\/wp\/v2\/comments?post=152"}],"version-history":[{"count":1,"href":"https:\/\/aargauermuslime.ch\/de\/wp-json\/wp\/v2\/posts\/152\/revisions"}],"predecessor-version":[{"id":1840,"href":"https:\/\/aargauermuslime.ch\/de\/wp-json\/wp\/v2\/posts\/152\/revisions\/1840"}],"wp:attachment":[{"href":"https:\/\/aargauermuslime.ch\/de\/wp-json\/wp\/v2\/media?parent=152"}],"wp:term":[{"taxonomy":"category","embeddable":true,"href":"https:\/\/aargauermuslime.ch\/de\/wp-json\/wp\/v2\/categories?post=152"},{"taxonomy":"post_tag","embeddable":true,"href":"https:\/\/aargauermuslime.ch\/de\/wp-json\/wp\/v2\/tags?post=152"}],"curies":[{"name":"wp","href":"https:\/\/api.w.org\/{rel}","templated":true}]}}