{"id":200,"date":"2013-09-15T19:49:50","date_gmt":"2013-09-15T19:49:50","guid":{"rendered":"https:\/\/aargauermuslime.ch\/de\/2013\/09\/15\/gebet-der-religionen-2013-in-baden-15-september-2013\/"},"modified":"2019-06-15T22:49:37","modified_gmt":"2019-06-15T20:49:37","slug":"gebet-der-religionen-2013-in-baden-15-september-2013","status":"publish","type":"post","link":"https:\/\/aargauermuslime.ch\/de\/gebet-der-religionen-2013-in-baden-15-september-2013\/","title":{"rendered":"Gebet der Religionen 2013 in Baden, 15. September 2013"},"content":{"rendered":"<p><span style=\"font-size: 10pt;\">\u00abIch h\u00f6re dein Gebet\u00bb war das diesj\u00e4hrige Thema am Eidgen\u00f6ssischen Buss- und Bettag 2013.<\/span><\/p>\n<p>   <span style=\"font-size: 10pt;\">Das Gebet stand im Zentrum des diesj\u00e4hrigen Gebets der Religionen in Baden, das traditionell interrelig\u00f6s in der Stadtkirche Baden durchgef\u00fchrt wird. Vertreterinnen und Vertreter von Christentum, Judentum, Islam, Hinduismus und Baha&#8217;i erz\u00e4hlten in der sehr gut besuchten katholischen Kirche von der Bedeutung der Gebete in ihrer Religion. So unterschiedlich die Religionen, so unterscheidlich auch die Formen des Gebets. Aber in allen Religionen geht es um die Anbetung Gottes und um die Bitte f\u00fcr Seinen Frieden und Segen.<\/span> <\/p>\n<p>\u00a0<\/p>\n<p><span style=\"font-size: 10pt; line-height: 1.3em;\">Die Beitr\u00e4ge der Vertrerinnen und Vertreter wurden dieses Mal untermalt durch das Harfenspiel von Salome Zinniker mit ihrer Tochter.&nbsp;<\/span><\/p>\n<p><span style=\"font-size: 10pt;\"><span style=\"font-size: 10pt;\">Ein gemeinsames Bittgebet bildete den Abschluss des feierlichen Teils in der Kirche, das wir Ihnen nicht vorenthalten m\u00f6chten:&nbsp;<\/span><\/span><\/p>\n<p>\u00a0<\/p>\n<div style=\"text-align: center;\"><span style=\"font-size: 10pt;\"><em><span style=\"line-height: 1.3em;\">Mach uns zu einem Werkzeug Deines Friedens,<br \/>d<\/span><span style=\"line-height: 1.3em;\">ass wir Liebe \u00fcben, wo man uns hasst<\/span><\/em><\/span><\/div>\n<p> <span style=\"font-size: 10pt; line-height: 1.3em;\"><span style=\"font-size: 10pt;\"><em><span style=\"font-size: 10pt;\"> <\/span> <\/em> <\/p>\n<div style=\"text-align: center;\"><span style=\"line-height: 1.3em;\"><span style=\"font-size: 10pt;\"><em>und wir die Wahrheit sagen, wo man sie verschweigt.<\/em><\/span><\/span><\/div>\n<div style=\"text-align: center;\"><span style=\"line-height: 1.3em;\"><span style=\"font-size: 10pt;\"><em><br \/><\/em><\/span><\/span><\/div>\n<div style=\"text-align: center;\"><span style=\"line-height: 1.3em;\"><span style=\"font-size: 10pt;\"><em>Mach uns zu einem Werkzeug Deines Friedens,<\/em><\/span><\/span><\/div>\n<div style=\"text-align: center;\"><span style=\"line-height: 1.3em;\"><span style=\"font-size: 10pt;\"><em>dass wir verzeihen, wo man sich beleidigt<\/em><\/span><\/span><\/div>\n<div style=\"text-align: center;\"><span style=\"line-height: 1.3em;\"><span style=\"font-size: 10pt;\"><em>und wir verbinden, da wo Streit ist.<\/em><\/span><\/span><\/div>\n<div style=\"text-align: center;\"><span style=\"line-height: 1.3em;\"><span style=\"font-size: 10pt;\"><em>&nbsp;<\/em><\/span><\/span><\/div>\n<div style=\"text-align: center;\"><\/div>\n<div style=\"text-align: center;\"><span style=\"line-height: 1.3em;\"><span style=\"font-size: 10pt;\"><em>Mach uns zu einem Werkzeug Deines Friedens,<\/em><\/span><\/span><\/div>\n<div style=\"text-align: center;\"><span style=\"line-height: 1.3em;\"><span style=\"font-size: 10pt;\"><em>dass wir Hoffnung wecken, wo Verzwiflung qu\u00e4lt<\/em><\/span><\/span><\/div>\n<div style=\"text-align: center;\"><span style=\"line-height: 1.3em;\"><span style=\"font-size: 10pt;\"><em>und wir Dein Licht anz\u00fcnden, wo die Finsternis regiert.<\/em><\/span><\/span><\/div>\n<div style=\"text-align: center;\"><span style=\"line-height: 1.3em;\"><span style=\"font-family: verdana, geneva;\"><br \/><\/span><\/span><\/div>\n<div><span style=\"line-height: 1.3em;\"><span style=\"font-family: verdana, geneva;\">Zum Schluss wurde allen Anwesenden Rosen verteilt mit der Bitte, sie Bekannten, Nachbarn und einsamen Menschen zu schenken.<\/span><\/span><\/div>\n<div>&nbsp;<\/div>\n<div><span style=\"font-size: 10pt; line-height: 1.3em; font-family: verdana, geneva;\">Anschliessend konnten sich die Teilnehmerinnen und Teilnehmer im Roten Turm am reichhaltigen orientalischen Buffet, das muslimische Frauen vorbereitet hatten, bedienen und beim gemeinsamen Essen ins Gespr\u00e4ch kommen.<\/span><\/div>\n<div><span style=\"font-size: 10pt; line-height: 1.3em;\">&nbsp;<\/span><\/div>\n<div><span style=\"font-size: 10pt; line-height: 1.3em;\">Besuchen Sie auch unsere <\/span><a href=\"\/project\/gebet-der-religionen-baden-15-september-2013\/\" style=\"font-size: 10pt; line-height: 1.3em;\">Bildergalerie<\/a><span style=\"font-size: 10pt; line-height: 1.3em;\">, um einen Eindruck dieses gelungenen Anlasses zu bekommen.<\/span><\/div>\n<p> <\/span><\/span> <\/p>\n<p><span style=\"font-size: 10pt;\"><br \/><\/span><\/p>\n","protected":false},"excerpt":{"rendered":"<p><span style=\"font-size: 10pt;\">\u00abIch h\u00f6re dein Gebet\u00bb war das diesj\u00e4hrige Thema am Eidgen\u00f6ssischen Buss- und Bettag 2013.<\/span><\/p>\n","protected":false},"author":2,"featured_media":680,"comment_status":"open","ping_status":"open","sticky":false,"template":"","format":"standard","meta":{"_et_pb_use_builder":"","_et_pb_old_content":"","_et_gb_content_width":"","ngg_post_thumbnail":0,"footnotes":""},"categories":[2],"tags":[],"class_list":["post-200","post","type-post","status-publish","format-standard","has-post-thumbnail","hentry","category-berichte"],"yoast_head":"<!-- This site is optimized with the Yoast SEO plugin v27.4 - https:\/\/yoast.com\/product\/yoast-seo-wordpress\/ -->\n<title>Gebet der Religionen 2013 in Baden, 15. September 2013 - Verband Aargauer Muslime (VAM)<\/title>\n<meta name=\"robots\" content=\"index, follow, max-snippet:-1, max-image-preview:large, max-video-preview:-1\" \/>\n<link rel=\"canonical\" href=\"https:\/\/aargauermuslime.ch\/de\/gebet-der-religionen-2013-in-baden-15-september-2013\/\" \/>\n<meta property=\"og:locale\" content=\"de_DE\" \/>\n<meta property=\"og:type\" content=\"article\" \/>\n<meta property=\"og:title\" content=\"Gebet der Religionen 2013 in Baden, 15. September 2013 - Verband Aargauer Muslime (VAM)\" \/>\n<meta property=\"og:description\" content=\"\u00abIch h\u00f6re dein Gebet\u00bb war das diesj\u00e4hrige Thema am Eidgen\u00f6ssischen Buss- und Bettag 2013.\" \/>\n<meta property=\"og:url\" content=\"https:\/\/aargauermuslime.ch\/de\/gebet-der-religionen-2013-in-baden-15-september-2013\/\" \/>\n<meta property=\"og:site_name\" content=\"Verband Aargauer Muslime (VAM)\" \/>\n<meta property=\"article:publisher\" content=\"https:\/\/www.facebook.com\/groups\/aargauermuslime\" \/>\n<meta property=\"article:published_time\" content=\"2013-09-15T19:49:50+00:00\" \/>\n<meta property=\"article:modified_time\" content=\"2019-06-15T20:49:37+00:00\" \/>\n<meta property=\"og:image\" content=\"https:\/\/aargauermuslime.ch\/de\/wp-content\/uploads\/2013\/09\/Gebet_der_Religionen_2013-09-15_Gebet_der_Religionen_2013.jpg\" \/>\n\t<meta property=\"og:image:width\" content=\"600\" \/>\n\t<meta property=\"og:image:height\" content=\"450\" \/>\n\t<meta property=\"og:image:type\" content=\"image\/jpeg\" \/>\n<meta name=\"author\" content=\"Verwalter\" \/>\n<meta name=\"twitter:card\" content=\"summary_large_image\" \/>\n<meta name=\"twitter:label1\" content=\"Verfasst von\" \/>\n\t<meta name=\"twitter:data1\" content=\"Verwalter\" \/>\n\t<meta name=\"twitter:label2\" content=\"Gesch\u00e4tzte Lesezeit\" \/>\n\t<meta name=\"twitter:data2\" content=\"1\u00a0Minute\" \/>\n<script type=\"application\/ld+json\" class=\"yoast-schema-graph\">{\"@context\":\"https:\\\/\\\/schema.org\",\"@graph\":[{\"@type\":\"Article\",\"@id\":\"https:\\\/\\\/aargauermuslime.ch\\\/de\\\/gebet-der-religionen-2013-in-baden-15-september-2013\\\/#article\",\"isPartOf\":{\"@id\":\"https:\\\/\\\/aargauermuslime.ch\\\/de\\\/gebet-der-religionen-2013-in-baden-15-september-2013\\\/\"},\"author\":{\"name\":\"Verwalter\",\"@id\":\"https:\\\/\\\/aargauermuslime.ch\\\/de\\\/#\\\/schema\\\/person\\\/bd503aec0cac55acbb09e0c3a583e85d\"},\"headline\":\"Gebet der Religionen 2013 in Baden, 15. September 2013\",\"datePublished\":\"2013-09-15T19:49:50+00:00\",\"dateModified\":\"2019-06-15T20:49:37+00:00\",\"mainEntityOfPage\":{\"@id\":\"https:\\\/\\\/aargauermuslime.ch\\\/de\\\/gebet-der-religionen-2013-in-baden-15-september-2013\\\/\"},\"wordCount\":278,\"commentCount\":0,\"publisher\":{\"@id\":\"https:\\\/\\\/aargauermuslime.ch\\\/de\\\/#organization\"},\"image\":{\"@id\":\"https:\\\/\\\/aargauermuslime.ch\\\/de\\\/gebet-der-religionen-2013-in-baden-15-september-2013\\\/#primaryimage\"},\"thumbnailUrl\":\"https:\\\/\\\/aargauermuslime.ch\\\/de\\\/wp-content\\\/uploads\\\/2013\\\/09\\\/Gebet_der_Religionen_2013-09-15_Gebet_der_Religionen_2013.jpg\",\"articleSection\":[\"Berichte\"],\"inLanguage\":\"de\"},{\"@type\":\"WebPage\",\"@id\":\"https:\\\/\\\/aargauermuslime.ch\\\/de\\\/gebet-der-religionen-2013-in-baden-15-september-2013\\\/\",\"url\":\"https:\\\/\\\/aargauermuslime.ch\\\/de\\\/gebet-der-religionen-2013-in-baden-15-september-2013\\\/\",\"name\":\"Gebet der Religionen 2013 in Baden, 15. September 2013 - Verband Aargauer Muslime (VAM)\",\"isPartOf\":{\"@id\":\"https:\\\/\\\/aargauermuslime.ch\\\/de\\\/#website\"},\"primaryImageOfPage\":{\"@id\":\"https:\\\/\\\/aargauermuslime.ch\\\/de\\\/gebet-der-religionen-2013-in-baden-15-september-2013\\\/#primaryimage\"},\"image\":{\"@id\":\"https:\\\/\\\/aargauermuslime.ch\\\/de\\\/gebet-der-religionen-2013-in-baden-15-september-2013\\\/#primaryimage\"},\"thumbnailUrl\":\"https:\\\/\\\/aargauermuslime.ch\\\/de\\\/wp-content\\\/uploads\\\/2013\\\/09\\\/Gebet_der_Religionen_2013-09-15_Gebet_der_Religionen_2013.jpg\",\"datePublished\":\"2013-09-15T19:49:50+00:00\",\"dateModified\":\"2019-06-15T20:49:37+00:00\",\"breadcrumb\":{\"@id\":\"https:\\\/\\\/aargauermuslime.ch\\\/de\\\/gebet-der-religionen-2013-in-baden-15-september-2013\\\/#breadcrumb\"},\"inLanguage\":\"de\",\"potentialAction\":[{\"@type\":\"ReadAction\",\"target\":[\"https:\\\/\\\/aargauermuslime.ch\\\/de\\\/gebet-der-religionen-2013-in-baden-15-september-2013\\\/\"]}]},{\"@type\":\"ImageObject\",\"inLanguage\":\"de\",\"@id\":\"https:\\\/\\\/aargauermuslime.ch\\\/de\\\/gebet-der-religionen-2013-in-baden-15-september-2013\\\/#primaryimage\",\"url\":\"https:\\\/\\\/aargauermuslime.ch\\\/de\\\/wp-content\\\/uploads\\\/2013\\\/09\\\/Gebet_der_Religionen_2013-09-15_Gebet_der_Religionen_2013.jpg\",\"contentUrl\":\"https:\\\/\\\/aargauermuslime.ch\\\/de\\\/wp-content\\\/uploads\\\/2013\\\/09\\\/Gebet_der_Religionen_2013-09-15_Gebet_der_Religionen_2013.jpg\",\"width\":600,\"height\":450,\"caption\":\"Gebet_der_Religionen_2013\"},{\"@type\":\"BreadcrumbList\",\"@id\":\"https:\\\/\\\/aargauermuslime.ch\\\/de\\\/gebet-der-religionen-2013-in-baden-15-september-2013\\\/#breadcrumb\",\"itemListElement\":[{\"@type\":\"ListItem\",\"position\":1,\"name\":\"Startseite\",\"item\":\"https:\\\/\\\/aargauermuslime.ch\\\/de\\\/\"},{\"@type\":\"ListItem\",\"position\":2,\"name\":\"Gebet der Religionen 2013 in Baden, 15. September 2013\"}]},{\"@type\":\"WebSite\",\"@id\":\"https:\\\/\\\/aargauermuslime.ch\\\/de\\\/#website\",\"url\":\"https:\\\/\\\/aargauermuslime.ch\\\/de\\\/\",\"name\":\"Verband Aargauer Muslime (VAM)\",\"description\":\"Dachverband der muslimischen Institutionen im Aargau\",\"publisher\":{\"@id\":\"https:\\\/\\\/aargauermuslime.ch\\\/de\\\/#organization\"},\"potentialAction\":[{\"@type\":\"SearchAction\",\"target\":{\"@type\":\"EntryPoint\",\"urlTemplate\":\"https:\\\/\\\/aargauermuslime.ch\\\/de\\\/?s={search_term_string}\"},\"query-input\":{\"@type\":\"PropertyValueSpecification\",\"valueRequired\":true,\"valueName\":\"search_term_string\"}}],\"inLanguage\":\"de\"},{\"@type\":\"Organization\",\"@id\":\"https:\\\/\\\/aargauermuslime.ch\\\/de\\\/#organization\",\"name\":\"Verband Aargauer Muslime\",\"alternateName\":\"VAM\",\"url\":\"https:\\\/\\\/aargauermuslime.ch\\\/de\\\/\",\"logo\":{\"@type\":\"ImageObject\",\"inLanguage\":\"de\",\"@id\":\"https:\\\/\\\/aargauermuslime.ch\\\/de\\\/#\\\/schema\\\/logo\\\/image\\\/\",\"url\":\"https:\\\/\\\/aargauermuslime.ch\\\/de\\\/wp-content\\\/uploads\\\/2019\\\/07\\\/VAM-Logo_web.jpg\",\"contentUrl\":\"https:\\\/\\\/aargauermuslime.ch\\\/de\\\/wp-content\\\/uploads\\\/2019\\\/07\\\/VAM-Logo_web.jpg\",\"width\":800,\"height\":181,\"caption\":\"Verband Aargauer Muslime\"},\"image\":{\"@id\":\"https:\\\/\\\/aargauermuslime.ch\\\/de\\\/#\\\/schema\\\/logo\\\/image\\\/\"},\"sameAs\":[\"https:\\\/\\\/www.facebook.com\\\/groups\\\/aargauermuslime\"]},{\"@type\":\"Person\",\"@id\":\"https:\\\/\\\/aargauermuslime.ch\\\/de\\\/#\\\/schema\\\/person\\\/bd503aec0cac55acbb09e0c3a583e85d\",\"name\":\"Verwalter\",\"image\":{\"@type\":\"ImageObject\",\"inLanguage\":\"de\",\"@id\":\"https:\\\/\\\/secure.gravatar.com\\\/avatar\\\/7fd31a7e31c089b8b010ed4da69824ebcca1bb14f0e01f1121264b0f1712c489?s=96&d=mm&r=g\",\"url\":\"https:\\\/\\\/secure.gravatar.com\\\/avatar\\\/7fd31a7e31c089b8b010ed4da69824ebcca1bb14f0e01f1121264b0f1712c489?s=96&d=mm&r=g\",\"contentUrl\":\"https:\\\/\\\/secure.gravatar.com\\\/avatar\\\/7fd31a7e31c089b8b010ed4da69824ebcca1bb14f0e01f1121264b0f1712c489?s=96&d=mm&r=g\",\"caption\":\"Verwalter\"}}]}<\/script>\n<!-- \/ Yoast SEO plugin. -->","yoast_head_json":{"title":"Gebet der Religionen 2013 in Baden, 15. September 2013 - Verband Aargauer Muslime (VAM)","robots":{"index":"index","follow":"follow","max-snippet":"max-snippet:-1","max-image-preview":"max-image-preview:large","max-video-preview":"max-video-preview:-1"},"canonical":"https:\/\/aargauermuslime.ch\/de\/gebet-der-religionen-2013-in-baden-15-september-2013\/","og_locale":"de_DE","og_type":"article","og_title":"Gebet der Religionen 2013 in Baden, 15. September 2013 - Verband Aargauer Muslime (VAM)","og_description":"\u00abIch h\u00f6re dein Gebet\u00bb war das diesj\u00e4hrige Thema am Eidgen\u00f6ssischen Buss- und Bettag 2013.","og_url":"https:\/\/aargauermuslime.ch\/de\/gebet-der-religionen-2013-in-baden-15-september-2013\/","og_site_name":"Verband Aargauer Muslime (VAM)","article_publisher":"https:\/\/www.facebook.com\/groups\/aargauermuslime","article_published_time":"2013-09-15T19:49:50+00:00","article_modified_time":"2019-06-15T20:49:37+00:00","og_image":[{"width":600,"height":450,"url":"https:\/\/aargauermuslime.ch\/de\/wp-content\/uploads\/2013\/09\/Gebet_der_Religionen_2013-09-15_Gebet_der_Religionen_2013.jpg","type":"image\/jpeg"}],"author":"Verwalter","twitter_card":"summary_large_image","twitter_misc":{"Verfasst von":"Verwalter","Gesch\u00e4tzte Lesezeit":"1\u00a0Minute"},"schema":{"@context":"https:\/\/schema.org","@graph":[{"@type":"Article","@id":"https:\/\/aargauermuslime.ch\/de\/gebet-der-religionen-2013-in-baden-15-september-2013\/#article","isPartOf":{"@id":"https:\/\/aargauermuslime.ch\/de\/gebet-der-religionen-2013-in-baden-15-september-2013\/"},"author":{"name":"Verwalter","@id":"https:\/\/aargauermuslime.ch\/de\/#\/schema\/person\/bd503aec0cac55acbb09e0c3a583e85d"},"headline":"Gebet der Religionen 2013 in Baden, 15. September 2013","datePublished":"2013-09-15T19:49:50+00:00","dateModified":"2019-06-15T20:49:37+00:00","mainEntityOfPage":{"@id":"https:\/\/aargauermuslime.ch\/de\/gebet-der-religionen-2013-in-baden-15-september-2013\/"},"wordCount":278,"commentCount":0,"publisher":{"@id":"https:\/\/aargauermuslime.ch\/de\/#organization"},"image":{"@id":"https:\/\/aargauermuslime.ch\/de\/gebet-der-religionen-2013-in-baden-15-september-2013\/#primaryimage"},"thumbnailUrl":"https:\/\/aargauermuslime.ch\/de\/wp-content\/uploads\/2013\/09\/Gebet_der_Religionen_2013-09-15_Gebet_der_Religionen_2013.jpg","articleSection":["Berichte"],"inLanguage":"de"},{"@type":"WebPage","@id":"https:\/\/aargauermuslime.ch\/de\/gebet-der-religionen-2013-in-baden-15-september-2013\/","url":"https:\/\/aargauermuslime.ch\/de\/gebet-der-religionen-2013-in-baden-15-september-2013\/","name":"Gebet der Religionen 2013 in Baden, 15. September 2013 - Verband Aargauer Muslime (VAM)","isPartOf":{"@id":"https:\/\/aargauermuslime.ch\/de\/#website"},"primaryImageOfPage":{"@id":"https:\/\/aargauermuslime.ch\/de\/gebet-der-religionen-2013-in-baden-15-september-2013\/#primaryimage"},"image":{"@id":"https:\/\/aargauermuslime.ch\/de\/gebet-der-religionen-2013-in-baden-15-september-2013\/#primaryimage"},"thumbnailUrl":"https:\/\/aargauermuslime.ch\/de\/wp-content\/uploads\/2013\/09\/Gebet_der_Religionen_2013-09-15_Gebet_der_Religionen_2013.jpg","datePublished":"2013-09-15T19:49:50+00:00","dateModified":"2019-06-15T20:49:37+00:00","breadcrumb":{"@id":"https:\/\/aargauermuslime.ch\/de\/gebet-der-religionen-2013-in-baden-15-september-2013\/#breadcrumb"},"inLanguage":"de","potentialAction":[{"@type":"ReadAction","target":["https:\/\/aargauermuslime.ch\/de\/gebet-der-religionen-2013-in-baden-15-september-2013\/"]}]},{"@type":"ImageObject","inLanguage":"de","@id":"https:\/\/aargauermuslime.ch\/de\/gebet-der-religionen-2013-in-baden-15-september-2013\/#primaryimage","url":"https:\/\/aargauermuslime.ch\/de\/wp-content\/uploads\/2013\/09\/Gebet_der_Religionen_2013-09-15_Gebet_der_Religionen_2013.jpg","contentUrl":"https:\/\/aargauermuslime.ch\/de\/wp-content\/uploads\/2013\/09\/Gebet_der_Religionen_2013-09-15_Gebet_der_Religionen_2013.jpg","width":600,"height":450,"caption":"Gebet_der_Religionen_2013"},{"@type":"BreadcrumbList","@id":"https:\/\/aargauermuslime.ch\/de\/gebet-der-religionen-2013-in-baden-15-september-2013\/#breadcrumb","itemListElement":[{"@type":"ListItem","position":1,"name":"Startseite","item":"https:\/\/aargauermuslime.ch\/de\/"},{"@type":"ListItem","position":2,"name":"Gebet der Religionen 2013 in Baden, 15. September 2013"}]},{"@type":"WebSite","@id":"https:\/\/aargauermuslime.ch\/de\/#website","url":"https:\/\/aargauermuslime.ch\/de\/","name":"Verband Aargauer Muslime (VAM)","description":"Dachverband der muslimischen Institutionen im Aargau","publisher":{"@id":"https:\/\/aargauermuslime.ch\/de\/#organization"},"potentialAction":[{"@type":"SearchAction","target":{"@type":"EntryPoint","urlTemplate":"https:\/\/aargauermuslime.ch\/de\/?s={search_term_string}"},"query-input":{"@type":"PropertyValueSpecification","valueRequired":true,"valueName":"search_term_string"}}],"inLanguage":"de"},{"@type":"Organization","@id":"https:\/\/aargauermuslime.ch\/de\/#organization","name":"Verband Aargauer Muslime","alternateName":"VAM","url":"https:\/\/aargauermuslime.ch\/de\/","logo":{"@type":"ImageObject","inLanguage":"de","@id":"https:\/\/aargauermuslime.ch\/de\/#\/schema\/logo\/image\/","url":"https:\/\/aargauermuslime.ch\/de\/wp-content\/uploads\/2019\/07\/VAM-Logo_web.jpg","contentUrl":"https:\/\/aargauermuslime.ch\/de\/wp-content\/uploads\/2019\/07\/VAM-Logo_web.jpg","width":800,"height":181,"caption":"Verband Aargauer Muslime"},"image":{"@id":"https:\/\/aargauermuslime.ch\/de\/#\/schema\/logo\/image\/"},"sameAs":["https:\/\/www.facebook.com\/groups\/aargauermuslime"]},{"@type":"Person","@id":"https:\/\/aargauermuslime.ch\/de\/#\/schema\/person\/bd503aec0cac55acbb09e0c3a583e85d","name":"Verwalter","image":{"@type":"ImageObject","inLanguage":"de","@id":"https:\/\/secure.gravatar.com\/avatar\/7fd31a7e31c089b8b010ed4da69824ebcca1bb14f0e01f1121264b0f1712c489?s=96&d=mm&r=g","url":"https:\/\/secure.gravatar.com\/avatar\/7fd31a7e31c089b8b010ed4da69824ebcca1bb14f0e01f1121264b0f1712c489?s=96&d=mm&r=g","contentUrl":"https:\/\/secure.gravatar.com\/avatar\/7fd31a7e31c089b8b010ed4da69824ebcca1bb14f0e01f1121264b0f1712c489?s=96&d=mm&r=g","caption":"Verwalter"}}]}},"_links":{"self":[{"href":"https:\/\/aargauermuslime.ch\/de\/wp-json\/wp\/v2\/posts\/200","targetHints":{"allow":["GET"]}}],"collection":[{"href":"https:\/\/aargauermuslime.ch\/de\/wp-json\/wp\/v2\/posts"}],"about":[{"href":"https:\/\/aargauermuslime.ch\/de\/wp-json\/wp\/v2\/types\/post"}],"author":[{"embeddable":true,"href":"https:\/\/aargauermuslime.ch\/de\/wp-json\/wp\/v2\/users\/2"}],"replies":[{"embeddable":true,"href":"https:\/\/aargauermuslime.ch\/de\/wp-json\/wp\/v2\/comments?post=200"}],"version-history":[{"count":1,"href":"https:\/\/aargauermuslime.ch\/de\/wp-json\/wp\/v2\/posts\/200\/revisions"}],"predecessor-version":[{"id":1868,"href":"https:\/\/aargauermuslime.ch\/de\/wp-json\/wp\/v2\/posts\/200\/revisions\/1868"}],"wp:featuredmedia":[{"embeddable":true,"href":"https:\/\/aargauermuslime.ch\/de\/wp-json\/wp\/v2\/media\/680"}],"wp:attachment":[{"href":"https:\/\/aargauermuslime.ch\/de\/wp-json\/wp\/v2\/media?parent=200"}],"wp:term":[{"taxonomy":"category","embeddable":true,"href":"https:\/\/aargauermuslime.ch\/de\/wp-json\/wp\/v2\/categories?post=200"},{"taxonomy":"post_tag","embeddable":true,"href":"https:\/\/aargauermuslime.ch\/de\/wp-json\/wp\/v2\/tags?post=200"}],"curies":[{"name":"wp","href":"https:\/\/api.w.org\/{rel}","templated":true}]}}