{"id":203,"date":"2013-11-11T10:30:43","date_gmt":"2013-11-11T10:30:43","guid":{"rendered":"https:\/\/aargauermuslime.ch\/de\/2013\/11\/11\/tag-der-offenen-moschee-9-november-2013\/"},"modified":"2019-06-15T22:50:23","modified_gmt":"2019-06-15T20:50:23","slug":"tag-der-offenen-moschee-9-november-2013","status":"publish","type":"post","link":"https:\/\/aargauermuslime.ch\/de\/tag-der-offenen-moschee-9-november-2013\/","title":{"rendered":"Tag der offenen Moschee, 9. November 2013"},"content":{"rendered":"<p><span style=\"font-family: verdana,geneva;\"><span style=\"font-size: 10pt;\">Mit rund 250 Besucherinnen und Besuchern war der Tag der offenen Moschee im Aargau auch dieses Jahr sehr gut besucht.<\/span><\/span><\/p>\n<p>   <span style=\"font-size: 10pt;\">Am 9. November 2013 luden zehn Moscheen im ganzen Kanton Aargau die Bev\u00f6lkerung ein, sich ein eigenes Bild des religi\u00f6sen Lebens der Musliminnen und Muslime in der Schweiz zu machen. Heuer waren es kanpp 250 Personen, die diese Einladung annahmen und eine Moschee in ihrer n\u00e4heren oder ferneren Umgebung besuchten, um mehr \u00fcber den Islam und die hier lebenden Musliminnen und Muslime zu erfahren, Fragen zu stellen und zu diskutieren.<\/span><\/p>\n<p><span style=\"font-size: 10pt;\">&nbsp;<\/span><span style=\"line-height: 1.3em;\">Auff\u00e4llig war dieses Mal, dass sehr viele kritische Mitb\u00fcrgerinnen und B\u00fcrger den Schritt wagten und sich in eine Moscheen begaben, um ihre Bedenken und Vorbehalte gegen\u00fcber dem Islam zum Ausdruck zu bringen und sich mit den Betroffenen direkt auszutauschen. Die Diskussionen fanden in einer offenen und respektvollen Atmosph\u00e4re statt, was viel zum Abbau gegenseitiger Vorurteile beitrug. &nbsp;<\/span><\/p>\n<p><span style=\"font-family: verdana, geneva; font-size: 10pt; line-height: 1.3em;\">Der VAM ist nach wir vor davon \u00fcberzeugt, dass mit dem Tag der offenen Moschee ein wichtiger Beitrag zum Abbau von Vorurteilen und zur F\u00f6rderung des gegenseitigen Verst\u00e4ndnisses und der Integration geleistet werden kann.<\/span><\/p>\n<p><span style=\"font-family: verdana, geneva; font-size: 10pt; line-height: 1.3em;\"><br \/><\/span><\/p>\n<p><span style=\"font-family: verdana,geneva;\"><span style=\"font-size: 10pt;\">Lesen Sie auch <a target=\"_blank\" href=\"http:\/\/www.aargauerzeitung.ch\/aargau\/zurzach\/wenn-der-imam-keine-zeit-hat-ruft-in-der-moschee-ein-5-jaehriger-zum-gebet-127364558\" rel=\"noopener noreferrer\">hier<\/a>&nbsp;einen Artikel, der am 10.11.2013 auf <strong>AZ online<\/strong> zum Tag der offenen Moschee in D\u00f6ttingen erschienen ist.<\/span><\/span><\/p>\n<p><span style=\"font-family: verdana,geneva;\"><span style=\"font-size: 10pt;\">Eine <strong>Bildergalerie <\/strong>zum Anlass kann&nbsp;<a target=\"_blank\" href=\"\/project\/tag-der-offenen-moschee-im-kanton-aargau-9-november-2013\/\" style=\"font-family: verdana, geneva; font-size: 13px;\" rel=\"noopener noreferrer\">hier<\/a> eingesehen werden.<\/span><\/span><\/p>\n<p><span style=\"font-family: verdana,geneva;\"><span style=\"font-size: 10pt;\"><br \/><\/span><\/span><\/p>\n","protected":false},"excerpt":{"rendered":"<p><span style=\"font-family: verdana,geneva;\"><span style=\"font-size: 10pt;\">Mit rund 250 Besucherinnen und Besuchern war der Tag der offenen Moschee im Aargau auch dieses Jahr sehr gut besucht.<\/span><\/span><\/p>\n<p>\n","protected":false},"author":2,"featured_media":683,"comment_status":"open","ping_status":"open","sticky":false,"template":"","format":"standard","meta":{"_et_pb_use_builder":"","_et_pb_old_content":"","_et_gb_content_width":"","ngg_post_thumbnail":0,"footnotes":""},"categories":[2],"tags":[],"class_list":["post-203","post","type-post","status-publish","format-standard","has-post-thumbnail","hentry","category-berichte"],"yoast_head":"<!-- This site is optimized with the Yoast SEO plugin v27.4 - https:\/\/yoast.com\/product\/yoast-seo-wordpress\/ -->\n<title>Tag der offenen Moschee, 9. November 2013 - Verband Aargauer Muslime (VAM)<\/title>\n<meta name=\"robots\" content=\"index, follow, max-snippet:-1, max-image-preview:large, max-video-preview:-1\" \/>\n<link rel=\"canonical\" href=\"https:\/\/aargauermuslime.ch\/de\/tag-der-offenen-moschee-9-november-2013\/\" \/>\n<meta property=\"og:locale\" content=\"de_DE\" \/>\n<meta property=\"og:type\" content=\"article\" \/>\n<meta property=\"og:title\" content=\"Tag der offenen Moschee, 9. November 2013 - Verband Aargauer Muslime (VAM)\" \/>\n<meta property=\"og:description\" content=\"Mit rund 250 Besucherinnen und Besuchern war der Tag der offenen Moschee im Aargau auch dieses Jahr sehr gut besucht.\" \/>\n<meta property=\"og:url\" content=\"https:\/\/aargauermuslime.ch\/de\/tag-der-offenen-moschee-9-november-2013\/\" \/>\n<meta property=\"og:site_name\" content=\"Verband Aargauer Muslime (VAM)\" \/>\n<meta property=\"article:publisher\" content=\"https:\/\/www.facebook.com\/groups\/aargauermuslime\" \/>\n<meta property=\"article:published_time\" content=\"2013-11-11T10:30:43+00:00\" \/>\n<meta property=\"article:modified_time\" content=\"2019-06-15T20:50:23+00:00\" \/>\n<meta property=\"og:image\" content=\"https:\/\/aargauermuslime.ch\/de\/wp-content\/uploads\/2013\/11\/TdoM_2013-11-09_TdoM-2013_Moschee_Wohlen.jpg\" \/>\n\t<meta property=\"og:image:width\" content=\"350\" \/>\n\t<meta property=\"og:image:height\" content=\"235\" \/>\n\t<meta property=\"og:image:type\" content=\"image\/jpeg\" \/>\n<meta name=\"author\" content=\"Verwalter\" \/>\n<meta name=\"twitter:card\" content=\"summary_large_image\" \/>\n<meta name=\"twitter:label1\" content=\"Verfasst von\" \/>\n\t<meta name=\"twitter:data1\" content=\"Verwalter\" \/>\n\t<meta name=\"twitter:label2\" content=\"Gesch\u00e4tzte Lesezeit\" \/>\n\t<meta name=\"twitter:data2\" content=\"1\u00a0Minute\" \/>\n<script type=\"application\/ld+json\" class=\"yoast-schema-graph\">{\"@context\":\"https:\\\/\\\/schema.org\",\"@graph\":[{\"@type\":\"Article\",\"@id\":\"https:\\\/\\\/aargauermuslime.ch\\\/de\\\/tag-der-offenen-moschee-9-november-2013\\\/#article\",\"isPartOf\":{\"@id\":\"https:\\\/\\\/aargauermuslime.ch\\\/de\\\/tag-der-offenen-moschee-9-november-2013\\\/\"},\"author\":{\"name\":\"Verwalter\",\"@id\":\"https:\\\/\\\/aargauermuslime.ch\\\/de\\\/#\\\/schema\\\/person\\\/bd503aec0cac55acbb09e0c3a583e85d\"},\"headline\":\"Tag der offenen Moschee, 9. November 2013\",\"datePublished\":\"2013-11-11T10:30:43+00:00\",\"dateModified\":\"2019-06-15T20:50:23+00:00\",\"mainEntityOfPage\":{\"@id\":\"https:\\\/\\\/aargauermuslime.ch\\\/de\\\/tag-der-offenen-moschee-9-november-2013\\\/\"},\"wordCount\":224,\"commentCount\":0,\"publisher\":{\"@id\":\"https:\\\/\\\/aargauermuslime.ch\\\/de\\\/#organization\"},\"image\":{\"@id\":\"https:\\\/\\\/aargauermuslime.ch\\\/de\\\/tag-der-offenen-moschee-9-november-2013\\\/#primaryimage\"},\"thumbnailUrl\":\"https:\\\/\\\/aargauermuslime.ch\\\/de\\\/wp-content\\\/uploads\\\/2013\\\/11\\\/TdoM_2013-11-09_TdoM-2013_Moschee_Wohlen.jpg\",\"articleSection\":[\"Berichte\"],\"inLanguage\":\"de\"},{\"@type\":\"WebPage\",\"@id\":\"https:\\\/\\\/aargauermuslime.ch\\\/de\\\/tag-der-offenen-moschee-9-november-2013\\\/\",\"url\":\"https:\\\/\\\/aargauermuslime.ch\\\/de\\\/tag-der-offenen-moschee-9-november-2013\\\/\",\"name\":\"Tag der offenen Moschee, 9. November 2013 - Verband Aargauer Muslime (VAM)\",\"isPartOf\":{\"@id\":\"https:\\\/\\\/aargauermuslime.ch\\\/de\\\/#website\"},\"primaryImageOfPage\":{\"@id\":\"https:\\\/\\\/aargauermuslime.ch\\\/de\\\/tag-der-offenen-moschee-9-november-2013\\\/#primaryimage\"},\"image\":{\"@id\":\"https:\\\/\\\/aargauermuslime.ch\\\/de\\\/tag-der-offenen-moschee-9-november-2013\\\/#primaryimage\"},\"thumbnailUrl\":\"https:\\\/\\\/aargauermuslime.ch\\\/de\\\/wp-content\\\/uploads\\\/2013\\\/11\\\/TdoM_2013-11-09_TdoM-2013_Moschee_Wohlen.jpg\",\"datePublished\":\"2013-11-11T10:30:43+00:00\",\"dateModified\":\"2019-06-15T20:50:23+00:00\",\"breadcrumb\":{\"@id\":\"https:\\\/\\\/aargauermuslime.ch\\\/de\\\/tag-der-offenen-moschee-9-november-2013\\\/#breadcrumb\"},\"inLanguage\":\"de\",\"potentialAction\":[{\"@type\":\"ReadAction\",\"target\":[\"https:\\\/\\\/aargauermuslime.ch\\\/de\\\/tag-der-offenen-moschee-9-november-2013\\\/\"]}]},{\"@type\":\"ImageObject\",\"inLanguage\":\"de\",\"@id\":\"https:\\\/\\\/aargauermuslime.ch\\\/de\\\/tag-der-offenen-moschee-9-november-2013\\\/#primaryimage\",\"url\":\"https:\\\/\\\/aargauermuslime.ch\\\/de\\\/wp-content\\\/uploads\\\/2013\\\/11\\\/TdoM_2013-11-09_TdoM-2013_Moschee_Wohlen.jpg\",\"contentUrl\":\"https:\\\/\\\/aargauermuslime.ch\\\/de\\\/wp-content\\\/uploads\\\/2013\\\/11\\\/TdoM_2013-11-09_TdoM-2013_Moschee_Wohlen.jpg\",\"width\":350,\"height\":235,\"caption\":\"TdoM 2013_Moschee_Wohlen\"},{\"@type\":\"BreadcrumbList\",\"@id\":\"https:\\\/\\\/aargauermuslime.ch\\\/de\\\/tag-der-offenen-moschee-9-november-2013\\\/#breadcrumb\",\"itemListElement\":[{\"@type\":\"ListItem\",\"position\":1,\"name\":\"Startseite\",\"item\":\"https:\\\/\\\/aargauermuslime.ch\\\/de\\\/\"},{\"@type\":\"ListItem\",\"position\":2,\"name\":\"Tag der offenen Moschee, 9. November 2013\"}]},{\"@type\":\"WebSite\",\"@id\":\"https:\\\/\\\/aargauermuslime.ch\\\/de\\\/#website\",\"url\":\"https:\\\/\\\/aargauermuslime.ch\\\/de\\\/\",\"name\":\"Verband Aargauer Muslime (VAM)\",\"description\":\"Dachverband der muslimischen Institutionen im Aargau\",\"publisher\":{\"@id\":\"https:\\\/\\\/aargauermuslime.ch\\\/de\\\/#organization\"},\"potentialAction\":[{\"@type\":\"SearchAction\",\"target\":{\"@type\":\"EntryPoint\",\"urlTemplate\":\"https:\\\/\\\/aargauermuslime.ch\\\/de\\\/?s={search_term_string}\"},\"query-input\":{\"@type\":\"PropertyValueSpecification\",\"valueRequired\":true,\"valueName\":\"search_term_string\"}}],\"inLanguage\":\"de\"},{\"@type\":\"Organization\",\"@id\":\"https:\\\/\\\/aargauermuslime.ch\\\/de\\\/#organization\",\"name\":\"Verband Aargauer Muslime\",\"alternateName\":\"VAM\",\"url\":\"https:\\\/\\\/aargauermuslime.ch\\\/de\\\/\",\"logo\":{\"@type\":\"ImageObject\",\"inLanguage\":\"de\",\"@id\":\"https:\\\/\\\/aargauermuslime.ch\\\/de\\\/#\\\/schema\\\/logo\\\/image\\\/\",\"url\":\"https:\\\/\\\/aargauermuslime.ch\\\/de\\\/wp-content\\\/uploads\\\/2019\\\/07\\\/VAM-Logo_web.jpg\",\"contentUrl\":\"https:\\\/\\\/aargauermuslime.ch\\\/de\\\/wp-content\\\/uploads\\\/2019\\\/07\\\/VAM-Logo_web.jpg\",\"width\":800,\"height\":181,\"caption\":\"Verband Aargauer Muslime\"},\"image\":{\"@id\":\"https:\\\/\\\/aargauermuslime.ch\\\/de\\\/#\\\/schema\\\/logo\\\/image\\\/\"},\"sameAs\":[\"https:\\\/\\\/www.facebook.com\\\/groups\\\/aargauermuslime\"]},{\"@type\":\"Person\",\"@id\":\"https:\\\/\\\/aargauermuslime.ch\\\/de\\\/#\\\/schema\\\/person\\\/bd503aec0cac55acbb09e0c3a583e85d\",\"name\":\"Verwalter\",\"image\":{\"@type\":\"ImageObject\",\"inLanguage\":\"de\",\"@id\":\"https:\\\/\\\/secure.gravatar.com\\\/avatar\\\/7fd31a7e31c089b8b010ed4da69824ebcca1bb14f0e01f1121264b0f1712c489?s=96&d=mm&r=g\",\"url\":\"https:\\\/\\\/secure.gravatar.com\\\/avatar\\\/7fd31a7e31c089b8b010ed4da69824ebcca1bb14f0e01f1121264b0f1712c489?s=96&d=mm&r=g\",\"contentUrl\":\"https:\\\/\\\/secure.gravatar.com\\\/avatar\\\/7fd31a7e31c089b8b010ed4da69824ebcca1bb14f0e01f1121264b0f1712c489?s=96&d=mm&r=g\",\"caption\":\"Verwalter\"}}]}<\/script>\n<!-- \/ Yoast SEO plugin. -->","yoast_head_json":{"title":"Tag der offenen Moschee, 9. November 2013 - Verband Aargauer Muslime (VAM)","robots":{"index":"index","follow":"follow","max-snippet":"max-snippet:-1","max-image-preview":"max-image-preview:large","max-video-preview":"max-video-preview:-1"},"canonical":"https:\/\/aargauermuslime.ch\/de\/tag-der-offenen-moschee-9-november-2013\/","og_locale":"de_DE","og_type":"article","og_title":"Tag der offenen Moschee, 9. November 2013 - Verband Aargauer Muslime (VAM)","og_description":"Mit rund 250 Besucherinnen und Besuchern war der Tag der offenen Moschee im Aargau auch dieses Jahr sehr gut besucht.","og_url":"https:\/\/aargauermuslime.ch\/de\/tag-der-offenen-moschee-9-november-2013\/","og_site_name":"Verband Aargauer Muslime (VAM)","article_publisher":"https:\/\/www.facebook.com\/groups\/aargauermuslime","article_published_time":"2013-11-11T10:30:43+00:00","article_modified_time":"2019-06-15T20:50:23+00:00","og_image":[{"width":350,"height":235,"url":"https:\/\/aargauermuslime.ch\/de\/wp-content\/uploads\/2013\/11\/TdoM_2013-11-09_TdoM-2013_Moschee_Wohlen.jpg","type":"image\/jpeg"}],"author":"Verwalter","twitter_card":"summary_large_image","twitter_misc":{"Verfasst von":"Verwalter","Gesch\u00e4tzte Lesezeit":"1\u00a0Minute"},"schema":{"@context":"https:\/\/schema.org","@graph":[{"@type":"Article","@id":"https:\/\/aargauermuslime.ch\/de\/tag-der-offenen-moschee-9-november-2013\/#article","isPartOf":{"@id":"https:\/\/aargauermuslime.ch\/de\/tag-der-offenen-moschee-9-november-2013\/"},"author":{"name":"Verwalter","@id":"https:\/\/aargauermuslime.ch\/de\/#\/schema\/person\/bd503aec0cac55acbb09e0c3a583e85d"},"headline":"Tag der offenen Moschee, 9. November 2013","datePublished":"2013-11-11T10:30:43+00:00","dateModified":"2019-06-15T20:50:23+00:00","mainEntityOfPage":{"@id":"https:\/\/aargauermuslime.ch\/de\/tag-der-offenen-moschee-9-november-2013\/"},"wordCount":224,"commentCount":0,"publisher":{"@id":"https:\/\/aargauermuslime.ch\/de\/#organization"},"image":{"@id":"https:\/\/aargauermuslime.ch\/de\/tag-der-offenen-moschee-9-november-2013\/#primaryimage"},"thumbnailUrl":"https:\/\/aargauermuslime.ch\/de\/wp-content\/uploads\/2013\/11\/TdoM_2013-11-09_TdoM-2013_Moschee_Wohlen.jpg","articleSection":["Berichte"],"inLanguage":"de"},{"@type":"WebPage","@id":"https:\/\/aargauermuslime.ch\/de\/tag-der-offenen-moschee-9-november-2013\/","url":"https:\/\/aargauermuslime.ch\/de\/tag-der-offenen-moschee-9-november-2013\/","name":"Tag der offenen Moschee, 9. November 2013 - Verband Aargauer Muslime (VAM)","isPartOf":{"@id":"https:\/\/aargauermuslime.ch\/de\/#website"},"primaryImageOfPage":{"@id":"https:\/\/aargauermuslime.ch\/de\/tag-der-offenen-moschee-9-november-2013\/#primaryimage"},"image":{"@id":"https:\/\/aargauermuslime.ch\/de\/tag-der-offenen-moschee-9-november-2013\/#primaryimage"},"thumbnailUrl":"https:\/\/aargauermuslime.ch\/de\/wp-content\/uploads\/2013\/11\/TdoM_2013-11-09_TdoM-2013_Moschee_Wohlen.jpg","datePublished":"2013-11-11T10:30:43+00:00","dateModified":"2019-06-15T20:50:23+00:00","breadcrumb":{"@id":"https:\/\/aargauermuslime.ch\/de\/tag-der-offenen-moschee-9-november-2013\/#breadcrumb"},"inLanguage":"de","potentialAction":[{"@type":"ReadAction","target":["https:\/\/aargauermuslime.ch\/de\/tag-der-offenen-moschee-9-november-2013\/"]}]},{"@type":"ImageObject","inLanguage":"de","@id":"https:\/\/aargauermuslime.ch\/de\/tag-der-offenen-moschee-9-november-2013\/#primaryimage","url":"https:\/\/aargauermuslime.ch\/de\/wp-content\/uploads\/2013\/11\/TdoM_2013-11-09_TdoM-2013_Moschee_Wohlen.jpg","contentUrl":"https:\/\/aargauermuslime.ch\/de\/wp-content\/uploads\/2013\/11\/TdoM_2013-11-09_TdoM-2013_Moschee_Wohlen.jpg","width":350,"height":235,"caption":"TdoM 2013_Moschee_Wohlen"},{"@type":"BreadcrumbList","@id":"https:\/\/aargauermuslime.ch\/de\/tag-der-offenen-moschee-9-november-2013\/#breadcrumb","itemListElement":[{"@type":"ListItem","position":1,"name":"Startseite","item":"https:\/\/aargauermuslime.ch\/de\/"},{"@type":"ListItem","position":2,"name":"Tag der offenen Moschee, 9. November 2013"}]},{"@type":"WebSite","@id":"https:\/\/aargauermuslime.ch\/de\/#website","url":"https:\/\/aargauermuslime.ch\/de\/","name":"Verband Aargauer Muslime (VAM)","description":"Dachverband der muslimischen Institutionen im Aargau","publisher":{"@id":"https:\/\/aargauermuslime.ch\/de\/#organization"},"potentialAction":[{"@type":"SearchAction","target":{"@type":"EntryPoint","urlTemplate":"https:\/\/aargauermuslime.ch\/de\/?s={search_term_string}"},"query-input":{"@type":"PropertyValueSpecification","valueRequired":true,"valueName":"search_term_string"}}],"inLanguage":"de"},{"@type":"Organization","@id":"https:\/\/aargauermuslime.ch\/de\/#organization","name":"Verband Aargauer Muslime","alternateName":"VAM","url":"https:\/\/aargauermuslime.ch\/de\/","logo":{"@type":"ImageObject","inLanguage":"de","@id":"https:\/\/aargauermuslime.ch\/de\/#\/schema\/logo\/image\/","url":"https:\/\/aargauermuslime.ch\/de\/wp-content\/uploads\/2019\/07\/VAM-Logo_web.jpg","contentUrl":"https:\/\/aargauermuslime.ch\/de\/wp-content\/uploads\/2019\/07\/VAM-Logo_web.jpg","width":800,"height":181,"caption":"Verband Aargauer Muslime"},"image":{"@id":"https:\/\/aargauermuslime.ch\/de\/#\/schema\/logo\/image\/"},"sameAs":["https:\/\/www.facebook.com\/groups\/aargauermuslime"]},{"@type":"Person","@id":"https:\/\/aargauermuslime.ch\/de\/#\/schema\/person\/bd503aec0cac55acbb09e0c3a583e85d","name":"Verwalter","image":{"@type":"ImageObject","inLanguage":"de","@id":"https:\/\/secure.gravatar.com\/avatar\/7fd31a7e31c089b8b010ed4da69824ebcca1bb14f0e01f1121264b0f1712c489?s=96&d=mm&r=g","url":"https:\/\/secure.gravatar.com\/avatar\/7fd31a7e31c089b8b010ed4da69824ebcca1bb14f0e01f1121264b0f1712c489?s=96&d=mm&r=g","contentUrl":"https:\/\/secure.gravatar.com\/avatar\/7fd31a7e31c089b8b010ed4da69824ebcca1bb14f0e01f1121264b0f1712c489?s=96&d=mm&r=g","caption":"Verwalter"}}]}},"_links":{"self":[{"href":"https:\/\/aargauermuslime.ch\/de\/wp-json\/wp\/v2\/posts\/203","targetHints":{"allow":["GET"]}}],"collection":[{"href":"https:\/\/aargauermuslime.ch\/de\/wp-json\/wp\/v2\/posts"}],"about":[{"href":"https:\/\/aargauermuslime.ch\/de\/wp-json\/wp\/v2\/types\/post"}],"author":[{"embeddable":true,"href":"https:\/\/aargauermuslime.ch\/de\/wp-json\/wp\/v2\/users\/2"}],"replies":[{"embeddable":true,"href":"https:\/\/aargauermuslime.ch\/de\/wp-json\/wp\/v2\/comments?post=203"}],"version-history":[{"count":1,"href":"https:\/\/aargauermuslime.ch\/de\/wp-json\/wp\/v2\/posts\/203\/revisions"}],"predecessor-version":[{"id":1870,"href":"https:\/\/aargauermuslime.ch\/de\/wp-json\/wp\/v2\/posts\/203\/revisions\/1870"}],"wp:featuredmedia":[{"embeddable":true,"href":"https:\/\/aargauermuslime.ch\/de\/wp-json\/wp\/v2\/media\/683"}],"wp:attachment":[{"href":"https:\/\/aargauermuslime.ch\/de\/wp-json\/wp\/v2\/media?parent=203"}],"wp:term":[{"taxonomy":"category","embeddable":true,"href":"https:\/\/aargauermuslime.ch\/de\/wp-json\/wp\/v2\/categories?post=203"},{"taxonomy":"post_tag","embeddable":true,"href":"https:\/\/aargauermuslime.ch\/de\/wp-json\/wp\/v2\/tags?post=203"}],"curies":[{"name":"wp","href":"https:\/\/api.w.org\/{rel}","templated":true}]}}