{"id":211,"date":"2014-01-31T09:43:59","date_gmt":"2014-01-31T09:43:59","guid":{"rendered":"https:\/\/aargauermuslime.ch\/de\/2014\/01\/31\/aargauer-regierungsrat-gegen-kopftuchverbot-an-schulen\/"},"modified":"2019-06-15T22:53:57","modified_gmt":"2019-06-15T20:53:57","slug":"aargauer-regierungsrat-gegen-kopftuchverbot-an-schulen","status":"publish","type":"post","link":"https:\/\/aargauermuslime.ch\/de\/aargauer-regierungsrat-gegen-kopftuchverbot-an-schulen\/","title":{"rendered":"Aargauer Regierungsrat gegen Kopftuchverbot an Schulen"},"content":{"rendered":"<p><span style=\"font-size: 10pt;\">Die Aargauer Regierungsrat h\u00e4lt ein Kopftuchverbot im Unterricht f\u00fcr \u00abunverh\u00e4ltnism\u00e4ssig\u00bb.<\/span><span style=\"line-height: 1.3em; font-size: 10pt;\">&nbsp;<\/span><\/p>\n<p>   Das Kopftuchtragen von Sch\u00fclerinnen sei keine Frage, die an den Aargauer Schulen f\u00fcr Unruhe sorge und nach politischer Kl\u00e4rung verlange, schreibt der Regierungsrat in seiner Stellungnahme vom 31. Januar 2014. Dies berichtet der Tages-Anzeiger in ihrer Online-Ausgabe.<\/p>\n<p><span style=\"font-size: 10pt; line-height: 1.3em;\">Demnach sei sei es fraglich, ob die Ziele der Gleichberechtigung und Integration mit einem generellen Verbot besser zu erreichen seien. Es gebe viele Hinweise, dass vermehrter Druck auf Minderheitengruppen dazu f\u00fchrt, dass sich diese von der Mehrheitsgesellschaft eher abschotten. Das w\u00fcrde eine verbesserte Integration und Chancengleichheit der betroffenen M\u00e4dchen verhindern.<\/span><\/p>\n<p><span style=\"font-size: 10pt;\">Ursprung war eine Motion der CVP-Fraktion des Aargauer Kantonsparlaments, welche ein generelles Kopftuchverbot an den Volksschulen verlangt (siehe unsere <a href=\"\/stellungnahme-zum-cvp-fraktionsvorstoss-fuer-ein-gesetz-ueber-ein-kopftuchverbot-an-der-schule\/\" target=\"_blank\" rel=\"noopener noreferrer\">Stellungnahme<\/a>).<\/span><\/p>\n<p><span style=\"font-size: 10pt;\">Lesen Sie <a href=\"http:\/\/www.tagesanzeiger.ch\/schweiz\/Nein-zu-Kopftuchverbot-an-der-Volksschule\/story\/21779877\" target=\"_self\" rel=\"noopener noreferrer\">hier<\/a> den vollst\u00e4ndigen Artikel auf TA online vom 31. Januar 2014.<\/span><\/p>\n","protected":false},"excerpt":{"rendered":"<p><span style=\"font-size: 10pt;\">Die Aargauer Regierungsrat h\u00e4lt ein Kopftuchverbot im Unterricht f\u00fcr \u00abunverh\u00e4ltnism\u00e4ssig\u00bb.<\/span><span style=\"line-height: 1.3em; font-size: 10pt;\">&nbsp;<\/span><\/p>\n<p>\n","protected":false},"author":2,"featured_media":0,"comment_status":"open","ping_status":"open","sticky":false,"template":"","format":"standard","meta":{"_et_pb_use_builder":"","_et_pb_old_content":"","_et_gb_content_width":"","ngg_post_thumbnail":0,"footnotes":""},"categories":[3],"tags":[],"class_list":["post-211","post","type-post","status-publish","format-standard","hentry","category-news"],"yoast_head":"<!-- This site is optimized with the Yoast SEO plugin v27.4 - https:\/\/yoast.com\/product\/yoast-seo-wordpress\/ -->\n<title>Aargauer Regierungsrat gegen Kopftuchverbot an Schulen - Verband Aargauer Muslime (VAM)<\/title>\n<meta name=\"robots\" content=\"index, follow, max-snippet:-1, max-image-preview:large, max-video-preview:-1\" \/>\n<link rel=\"canonical\" href=\"https:\/\/aargauermuslime.ch\/de\/aargauer-regierungsrat-gegen-kopftuchverbot-an-schulen\/\" \/>\n<meta property=\"og:locale\" content=\"de_DE\" \/>\n<meta property=\"og:type\" content=\"article\" \/>\n<meta property=\"og:title\" content=\"Aargauer Regierungsrat gegen Kopftuchverbot an Schulen - Verband Aargauer Muslime (VAM)\" \/>\n<meta property=\"og:description\" content=\"Die Aargauer Regierungsrat h\u00e4lt ein Kopftuchverbot im Unterricht f\u00fcr \u00abunverh\u00e4ltnism\u00e4ssig\u00bb.&nbsp;\" \/>\n<meta property=\"og:url\" content=\"https:\/\/aargauermuslime.ch\/de\/aargauer-regierungsrat-gegen-kopftuchverbot-an-schulen\/\" \/>\n<meta property=\"og:site_name\" content=\"Verband Aargauer Muslime (VAM)\" \/>\n<meta property=\"article:publisher\" content=\"https:\/\/www.facebook.com\/groups\/aargauermuslime\" \/>\n<meta property=\"article:published_time\" content=\"2014-01-31T09:43:59+00:00\" \/>\n<meta property=\"article:modified_time\" content=\"2019-06-15T20:53:57+00:00\" \/>\n<meta name=\"author\" content=\"Verwalter\" \/>\n<meta name=\"twitter:card\" content=\"summary_large_image\" \/>\n<meta name=\"twitter:label1\" content=\"Verfasst von\" \/>\n\t<meta name=\"twitter:data1\" content=\"Verwalter\" \/>\n\t<meta name=\"twitter:label2\" content=\"Gesch\u00e4tzte Lesezeit\" \/>\n\t<meta name=\"twitter:data2\" content=\"1\u00a0Minute\" \/>\n<script type=\"application\/ld+json\" class=\"yoast-schema-graph\">{\"@context\":\"https:\\\/\\\/schema.org\",\"@graph\":[{\"@type\":\"Article\",\"@id\":\"https:\\\/\\\/aargauermuslime.ch\\\/de\\\/aargauer-regierungsrat-gegen-kopftuchverbot-an-schulen\\\/#article\",\"isPartOf\":{\"@id\":\"https:\\\/\\\/aargauermuslime.ch\\\/de\\\/aargauer-regierungsrat-gegen-kopftuchverbot-an-schulen\\\/\"},\"author\":{\"name\":\"Verwalter\",\"@id\":\"https:\\\/\\\/aargauermuslime.ch\\\/de\\\/#\\\/schema\\\/person\\\/bd503aec0cac55acbb09e0c3a583e85d\"},\"headline\":\"Aargauer Regierungsrat gegen Kopftuchverbot an Schulen\",\"datePublished\":\"2014-01-31T09:43:59+00:00\",\"dateModified\":\"2019-06-15T20:53:57+00:00\",\"mainEntityOfPage\":{\"@id\":\"https:\\\/\\\/aargauermuslime.ch\\\/de\\\/aargauer-regierungsrat-gegen-kopftuchverbot-an-schulen\\\/\"},\"wordCount\":144,\"commentCount\":0,\"publisher\":{\"@id\":\"https:\\\/\\\/aargauermuslime.ch\\\/de\\\/#organization\"},\"articleSection\":[\"News\"],\"inLanguage\":\"de\"},{\"@type\":\"WebPage\",\"@id\":\"https:\\\/\\\/aargauermuslime.ch\\\/de\\\/aargauer-regierungsrat-gegen-kopftuchverbot-an-schulen\\\/\",\"url\":\"https:\\\/\\\/aargauermuslime.ch\\\/de\\\/aargauer-regierungsrat-gegen-kopftuchverbot-an-schulen\\\/\",\"name\":\"Aargauer Regierungsrat gegen Kopftuchverbot an Schulen - Verband Aargauer Muslime (VAM)\",\"isPartOf\":{\"@id\":\"https:\\\/\\\/aargauermuslime.ch\\\/de\\\/#website\"},\"datePublished\":\"2014-01-31T09:43:59+00:00\",\"dateModified\":\"2019-06-15T20:53:57+00:00\",\"breadcrumb\":{\"@id\":\"https:\\\/\\\/aargauermuslime.ch\\\/de\\\/aargauer-regierungsrat-gegen-kopftuchverbot-an-schulen\\\/#breadcrumb\"},\"inLanguage\":\"de\",\"potentialAction\":[{\"@type\":\"ReadAction\",\"target\":[\"https:\\\/\\\/aargauermuslime.ch\\\/de\\\/aargauer-regierungsrat-gegen-kopftuchverbot-an-schulen\\\/\"]}]},{\"@type\":\"BreadcrumbList\",\"@id\":\"https:\\\/\\\/aargauermuslime.ch\\\/de\\\/aargauer-regierungsrat-gegen-kopftuchverbot-an-schulen\\\/#breadcrumb\",\"itemListElement\":[{\"@type\":\"ListItem\",\"position\":1,\"name\":\"Startseite\",\"item\":\"https:\\\/\\\/aargauermuslime.ch\\\/de\\\/\"},{\"@type\":\"ListItem\",\"position\":2,\"name\":\"Aargauer Regierungsrat gegen Kopftuchverbot an Schulen\"}]},{\"@type\":\"WebSite\",\"@id\":\"https:\\\/\\\/aargauermuslime.ch\\\/de\\\/#website\",\"url\":\"https:\\\/\\\/aargauermuslime.ch\\\/de\\\/\",\"name\":\"Verband Aargauer Muslime (VAM)\",\"description\":\"Dachverband der muslimischen Institutionen im Aargau\",\"publisher\":{\"@id\":\"https:\\\/\\\/aargauermuslime.ch\\\/de\\\/#organization\"},\"potentialAction\":[{\"@type\":\"SearchAction\",\"target\":{\"@type\":\"EntryPoint\",\"urlTemplate\":\"https:\\\/\\\/aargauermuslime.ch\\\/de\\\/?s={search_term_string}\"},\"query-input\":{\"@type\":\"PropertyValueSpecification\",\"valueRequired\":true,\"valueName\":\"search_term_string\"}}],\"inLanguage\":\"de\"},{\"@type\":\"Organization\",\"@id\":\"https:\\\/\\\/aargauermuslime.ch\\\/de\\\/#organization\",\"name\":\"Verband Aargauer Muslime\",\"alternateName\":\"VAM\",\"url\":\"https:\\\/\\\/aargauermuslime.ch\\\/de\\\/\",\"logo\":{\"@type\":\"ImageObject\",\"inLanguage\":\"de\",\"@id\":\"https:\\\/\\\/aargauermuslime.ch\\\/de\\\/#\\\/schema\\\/logo\\\/image\\\/\",\"url\":\"https:\\\/\\\/aargauermuslime.ch\\\/de\\\/wp-content\\\/uploads\\\/2019\\\/07\\\/VAM-Logo_web.jpg\",\"contentUrl\":\"https:\\\/\\\/aargauermuslime.ch\\\/de\\\/wp-content\\\/uploads\\\/2019\\\/07\\\/VAM-Logo_web.jpg\",\"width\":800,\"height\":181,\"caption\":\"Verband Aargauer Muslime\"},\"image\":{\"@id\":\"https:\\\/\\\/aargauermuslime.ch\\\/de\\\/#\\\/schema\\\/logo\\\/image\\\/\"},\"sameAs\":[\"https:\\\/\\\/www.facebook.com\\\/groups\\\/aargauermuslime\"]},{\"@type\":\"Person\",\"@id\":\"https:\\\/\\\/aargauermuslime.ch\\\/de\\\/#\\\/schema\\\/person\\\/bd503aec0cac55acbb09e0c3a583e85d\",\"name\":\"Verwalter\",\"image\":{\"@type\":\"ImageObject\",\"inLanguage\":\"de\",\"@id\":\"https:\\\/\\\/secure.gravatar.com\\\/avatar\\\/7fd31a7e31c089b8b010ed4da69824ebcca1bb14f0e01f1121264b0f1712c489?s=96&d=mm&r=g\",\"url\":\"https:\\\/\\\/secure.gravatar.com\\\/avatar\\\/7fd31a7e31c089b8b010ed4da69824ebcca1bb14f0e01f1121264b0f1712c489?s=96&d=mm&r=g\",\"contentUrl\":\"https:\\\/\\\/secure.gravatar.com\\\/avatar\\\/7fd31a7e31c089b8b010ed4da69824ebcca1bb14f0e01f1121264b0f1712c489?s=96&d=mm&r=g\",\"caption\":\"Verwalter\"}}]}<\/script>\n<!-- \/ Yoast SEO plugin. -->","yoast_head_json":{"title":"Aargauer Regierungsrat gegen Kopftuchverbot an Schulen - Verband Aargauer Muslime (VAM)","robots":{"index":"index","follow":"follow","max-snippet":"max-snippet:-1","max-image-preview":"max-image-preview:large","max-video-preview":"max-video-preview:-1"},"canonical":"https:\/\/aargauermuslime.ch\/de\/aargauer-regierungsrat-gegen-kopftuchverbot-an-schulen\/","og_locale":"de_DE","og_type":"article","og_title":"Aargauer Regierungsrat gegen Kopftuchverbot an Schulen - Verband Aargauer Muslime (VAM)","og_description":"Die Aargauer Regierungsrat h\u00e4lt ein Kopftuchverbot im Unterricht f\u00fcr \u00abunverh\u00e4ltnism\u00e4ssig\u00bb.&nbsp;","og_url":"https:\/\/aargauermuslime.ch\/de\/aargauer-regierungsrat-gegen-kopftuchverbot-an-schulen\/","og_site_name":"Verband Aargauer Muslime (VAM)","article_publisher":"https:\/\/www.facebook.com\/groups\/aargauermuslime","article_published_time":"2014-01-31T09:43:59+00:00","article_modified_time":"2019-06-15T20:53:57+00:00","author":"Verwalter","twitter_card":"summary_large_image","twitter_misc":{"Verfasst von":"Verwalter","Gesch\u00e4tzte Lesezeit":"1\u00a0Minute"},"schema":{"@context":"https:\/\/schema.org","@graph":[{"@type":"Article","@id":"https:\/\/aargauermuslime.ch\/de\/aargauer-regierungsrat-gegen-kopftuchverbot-an-schulen\/#article","isPartOf":{"@id":"https:\/\/aargauermuslime.ch\/de\/aargauer-regierungsrat-gegen-kopftuchverbot-an-schulen\/"},"author":{"name":"Verwalter","@id":"https:\/\/aargauermuslime.ch\/de\/#\/schema\/person\/bd503aec0cac55acbb09e0c3a583e85d"},"headline":"Aargauer Regierungsrat gegen Kopftuchverbot an Schulen","datePublished":"2014-01-31T09:43:59+00:00","dateModified":"2019-06-15T20:53:57+00:00","mainEntityOfPage":{"@id":"https:\/\/aargauermuslime.ch\/de\/aargauer-regierungsrat-gegen-kopftuchverbot-an-schulen\/"},"wordCount":144,"commentCount":0,"publisher":{"@id":"https:\/\/aargauermuslime.ch\/de\/#organization"},"articleSection":["News"],"inLanguage":"de"},{"@type":"WebPage","@id":"https:\/\/aargauermuslime.ch\/de\/aargauer-regierungsrat-gegen-kopftuchverbot-an-schulen\/","url":"https:\/\/aargauermuslime.ch\/de\/aargauer-regierungsrat-gegen-kopftuchverbot-an-schulen\/","name":"Aargauer Regierungsrat gegen Kopftuchverbot an Schulen - Verband Aargauer Muslime (VAM)","isPartOf":{"@id":"https:\/\/aargauermuslime.ch\/de\/#website"},"datePublished":"2014-01-31T09:43:59+00:00","dateModified":"2019-06-15T20:53:57+00:00","breadcrumb":{"@id":"https:\/\/aargauermuslime.ch\/de\/aargauer-regierungsrat-gegen-kopftuchverbot-an-schulen\/#breadcrumb"},"inLanguage":"de","potentialAction":[{"@type":"ReadAction","target":["https:\/\/aargauermuslime.ch\/de\/aargauer-regierungsrat-gegen-kopftuchverbot-an-schulen\/"]}]},{"@type":"BreadcrumbList","@id":"https:\/\/aargauermuslime.ch\/de\/aargauer-regierungsrat-gegen-kopftuchverbot-an-schulen\/#breadcrumb","itemListElement":[{"@type":"ListItem","position":1,"name":"Startseite","item":"https:\/\/aargauermuslime.ch\/de\/"},{"@type":"ListItem","position":2,"name":"Aargauer Regierungsrat gegen Kopftuchverbot an Schulen"}]},{"@type":"WebSite","@id":"https:\/\/aargauermuslime.ch\/de\/#website","url":"https:\/\/aargauermuslime.ch\/de\/","name":"Verband Aargauer Muslime (VAM)","description":"Dachverband der muslimischen Institutionen im Aargau","publisher":{"@id":"https:\/\/aargauermuslime.ch\/de\/#organization"},"potentialAction":[{"@type":"SearchAction","target":{"@type":"EntryPoint","urlTemplate":"https:\/\/aargauermuslime.ch\/de\/?s={search_term_string}"},"query-input":{"@type":"PropertyValueSpecification","valueRequired":true,"valueName":"search_term_string"}}],"inLanguage":"de"},{"@type":"Organization","@id":"https:\/\/aargauermuslime.ch\/de\/#organization","name":"Verband Aargauer Muslime","alternateName":"VAM","url":"https:\/\/aargauermuslime.ch\/de\/","logo":{"@type":"ImageObject","inLanguage":"de","@id":"https:\/\/aargauermuslime.ch\/de\/#\/schema\/logo\/image\/","url":"https:\/\/aargauermuslime.ch\/de\/wp-content\/uploads\/2019\/07\/VAM-Logo_web.jpg","contentUrl":"https:\/\/aargauermuslime.ch\/de\/wp-content\/uploads\/2019\/07\/VAM-Logo_web.jpg","width":800,"height":181,"caption":"Verband Aargauer Muslime"},"image":{"@id":"https:\/\/aargauermuslime.ch\/de\/#\/schema\/logo\/image\/"},"sameAs":["https:\/\/www.facebook.com\/groups\/aargauermuslime"]},{"@type":"Person","@id":"https:\/\/aargauermuslime.ch\/de\/#\/schema\/person\/bd503aec0cac55acbb09e0c3a583e85d","name":"Verwalter","image":{"@type":"ImageObject","inLanguage":"de","@id":"https:\/\/secure.gravatar.com\/avatar\/7fd31a7e31c089b8b010ed4da69824ebcca1bb14f0e01f1121264b0f1712c489?s=96&d=mm&r=g","url":"https:\/\/secure.gravatar.com\/avatar\/7fd31a7e31c089b8b010ed4da69824ebcca1bb14f0e01f1121264b0f1712c489?s=96&d=mm&r=g","contentUrl":"https:\/\/secure.gravatar.com\/avatar\/7fd31a7e31c089b8b010ed4da69824ebcca1bb14f0e01f1121264b0f1712c489?s=96&d=mm&r=g","caption":"Verwalter"}}]}},"_links":{"self":[{"href":"https:\/\/aargauermuslime.ch\/de\/wp-json\/wp\/v2\/posts\/211","targetHints":{"allow":["GET"]}}],"collection":[{"href":"https:\/\/aargauermuslime.ch\/de\/wp-json\/wp\/v2\/posts"}],"about":[{"href":"https:\/\/aargauermuslime.ch\/de\/wp-json\/wp\/v2\/types\/post"}],"author":[{"embeddable":true,"href":"https:\/\/aargauermuslime.ch\/de\/wp-json\/wp\/v2\/users\/2"}],"replies":[{"embeddable":true,"href":"https:\/\/aargauermuslime.ch\/de\/wp-json\/wp\/v2\/comments?post=211"}],"version-history":[{"count":1,"href":"https:\/\/aargauermuslime.ch\/de\/wp-json\/wp\/v2\/posts\/211\/revisions"}],"predecessor-version":[{"id":1874,"href":"https:\/\/aargauermuslime.ch\/de\/wp-json\/wp\/v2\/posts\/211\/revisions\/1874"}],"wp:attachment":[{"href":"https:\/\/aargauermuslime.ch\/de\/wp-json\/wp\/v2\/media?parent=211"}],"wp:term":[{"taxonomy":"category","embeddable":true,"href":"https:\/\/aargauermuslime.ch\/de\/wp-json\/wp\/v2\/categories?post=211"},{"taxonomy":"post_tag","embeddable":true,"href":"https:\/\/aargauermuslime.ch\/de\/wp-json\/wp\/v2\/tags?post=211"}],"curies":[{"name":"wp","href":"https:\/\/api.w.org\/{rel}","templated":true}]}}