{"id":2209,"date":"2019-09-27T21:33:47","date_gmt":"2019-09-27T19:33:47","guid":{"rendered":"https:\/\/aargauermuslime.ch\/de\/?p=2209"},"modified":"2019-09-27T22:25:11","modified_gmt":"2019-09-27T20:25:11","slug":"eine-aargauer-muslimin-moechte-fuer-die-sp-in-den-staenderat","status":"publish","type":"post","link":"https:\/\/aargauermuslime.ch\/de\/eine-aargauer-muslimin-moechte-fuer-die-sp-in-den-staenderat\/","title":{"rendered":"Eine Aargauer Muslimin m\u00f6chte f\u00fcr die SP in den Nationalrat"},"content":{"rendered":"\n<p>\u00abMan kann Feministin und Muslimin sein\u00bb: So betitelte die Aargauer Zeitung einen <a rel=\"noreferrer noopener\" aria-label=\"Artikel vom 24.9.2019 (\u00f6ffnet in neuem Tab)\" href=\"https:\/\/www.aargauerzeitung.ch\/aargau\/lenzburg\/man-kann-feministin-und-muslimin-sein-sie-will-fuer-die-sp-in-den-nationalrat-135671863\" target=\"_blank\">Artikel vom 24.9.2019<\/a> \u00fcber Alime K\u00f6secio\u011fullari aus Seon, welche f\u00fcr den Nationalrat kandidiert.<\/p>\n\n\n\n<p>In dem Artikel erf\u00e4hrt man viel \u00fcber den Werdegang der t\u00fcrkischst\u00e4mmigen K\u00f6secio\u011fullari, die als 10-J\u00e4hrige aus der T\u00fcrkei in die Schweiz kam und im Anschluss an 9\/11 die Kontaktgruppe \u00abChristen-Muslime\u00bb in Seon mitbegr\u00fcndete. Seit 2001 ist sie auch im Besitz des Schweizer Passes.<\/p>\n\n\n\n<p>Im Nationalrat m\u00f6chte sie sich unter anderem f\u00fcr die Integration einsetzen, wobei sie auch klar zum Ausdruck bringt, dass von seiten der Migranten eine gewisse \u00d6ffentlichkeitsarbeit notwendig ist.<\/p>\n\n\n\n<p>Wer mehr \u00fcber das politische Programm von Alime K\u00f6secio\u011fullari erfahren m\u00f6chte, besucht am besten ihren <a rel=\"noreferrer noopener\" aria-label=\"Blog (\u00f6ffnet in neuem Tab)\" href=\"https:\/\/www.alime-koeseciogullari.ch\/page\/index?_lang=&amp;id=blog&amp;page=3\" target=\"_blank\">Blog<\/a> unter dem Wahlslogan \u00abMer send eis\u00bb.<\/p>\n","protected":false},"excerpt":{"rendered":"<p>\u00abMan kann Feministin und Muslimin sein\u00bb: So betitelte die Aargauer Zeitung einen Artikel vom 24.9.2019 \u00fcber Alime K\u00f6secio\u011fullari aus Seon, welche f\u00fcr den Nationalrat kandidiert. In dem Artikel erf\u00e4hrt man [&hellip;]<\/p>\n","protected":false},"author":4,"featured_media":2220,"comment_status":"closed","ping_status":"closed","sticky":false,"template":"","format":"standard","meta":{"_et_pb_use_builder":"","_et_pb_old_content":"","_et_gb_content_width":"","ngg_post_thumbnail":0,"footnotes":""},"categories":[3],"tags":[],"class_list":["post-2209","post","type-post","status-publish","format-standard","has-post-thumbnail","hentry","category-news"],"yoast_head":"<!-- This site is optimized with the Yoast SEO plugin v27.4 - https:\/\/yoast.com\/product\/yoast-seo-wordpress\/ -->\n<title>Eine Aargauer Muslimin m\u00f6chte f\u00fcr die SP in den Nationalrat - Verband Aargauer Muslime (VAM)<\/title>\n<meta name=\"robots\" content=\"index, follow, max-snippet:-1, max-image-preview:large, max-video-preview:-1\" \/>\n<link rel=\"canonical\" href=\"https:\/\/aargauermuslime.ch\/de\/eine-aargauer-muslimin-moechte-fuer-die-sp-in-den-staenderat\/\" \/>\n<meta property=\"og:locale\" content=\"de_DE\" \/>\n<meta property=\"og:type\" content=\"article\" \/>\n<meta property=\"og:title\" content=\"Eine Aargauer Muslimin m\u00f6chte f\u00fcr die SP in den Nationalrat - Verband Aargauer Muslime (VAM)\" \/>\n<meta property=\"og:description\" content=\"\u00abMan kann Feministin und Muslimin sein\u00bb: So betitelte die Aargauer Zeitung einen Artikel vom 24.9.2019 \u00fcber Alime K\u00f6secio\u011fullari aus Seon, welche f\u00fcr den Nationalrat kandidiert. In dem Artikel erf\u00e4hrt man [&hellip;]\" \/>\n<meta property=\"og:url\" content=\"https:\/\/aargauermuslime.ch\/de\/eine-aargauer-muslimin-moechte-fuer-die-sp-in-den-staenderat\/\" \/>\n<meta property=\"og:site_name\" content=\"Verband Aargauer Muslime (VAM)\" \/>\n<meta property=\"article:publisher\" content=\"https:\/\/www.facebook.com\/groups\/aargauermuslime\" \/>\n<meta property=\"article:published_time\" content=\"2019-09-27T19:33:47+00:00\" \/>\n<meta property=\"article:modified_time\" content=\"2019-09-27T20:25:11+00:00\" \/>\n<meta property=\"og:image\" content=\"https:\/\/aargauermuslime.ch\/de\/wp-content\/uploads\/2019\/09\/Alime_Koeseciogullari_Mer_send_eis.jpg\" \/>\n\t<meta property=\"og:image:width\" content=\"669\" \/>\n\t<meta property=\"og:image:height\" content=\"699\" \/>\n\t<meta property=\"og:image:type\" content=\"image\/jpeg\" \/>\n<meta name=\"author\" content=\"Verwalter5\" \/>\n<meta name=\"twitter:card\" content=\"summary_large_image\" \/>\n<meta name=\"twitter:label1\" content=\"Verfasst von\" \/>\n\t<meta name=\"twitter:data1\" content=\"Verwalter5\" \/>\n\t<meta name=\"twitter:label2\" content=\"Gesch\u00e4tzte Lesezeit\" \/>\n\t<meta name=\"twitter:data2\" content=\"1\u00a0Minute\" \/>\n<script type=\"application\/ld+json\" class=\"yoast-schema-graph\">{\"@context\":\"https:\\\/\\\/schema.org\",\"@graph\":[{\"@type\":\"Article\",\"@id\":\"https:\\\/\\\/aargauermuslime.ch\\\/de\\\/eine-aargauer-muslimin-moechte-fuer-die-sp-in-den-staenderat\\\/#article\",\"isPartOf\":{\"@id\":\"https:\\\/\\\/aargauermuslime.ch\\\/de\\\/eine-aargauer-muslimin-moechte-fuer-die-sp-in-den-staenderat\\\/\"},\"author\":{\"name\":\"Verwalter5\",\"@id\":\"https:\\\/\\\/aargauermuslime.ch\\\/de\\\/#\\\/schema\\\/person\\\/310e6c317a37722ccc1fb5815f4bb122\"},\"headline\":\"Eine Aargauer Muslimin m\u00f6chte f\u00fcr die SP in den Nationalrat\",\"datePublished\":\"2019-09-27T19:33:47+00:00\",\"dateModified\":\"2019-09-27T20:25:11+00:00\",\"mainEntityOfPage\":{\"@id\":\"https:\\\/\\\/aargauermuslime.ch\\\/de\\\/eine-aargauer-muslimin-moechte-fuer-die-sp-in-den-staenderat\\\/\"},\"wordCount\":143,\"publisher\":{\"@id\":\"https:\\\/\\\/aargauermuslime.ch\\\/de\\\/#organization\"},\"image\":{\"@id\":\"https:\\\/\\\/aargauermuslime.ch\\\/de\\\/eine-aargauer-muslimin-moechte-fuer-die-sp-in-den-staenderat\\\/#primaryimage\"},\"thumbnailUrl\":\"https:\\\/\\\/aargauermuslime.ch\\\/de\\\/wp-content\\\/uploads\\\/2019\\\/09\\\/Alime_Koeseciogullari_Mer_send_eis.jpg\",\"articleSection\":[\"News\"],\"inLanguage\":\"de\"},{\"@type\":\"WebPage\",\"@id\":\"https:\\\/\\\/aargauermuslime.ch\\\/de\\\/eine-aargauer-muslimin-moechte-fuer-die-sp-in-den-staenderat\\\/\",\"url\":\"https:\\\/\\\/aargauermuslime.ch\\\/de\\\/eine-aargauer-muslimin-moechte-fuer-die-sp-in-den-staenderat\\\/\",\"name\":\"Eine Aargauer Muslimin m\u00f6chte f\u00fcr die SP in den Nationalrat - Verband Aargauer Muslime (VAM)\",\"isPartOf\":{\"@id\":\"https:\\\/\\\/aargauermuslime.ch\\\/de\\\/#website\"},\"primaryImageOfPage\":{\"@id\":\"https:\\\/\\\/aargauermuslime.ch\\\/de\\\/eine-aargauer-muslimin-moechte-fuer-die-sp-in-den-staenderat\\\/#primaryimage\"},\"image\":{\"@id\":\"https:\\\/\\\/aargauermuslime.ch\\\/de\\\/eine-aargauer-muslimin-moechte-fuer-die-sp-in-den-staenderat\\\/#primaryimage\"},\"thumbnailUrl\":\"https:\\\/\\\/aargauermuslime.ch\\\/de\\\/wp-content\\\/uploads\\\/2019\\\/09\\\/Alime_Koeseciogullari_Mer_send_eis.jpg\",\"datePublished\":\"2019-09-27T19:33:47+00:00\",\"dateModified\":\"2019-09-27T20:25:11+00:00\",\"breadcrumb\":{\"@id\":\"https:\\\/\\\/aargauermuslime.ch\\\/de\\\/eine-aargauer-muslimin-moechte-fuer-die-sp-in-den-staenderat\\\/#breadcrumb\"},\"inLanguage\":\"de\",\"potentialAction\":[{\"@type\":\"ReadAction\",\"target\":[\"https:\\\/\\\/aargauermuslime.ch\\\/de\\\/eine-aargauer-muslimin-moechte-fuer-die-sp-in-den-staenderat\\\/\"]}]},{\"@type\":\"ImageObject\",\"inLanguage\":\"de\",\"@id\":\"https:\\\/\\\/aargauermuslime.ch\\\/de\\\/eine-aargauer-muslimin-moechte-fuer-die-sp-in-den-staenderat\\\/#primaryimage\",\"url\":\"https:\\\/\\\/aargauermuslime.ch\\\/de\\\/wp-content\\\/uploads\\\/2019\\\/09\\\/Alime_Koeseciogullari_Mer_send_eis.jpg\",\"contentUrl\":\"https:\\\/\\\/aargauermuslime.ch\\\/de\\\/wp-content\\\/uploads\\\/2019\\\/09\\\/Alime_Koeseciogullari_Mer_send_eis.jpg\",\"width\":669,\"height\":699},{\"@type\":\"BreadcrumbList\",\"@id\":\"https:\\\/\\\/aargauermuslime.ch\\\/de\\\/eine-aargauer-muslimin-moechte-fuer-die-sp-in-den-staenderat\\\/#breadcrumb\",\"itemListElement\":[{\"@type\":\"ListItem\",\"position\":1,\"name\":\"Startseite\",\"item\":\"https:\\\/\\\/aargauermuslime.ch\\\/de\\\/\"},{\"@type\":\"ListItem\",\"position\":2,\"name\":\"Eine Aargauer Muslimin m\u00f6chte f\u00fcr die SP in den Nationalrat\"}]},{\"@type\":\"WebSite\",\"@id\":\"https:\\\/\\\/aargauermuslime.ch\\\/de\\\/#website\",\"url\":\"https:\\\/\\\/aargauermuslime.ch\\\/de\\\/\",\"name\":\"Verband Aargauer Muslime (VAM)\",\"description\":\"Dachverband der muslimischen Institutionen im Aargau\",\"publisher\":{\"@id\":\"https:\\\/\\\/aargauermuslime.ch\\\/de\\\/#organization\"},\"potentialAction\":[{\"@type\":\"SearchAction\",\"target\":{\"@type\":\"EntryPoint\",\"urlTemplate\":\"https:\\\/\\\/aargauermuslime.ch\\\/de\\\/?s={search_term_string}\"},\"query-input\":{\"@type\":\"PropertyValueSpecification\",\"valueRequired\":true,\"valueName\":\"search_term_string\"}}],\"inLanguage\":\"de\"},{\"@type\":\"Organization\",\"@id\":\"https:\\\/\\\/aargauermuslime.ch\\\/de\\\/#organization\",\"name\":\"Verband Aargauer Muslime\",\"alternateName\":\"VAM\",\"url\":\"https:\\\/\\\/aargauermuslime.ch\\\/de\\\/\",\"logo\":{\"@type\":\"ImageObject\",\"inLanguage\":\"de\",\"@id\":\"https:\\\/\\\/aargauermuslime.ch\\\/de\\\/#\\\/schema\\\/logo\\\/image\\\/\",\"url\":\"https:\\\/\\\/aargauermuslime.ch\\\/de\\\/wp-content\\\/uploads\\\/2019\\\/07\\\/VAM-Logo_web.jpg\",\"contentUrl\":\"https:\\\/\\\/aargauermuslime.ch\\\/de\\\/wp-content\\\/uploads\\\/2019\\\/07\\\/VAM-Logo_web.jpg\",\"width\":800,\"height\":181,\"caption\":\"Verband Aargauer Muslime\"},\"image\":{\"@id\":\"https:\\\/\\\/aargauermuslime.ch\\\/de\\\/#\\\/schema\\\/logo\\\/image\\\/\"},\"sameAs\":[\"https:\\\/\\\/www.facebook.com\\\/groups\\\/aargauermuslime\"]},{\"@type\":\"Person\",\"@id\":\"https:\\\/\\\/aargauermuslime.ch\\\/de\\\/#\\\/schema\\\/person\\\/310e6c317a37722ccc1fb5815f4bb122\",\"name\":\"Verwalter5\",\"image\":{\"@type\":\"ImageObject\",\"inLanguage\":\"de\",\"@id\":\"https:\\\/\\\/secure.gravatar.com\\\/avatar\\\/65ee8be834871e73d854ad00dfc4031afc2b5c926eac730b926dfe8fee7021c0?s=96&d=mm&r=g\",\"url\":\"https:\\\/\\\/secure.gravatar.com\\\/avatar\\\/65ee8be834871e73d854ad00dfc4031afc2b5c926eac730b926dfe8fee7021c0?s=96&d=mm&r=g\",\"contentUrl\":\"https:\\\/\\\/secure.gravatar.com\\\/avatar\\\/65ee8be834871e73d854ad00dfc4031afc2b5c926eac730b926dfe8fee7021c0?s=96&d=mm&r=g\",\"caption\":\"Verwalter5\"}}]}<\/script>\n<!-- \/ Yoast SEO plugin. -->","yoast_head_json":{"title":"Eine Aargauer Muslimin m\u00f6chte f\u00fcr die SP in den Nationalrat - Verband Aargauer Muslime (VAM)","robots":{"index":"index","follow":"follow","max-snippet":"max-snippet:-1","max-image-preview":"max-image-preview:large","max-video-preview":"max-video-preview:-1"},"canonical":"https:\/\/aargauermuslime.ch\/de\/eine-aargauer-muslimin-moechte-fuer-die-sp-in-den-staenderat\/","og_locale":"de_DE","og_type":"article","og_title":"Eine Aargauer Muslimin m\u00f6chte f\u00fcr die SP in den Nationalrat - Verband Aargauer Muslime (VAM)","og_description":"\u00abMan kann Feministin und Muslimin sein\u00bb: So betitelte die Aargauer Zeitung einen Artikel vom 24.9.2019 \u00fcber Alime K\u00f6secio\u011fullari aus Seon, welche f\u00fcr den Nationalrat kandidiert. In dem Artikel erf\u00e4hrt man [&hellip;]","og_url":"https:\/\/aargauermuslime.ch\/de\/eine-aargauer-muslimin-moechte-fuer-die-sp-in-den-staenderat\/","og_site_name":"Verband Aargauer Muslime (VAM)","article_publisher":"https:\/\/www.facebook.com\/groups\/aargauermuslime","article_published_time":"2019-09-27T19:33:47+00:00","article_modified_time":"2019-09-27T20:25:11+00:00","og_image":[{"width":669,"height":699,"url":"https:\/\/aargauermuslime.ch\/de\/wp-content\/uploads\/2019\/09\/Alime_Koeseciogullari_Mer_send_eis.jpg","type":"image\/jpeg"}],"author":"Verwalter5","twitter_card":"summary_large_image","twitter_misc":{"Verfasst von":"Verwalter5","Gesch\u00e4tzte Lesezeit":"1\u00a0Minute"},"schema":{"@context":"https:\/\/schema.org","@graph":[{"@type":"Article","@id":"https:\/\/aargauermuslime.ch\/de\/eine-aargauer-muslimin-moechte-fuer-die-sp-in-den-staenderat\/#article","isPartOf":{"@id":"https:\/\/aargauermuslime.ch\/de\/eine-aargauer-muslimin-moechte-fuer-die-sp-in-den-staenderat\/"},"author":{"name":"Verwalter5","@id":"https:\/\/aargauermuslime.ch\/de\/#\/schema\/person\/310e6c317a37722ccc1fb5815f4bb122"},"headline":"Eine Aargauer Muslimin m\u00f6chte f\u00fcr die SP in den Nationalrat","datePublished":"2019-09-27T19:33:47+00:00","dateModified":"2019-09-27T20:25:11+00:00","mainEntityOfPage":{"@id":"https:\/\/aargauermuslime.ch\/de\/eine-aargauer-muslimin-moechte-fuer-die-sp-in-den-staenderat\/"},"wordCount":143,"publisher":{"@id":"https:\/\/aargauermuslime.ch\/de\/#organization"},"image":{"@id":"https:\/\/aargauermuslime.ch\/de\/eine-aargauer-muslimin-moechte-fuer-die-sp-in-den-staenderat\/#primaryimage"},"thumbnailUrl":"https:\/\/aargauermuslime.ch\/de\/wp-content\/uploads\/2019\/09\/Alime_Koeseciogullari_Mer_send_eis.jpg","articleSection":["News"],"inLanguage":"de"},{"@type":"WebPage","@id":"https:\/\/aargauermuslime.ch\/de\/eine-aargauer-muslimin-moechte-fuer-die-sp-in-den-staenderat\/","url":"https:\/\/aargauermuslime.ch\/de\/eine-aargauer-muslimin-moechte-fuer-die-sp-in-den-staenderat\/","name":"Eine Aargauer Muslimin m\u00f6chte f\u00fcr die SP in den Nationalrat - Verband Aargauer Muslime (VAM)","isPartOf":{"@id":"https:\/\/aargauermuslime.ch\/de\/#website"},"primaryImageOfPage":{"@id":"https:\/\/aargauermuslime.ch\/de\/eine-aargauer-muslimin-moechte-fuer-die-sp-in-den-staenderat\/#primaryimage"},"image":{"@id":"https:\/\/aargauermuslime.ch\/de\/eine-aargauer-muslimin-moechte-fuer-die-sp-in-den-staenderat\/#primaryimage"},"thumbnailUrl":"https:\/\/aargauermuslime.ch\/de\/wp-content\/uploads\/2019\/09\/Alime_Koeseciogullari_Mer_send_eis.jpg","datePublished":"2019-09-27T19:33:47+00:00","dateModified":"2019-09-27T20:25:11+00:00","breadcrumb":{"@id":"https:\/\/aargauermuslime.ch\/de\/eine-aargauer-muslimin-moechte-fuer-die-sp-in-den-staenderat\/#breadcrumb"},"inLanguage":"de","potentialAction":[{"@type":"ReadAction","target":["https:\/\/aargauermuslime.ch\/de\/eine-aargauer-muslimin-moechte-fuer-die-sp-in-den-staenderat\/"]}]},{"@type":"ImageObject","inLanguage":"de","@id":"https:\/\/aargauermuslime.ch\/de\/eine-aargauer-muslimin-moechte-fuer-die-sp-in-den-staenderat\/#primaryimage","url":"https:\/\/aargauermuslime.ch\/de\/wp-content\/uploads\/2019\/09\/Alime_Koeseciogullari_Mer_send_eis.jpg","contentUrl":"https:\/\/aargauermuslime.ch\/de\/wp-content\/uploads\/2019\/09\/Alime_Koeseciogullari_Mer_send_eis.jpg","width":669,"height":699},{"@type":"BreadcrumbList","@id":"https:\/\/aargauermuslime.ch\/de\/eine-aargauer-muslimin-moechte-fuer-die-sp-in-den-staenderat\/#breadcrumb","itemListElement":[{"@type":"ListItem","position":1,"name":"Startseite","item":"https:\/\/aargauermuslime.ch\/de\/"},{"@type":"ListItem","position":2,"name":"Eine Aargauer Muslimin m\u00f6chte f\u00fcr die SP in den Nationalrat"}]},{"@type":"WebSite","@id":"https:\/\/aargauermuslime.ch\/de\/#website","url":"https:\/\/aargauermuslime.ch\/de\/","name":"Verband Aargauer Muslime (VAM)","description":"Dachverband der muslimischen Institutionen im Aargau","publisher":{"@id":"https:\/\/aargauermuslime.ch\/de\/#organization"},"potentialAction":[{"@type":"SearchAction","target":{"@type":"EntryPoint","urlTemplate":"https:\/\/aargauermuslime.ch\/de\/?s={search_term_string}"},"query-input":{"@type":"PropertyValueSpecification","valueRequired":true,"valueName":"search_term_string"}}],"inLanguage":"de"},{"@type":"Organization","@id":"https:\/\/aargauermuslime.ch\/de\/#organization","name":"Verband Aargauer Muslime","alternateName":"VAM","url":"https:\/\/aargauermuslime.ch\/de\/","logo":{"@type":"ImageObject","inLanguage":"de","@id":"https:\/\/aargauermuslime.ch\/de\/#\/schema\/logo\/image\/","url":"https:\/\/aargauermuslime.ch\/de\/wp-content\/uploads\/2019\/07\/VAM-Logo_web.jpg","contentUrl":"https:\/\/aargauermuslime.ch\/de\/wp-content\/uploads\/2019\/07\/VAM-Logo_web.jpg","width":800,"height":181,"caption":"Verband Aargauer Muslime"},"image":{"@id":"https:\/\/aargauermuslime.ch\/de\/#\/schema\/logo\/image\/"},"sameAs":["https:\/\/www.facebook.com\/groups\/aargauermuslime"]},{"@type":"Person","@id":"https:\/\/aargauermuslime.ch\/de\/#\/schema\/person\/310e6c317a37722ccc1fb5815f4bb122","name":"Verwalter5","image":{"@type":"ImageObject","inLanguage":"de","@id":"https:\/\/secure.gravatar.com\/avatar\/65ee8be834871e73d854ad00dfc4031afc2b5c926eac730b926dfe8fee7021c0?s=96&d=mm&r=g","url":"https:\/\/secure.gravatar.com\/avatar\/65ee8be834871e73d854ad00dfc4031afc2b5c926eac730b926dfe8fee7021c0?s=96&d=mm&r=g","contentUrl":"https:\/\/secure.gravatar.com\/avatar\/65ee8be834871e73d854ad00dfc4031afc2b5c926eac730b926dfe8fee7021c0?s=96&d=mm&r=g","caption":"Verwalter5"}}]}},"_links":{"self":[{"href":"https:\/\/aargauermuslime.ch\/de\/wp-json\/wp\/v2\/posts\/2209","targetHints":{"allow":["GET"]}}],"collection":[{"href":"https:\/\/aargauermuslime.ch\/de\/wp-json\/wp\/v2\/posts"}],"about":[{"href":"https:\/\/aargauermuslime.ch\/de\/wp-json\/wp\/v2\/types\/post"}],"author":[{"embeddable":true,"href":"https:\/\/aargauermuslime.ch\/de\/wp-json\/wp\/v2\/users\/4"}],"replies":[{"embeddable":true,"href":"https:\/\/aargauermuslime.ch\/de\/wp-json\/wp\/v2\/comments?post=2209"}],"version-history":[{"count":6,"href":"https:\/\/aargauermuslime.ch\/de\/wp-json\/wp\/v2\/posts\/2209\/revisions"}],"predecessor-version":[{"id":2231,"href":"https:\/\/aargauermuslime.ch\/de\/wp-json\/wp\/v2\/posts\/2209\/revisions\/2231"}],"wp:featuredmedia":[{"embeddable":true,"href":"https:\/\/aargauermuslime.ch\/de\/wp-json\/wp\/v2\/media\/2220"}],"wp:attachment":[{"href":"https:\/\/aargauermuslime.ch\/de\/wp-json\/wp\/v2\/media?parent=2209"}],"wp:term":[{"taxonomy":"category","embeddable":true,"href":"https:\/\/aargauermuslime.ch\/de\/wp-json\/wp\/v2\/categories?post=2209"},{"taxonomy":"post_tag","embeddable":true,"href":"https:\/\/aargauermuslime.ch\/de\/wp-json\/wp\/v2\/tags?post=2209"}],"curies":[{"name":"wp","href":"https:\/\/api.w.org\/{rel}","templated":true}]}}