{"id":2536,"date":"2020-04-26T20:19:06","date_gmt":"2020-04-26T18:19:06","guid":{"rendered":"https:\/\/aargauermuslime.ch\/de\/?p=2536"},"modified":"2020-04-27T09:33:10","modified_gmt":"2020-04-27T07:33:10","slug":"aargauer-muslime-helfen-notleidenden-im-tschad","status":"publish","type":"post","link":"https:\/\/aargauermuslime.ch\/de\/aargauer-muslime-helfen-notleidenden-im-tschad\/","title":{"rendered":"Aargauer Muslime helfen Notleidenden im Tschad"},"content":{"rendered":"\n<p>Mitglieder der t\u00fcrkischen Moschee in D\u00f6ttingen sammelten Geld und andere Hilfsg\u00fcter und reisten anschliessend in den Tschad, um Bed\u00fcrftigen vor Ort zu helfen. Der VAM hat mit einigen Mitgliedern der Gruppe gesprochen und sie nach ihren Beweggr\u00fcnden und Erfahrungen gefragt.<\/p>\n\n\n\n<p>Das Interview f\u00fchrte Hamit Duran, Vorstandsmitglied des Verbandes Aargauer Muslime (VAM) am 10. Februar 2020 in D\u00f6ttingen.<\/p>\n\n\n\n<p>Die Transkription des aufgenommenen Interviews erfolgte durch Ayman Duran, Turgi.<\/p>\n\n\n\n<h3 class=\"wp-block-heading\">VAM: Wer hatte die Idee zu dieser Aktion?<\/h3>\n\n\n\n<p><em>Leyla G.<\/em>: Mein Bruder, G\u00f6kmen G\u00f6kdemir, Pr\u00e4sident der Moschee in D\u00f6ttingen, macht solche Aktionen schon seit ein paar Jahren, sei es in Afrika oder in asiatischen L\u00e4ndern. Dabei werden Brunnen gebaut, Pflanzen gepflanzt, Hilfspakete \u00fcbergeben etc.<\/p>\n\n\n\n<p>Eine Schwester aus unserer Gemeinschaft fragte sich aber dann einmal, warum solche Aktionen nur durch M\u00e4nner organisiert werden und keine Frauen mithelfen. Sie gelangte mit ihrem Anliegen an den Vorstand, der die Idee, dass sich auch Frauen aktiv engagieren m\u00f6chten, wohlwollend aufnahm. Eine kurze Umfrage unter den weiblichen Mitgliedern der Moschee ergab dann, dass 10 Frauen bei der Organisation und Durchf\u00fchrung mitmachen wollten.<\/p>\n\n\n\n<p>So kam es dann, dass insgesamt 10 Frauen und 14 M\u00e4nner im Dezember 2019 in den Tschad reisten. Darunter waren 17 Personen von der Gemeinschaft in D\u00f6ttingen, f\u00fcnf von der Gr\u00fcnen Moschee in Aarburg und ein Ehepaar aus Z\u00fcrich. Die Reisekosten wurden von den Teilnehmern selbst getragen.<\/p>\n\n\n\n<h3 class=\"wp-block-heading\">VAM: Du hast erw\u00e4hnt, dass euer Pr\u00e4sident bereits schon fr\u00fcher solche Hilfsaktionen durchgef\u00fchrt hat. Hat er diese selber organisiert, oder hat er mit jemandem zusammengearbeitet?<\/h3>\n\n\n\n<p><em>Leyla G<\/em>.: Er war zun\u00e4chst aktiv in der Hilfsorganisation \u00ab<a href=\"https:\/\/www.tut-elimi.ch\/de\/\" target=\"_blank\" rel=\"noreferrer noopener\">Tut Elimi<\/a>\u00bb, die vor ca. 10 Jahren durch f\u00fcnf Privatpersonen gegr\u00fcndet worden war. G\u00f6kmen engagierte sich dort w\u00e4hrend 7 bis 8 Jahren. Dieses Mal sagten wir uns aber, dass wir dieses Projekt im Namen unseres T\u00fcrkischen Kulturvereins D\u00f6ttingen durchf\u00fchren m\u00f6chten.<\/p>\n\n\n\n<h3 class=\"wp-block-heading\">VAM: Wie habt ihr die ganze Aktion durchgef\u00fchrt?<\/h3>\n\n\n\n<p><em>Leyla G<\/em>.: Zun\u00e4chst haben wir im Rahmen verschiedener Aktionen Geld gesammelt. Dabei kam mit Allahs Hilfe ein namhafter Betrag zusammen. Einen Teil haben wir innerhalb des erlaubten Rahmens bar mitgenommen, mit dem restlichen Teil haben wir Hilfsg\u00fcter beschafft wobei der Hauptteil davon in den Bau von Brunnen investiert wurde; denn Wassermangel geh\u00f6rt zu den Hauptproblemen im Tschad. Insgesamt liessen wir 49 Brunnen erstellen, wobei jeder davon rund 2000 Euro gekostet hat. Daneben haben wir Lebensmittelpakete, Kleider, Spielsachen f\u00fcr Kinder und einige Mushaf-Exemplare mitgenommen.<\/p>\n\n\n\n<h3 class=\"wp-block-heading\">VAM: Warum der Tschad und nicht ein anderes Land?<\/h3>\n\n\n\n<p><em>Leyla G<\/em>.: Wie vorher schon erw\u00e4hnt hat mein Bruder G\u00f6kmen schon viel Erfahrung mit Hilfsaktionen sammeln k\u00f6nnen. Er meinte, mit einer so grossen Gruppe, inklusive der Damen, k\u00e4me nur der Tschad in Frage, weil es dort relativ ruhig ist. Es ist kein Kriegsgebiet, es gibt fast keinen Terrorismus; es ist ein friedliches Land.<\/p>\n\n\n\n<p>Ausserdem hatten wir vor Ort auch schon einige Beziehungen, was die ganze Aktion noch etwas erleichtert hat. Aber wir m\u00f6chten solche Humanit\u00e4tsprojekte mit Hilfe unseres Dachverbandes weiter durchf\u00fchren. Das n\u00e4chste Projekt ist im Niger geplant.<\/p>\n\n\n\n<h3 class=\"wp-block-heading\">VAM: Mit wie vielen Personen und wie seid ihr in den Tschad gereist?<\/h3>\n\n\n\n<p><em>Leyla G.<\/em>: Insgesamt waren wir 24 Personen; 14 M\u00e4nner und 10 Frauen. Bis in den Tschad war die Reise, mit Zwischenstopp in Istanbul, recht angenehm. Als wir aber abends in der Hauptstadt N\u2019Djamena ankamen, war das erste Gef\u00fchl, dass hier etwas anders ist. Wir wurden direkt zu einer durch eine t\u00fcrkische Gemeinschaft betriebenen Schule gebracht, wo wir das erste Abendessen einnehmen konnten. Nach einer kleinen Ruhezeit mussten wir uns bereits um Mitternacht wieder auf den Weg machen, da wir es sonst zeitlich nicht geschafft h\u00e4tten. Wir hatten eine 430 km lange Reise vor uns, die uns von der Hauptstadt zu unserem Zielgebiet, der Region um die Ortschaft Rig Rig brachte. In Europa ginge so eine Fahrt vielleicht 3 &#8211; 4 Stunden, aber wir haben f\u00fcr die Strecke fast 12 Stunden gebraucht. Nach den ersten 180 km gab es keine Strassen mehr, es ging nur noch \u00fcber W\u00fcste. Wir hatten zum Gl\u00fcck 7 Fahrzeuge mit einem Top-Team an Fahrern zu Verf\u00fcgung, die uns sicher an unser Ziel bringen konnten.<\/p>\n\n\n\n<h3 class=\"wp-block-heading\">VAM: Mit wem habt ihr vor Ort zusammengearbeitet?<\/h3>\n\n\n\n<p><em>Leyla G.<\/em>: Es gibt einen Bruder der bereits erw\u00e4hnten t\u00fcrkischen Gemeinschaft, der dort immer anwesend ist. Mit seiner Hilfe konnten wir 3&#8217;500 Lebensmittelpakete beschaffen und verteilen.<\/p>\n\n\n\n<h3 class=\"wp-block-heading\">VAM: Wo und wie habt ihr das Geld und die Hilfsg\u00fcter verteilt?<\/h3>\n\n\n\n<p><em>Leyla G.<\/em>: Zu Beginn haben wir einige Brunnen in verschiedenen D\u00f6rfern eingeweiht. In den meisten D\u00f6rfern waren die Hilfspakete schon deponiert und ein Teil von den Dorf\u00e4ltesten an die Bev\u00f6lkerung verteilt worden. Als wir ankamen, konnten wir den Rest der Hilfspakete sowie den Kindern Spielsachen verteilen. Wir haben die Verteilung der einzelnen G\u00fcter unter uns aufgeteilt.<\/p>\n\n\n\n<h3 class=\"wp-block-heading\">VAM: Welche Kriterien haben bei der Verteilung der Hilfe eine Rolle gespielt? Waren es nur Muslime, die Hilfe erhalten haben?<\/h3>\n\n\n\n<p><em>Leyla G.<\/em>: Ich kann das nicht faktisch beurteilen, aber mit meinen Erfahrungen habe ich das Gef\u00fchl, dass es in unserem Zielgebiet auch christliche D\u00f6rfer gab. Die Menschen in diesen D\u00f6rfern hatten einen etwas anderen Kleidungsstil. Statistisch weiss man, dass die Bev\u00f6lkerung von Tschad zu 60% christlich ist, aber die Religion der Bev\u00f6lkerung spielte f\u00fcr uns gar keine Rolle.<\/p>\n\n\n\n<h3 class=\"wp-block-heading\">VAM: Hattet ihr pers\u00f6nlichen Kontakt mit den Bed\u00fcrftigen?<\/h3>\n\n\n\n<p><em>Leyla G.<\/em>: Wir haben alles, was wir mitgenommen hatten, selber verteilt. Mich pers\u00f6nlich hat es sehr getroffen, als wir den Leuten z.B. S\u00fcssgetr\u00e4nke in Plastikbeuteln anbieten wollten, sie aber nicht wussten, wie man ihn \u00f6ffnet, weil sie so etwas noch nie gesehen hatten.<\/p>\n\n\n\n<p>Die kleinen Kinder hatten teilweise auch Angst vor uns, haben geweint und sich zur\u00fcckgezogen, da sie noch nie Menschen mit so heller Haut gesehen haben. Aber es war sch\u00f6n, das Lachen der Kinder zu h\u00f6ren, als wir f\u00fcr sie Ballons aufgeblasen haben. Den jungen M\u00e4dchen haben wir auch noch Haargummis verteilt, aber sie wussten nicht, wie sie diese benutzen k\u00f6nnen.<\/p>\n\n\n\n<h3 class=\"wp-block-heading\">VAM: Habt ihr auch auf die Nachhaltigkeit eurer Hilfe geachtet?<\/h3>\n\n\n\n<p><em>Murat G.:<\/em> Vor allem bei der Beschaffung der Brunnen haben wir darauf geachtet, dass die Teile leicht zu ersetzen sind. Falls etwas besch\u00e4digt werden sollte bei einem Sturm oder \u00e4hnlichem kann der Brunnen recht schnell wieder instand gesetzt werden.<\/p>\n\n\n\n<p><em>Leyla G.<\/em>: Wir haben auch Vorrichtungen installieren lassen, dass, falls es bei Regenfall zu einem \u00dcberfluss an Wasser kommt, das Wasser gespeichert werden kann und nicht direkt verdunstet.<\/p>\n\n\n\n<h3 class=\"wp-block-heading\">VAM: Gibt es besondere Erlebnisse, die ihr gemacht habt? Gibt es Erfahrungen, die euch f\u00fcr die Zukunft gepr\u00e4gt haben?<\/h3>\n\n\n\n<p><em>Leyla G.<\/em>: Am zweiten Tag, wo es besonders heiss war, waren wir in einem Dorf, wo wir eine Dame mit einem kleinen Jungen trafen. Ich habe dem Jungen ein kleines Biskuit geben, und kurz darauf hat er drei ganze Pakete davon verschlungen. Als ich einen kleinen Kr\u00fcmel fallengelassen hatte, hat er sich direkt darauf geworfen. Es war deutlich klar, dass dieses kleine Kind extrem Hunger hatte.<\/p>\n\n\n\n<p>Auch hat mich sehr bedr\u00fcckt zu sehen, dass die Kinder aufgrund des fehlenden Wassers ihre Gesichter nicht waschen konnten und deshalb um die Augen st\u00e4ndig Fliegen umhergeschwirrt sind.<\/p>\n\n\n\n<h3 class=\"wp-block-heading\">VAM: Plant ihr weitere derartige Aktionen?<\/h3>\n\n\n\n<p><em>Leyla G.:<\/em> Wie bereist erw\u00e4hnt, planen wir als n\u00e4chstes eine Hilfsaktion f\u00fcr Niger. Am 18. April 2020, also noch vor dem Ramadan, planen wir dazu eine Benefizveranstaltung, inklusive einer Fotoausstellung zu unserer Tschad-Hilfsaktion, in der Turnhalle der Primarschule D\u00f6ttingen. Weiter Informationen werden zu gegebener Zeit bekannt gegeben.<\/p>\n\n\n\n<p>[Anmerkung der Redaktion: Aufgrund der aktuellen Situation rund um die COVID-19-Pandemie musste dieser Benefizanlass leider abgesagt werden. Anstelle dessen arbeitet die Moschee D\u00f6ttingen an einem neuen Projekt, bei der es um den Aufbau eines Waisenhauses auf den Philippinen geht. Weitere Informationen werden zu gegebener Zeit folgen]<\/p>\n\n\n\n<h3 class=\"wp-block-heading\">VAM: Wir m\u00f6chten euch nochmals zu dieser Aktion gratulieren und uns ganz herzlich f\u00fcr das Interview bedanken.<\/h3>\n\n\n\n<p><em>Leyla &amp; Murat G.:<\/em> Auch wir bedanken uns ganz herzlich.<\/p>\n\n\n\n<p>S\u00fckr\u00fc, der Sohn der Familie G\u00f6kdemir, der ebenfalls zusammen mit seinen Eltern in den Tschad gereist ist, hat uns einige Bilder zur Verf\u00fcgung gestellt, die sie in <a href=\"https:\/\/aargauermuslime.ch\/de\/project\/hilfsaktion-tschad-moschee-doettingen-dezember-2019\/\" target=\"_blank\" rel=\"noreferrer noopener\">dieser Bildergalerie<\/a> einsehen k\u00f6nnen.<\/p>\n","protected":false},"excerpt":{"rendered":"<p>Mitglieder der t\u00fcrkischen Moschee in D\u00f6ttingen sammelten Geld und andere Hilfsg\u00fcter und reisten anschliessend in den Tschad, um Bed\u00fcrftigen vor Ort zu helfen. Der VAM hat mit einigen Mitgliedern der [&hellip;]<\/p>\n","protected":false},"author":4,"featured_media":2537,"comment_status":"closed","ping_status":"closed","sticky":false,"template":"","format":"standard","meta":{"_et_pb_use_builder":"","_et_pb_old_content":"","_et_gb_content_width":"","ngg_post_thumbnail":0,"footnotes":""},"categories":[2,3],"tags":[],"class_list":["post-2536","post","type-post","status-publish","format-standard","has-post-thumbnail","hentry","category-berichte","category-news"],"yoast_head":"<!-- This site is optimized with the Yoast SEO plugin v27.4 - https:\/\/yoast.com\/product\/yoast-seo-wordpress\/ -->\n<title>Aargauer Muslime helfen Notleidenden im Tschad - Verband Aargauer Muslime (VAM)<\/title>\n<meta name=\"robots\" content=\"index, follow, max-snippet:-1, max-image-preview:large, max-video-preview:-1\" \/>\n<link rel=\"canonical\" href=\"https:\/\/aargauermuslime.ch\/de\/aargauer-muslime-helfen-notleidenden-im-tschad\/\" \/>\n<meta property=\"og:locale\" content=\"de_DE\" \/>\n<meta property=\"og:type\" content=\"article\" \/>\n<meta property=\"og:title\" content=\"Aargauer Muslime helfen Notleidenden im Tschad - Verband Aargauer Muslime (VAM)\" \/>\n<meta property=\"og:description\" content=\"Mitglieder der t\u00fcrkischen Moschee in D\u00f6ttingen sammelten Geld und andere Hilfsg\u00fcter und reisten anschliessend in den Tschad, um Bed\u00fcrftigen vor Ort zu helfen. Der VAM hat mit einigen Mitgliedern der [&hellip;]\" \/>\n<meta property=\"og:url\" content=\"https:\/\/aargauermuslime.ch\/de\/aargauer-muslime-helfen-notleidenden-im-tschad\/\" \/>\n<meta property=\"og:site_name\" content=\"Verband Aargauer Muslime (VAM)\" \/>\n<meta property=\"article:publisher\" content=\"https:\/\/www.facebook.com\/groups\/aargauermuslime\" \/>\n<meta property=\"article:published_time\" content=\"2020-04-26T18:19:06+00:00\" \/>\n<meta property=\"article:modified_time\" content=\"2020-04-27T07:33:10+00:00\" \/>\n<meta property=\"og:image\" content=\"https:\/\/aargauermuslime.ch\/de\/wp-content\/uploads\/2020\/04\/Hilfsaktion_Tschad-scaled.jpg\" \/>\n\t<meta property=\"og:image:width\" content=\"2560\" \/>\n\t<meta property=\"og:image:height\" content=\"1440\" \/>\n\t<meta property=\"og:image:type\" content=\"image\/jpeg\" \/>\n<meta name=\"author\" content=\"Verwalter5\" \/>\n<meta name=\"twitter:card\" content=\"summary_large_image\" \/>\n<meta name=\"twitter:label1\" content=\"Verfasst von\" \/>\n\t<meta name=\"twitter:data1\" content=\"Verwalter5\" \/>\n\t<meta name=\"twitter:label2\" content=\"Gesch\u00e4tzte Lesezeit\" \/>\n\t<meta name=\"twitter:data2\" content=\"7\u00a0Minuten\" \/>\n<script type=\"application\/ld+json\" class=\"yoast-schema-graph\">{\"@context\":\"https:\\\/\\\/schema.org\",\"@graph\":[{\"@type\":\"Article\",\"@id\":\"https:\\\/\\\/aargauermuslime.ch\\\/de\\\/aargauer-muslime-helfen-notleidenden-im-tschad\\\/#article\",\"isPartOf\":{\"@id\":\"https:\\\/\\\/aargauermuslime.ch\\\/de\\\/aargauer-muslime-helfen-notleidenden-im-tschad\\\/\"},\"author\":{\"name\":\"Verwalter5\",\"@id\":\"https:\\\/\\\/aargauermuslime.ch\\\/de\\\/#\\\/schema\\\/person\\\/310e6c317a37722ccc1fb5815f4bb122\"},\"headline\":\"Aargauer Muslime helfen Notleidenden im Tschad\",\"datePublished\":\"2020-04-26T18:19:06+00:00\",\"dateModified\":\"2020-04-27T07:33:10+00:00\",\"mainEntityOfPage\":{\"@id\":\"https:\\\/\\\/aargauermuslime.ch\\\/de\\\/aargauer-muslime-helfen-notleidenden-im-tschad\\\/\"},\"wordCount\":1383,\"publisher\":{\"@id\":\"https:\\\/\\\/aargauermuslime.ch\\\/de\\\/#organization\"},\"image\":{\"@id\":\"https:\\\/\\\/aargauermuslime.ch\\\/de\\\/aargauer-muslime-helfen-notleidenden-im-tschad\\\/#primaryimage\"},\"thumbnailUrl\":\"https:\\\/\\\/aargauermuslime.ch\\\/de\\\/wp-content\\\/uploads\\\/2020\\\/04\\\/Hilfsaktion_Tschad-scaled.jpg\",\"articleSection\":[\"Berichte\",\"News\"],\"inLanguage\":\"de\"},{\"@type\":\"WebPage\",\"@id\":\"https:\\\/\\\/aargauermuslime.ch\\\/de\\\/aargauer-muslime-helfen-notleidenden-im-tschad\\\/\",\"url\":\"https:\\\/\\\/aargauermuslime.ch\\\/de\\\/aargauer-muslime-helfen-notleidenden-im-tschad\\\/\",\"name\":\"Aargauer Muslime helfen Notleidenden im Tschad - Verband Aargauer Muslime (VAM)\",\"isPartOf\":{\"@id\":\"https:\\\/\\\/aargauermuslime.ch\\\/de\\\/#website\"},\"primaryImageOfPage\":{\"@id\":\"https:\\\/\\\/aargauermuslime.ch\\\/de\\\/aargauer-muslime-helfen-notleidenden-im-tschad\\\/#primaryimage\"},\"image\":{\"@id\":\"https:\\\/\\\/aargauermuslime.ch\\\/de\\\/aargauer-muslime-helfen-notleidenden-im-tschad\\\/#primaryimage\"},\"thumbnailUrl\":\"https:\\\/\\\/aargauermuslime.ch\\\/de\\\/wp-content\\\/uploads\\\/2020\\\/04\\\/Hilfsaktion_Tschad-scaled.jpg\",\"datePublished\":\"2020-04-26T18:19:06+00:00\",\"dateModified\":\"2020-04-27T07:33:10+00:00\",\"breadcrumb\":{\"@id\":\"https:\\\/\\\/aargauermuslime.ch\\\/de\\\/aargauer-muslime-helfen-notleidenden-im-tschad\\\/#breadcrumb\"},\"inLanguage\":\"de\",\"potentialAction\":[{\"@type\":\"ReadAction\",\"target\":[\"https:\\\/\\\/aargauermuslime.ch\\\/de\\\/aargauer-muslime-helfen-notleidenden-im-tschad\\\/\"]}]},{\"@type\":\"ImageObject\",\"inLanguage\":\"de\",\"@id\":\"https:\\\/\\\/aargauermuslime.ch\\\/de\\\/aargauer-muslime-helfen-notleidenden-im-tschad\\\/#primaryimage\",\"url\":\"https:\\\/\\\/aargauermuslime.ch\\\/de\\\/wp-content\\\/uploads\\\/2020\\\/04\\\/Hilfsaktion_Tschad-scaled.jpg\",\"contentUrl\":\"https:\\\/\\\/aargauermuslime.ch\\\/de\\\/wp-content\\\/uploads\\\/2020\\\/04\\\/Hilfsaktion_Tschad-scaled.jpg\",\"width\":2560,\"height\":1440},{\"@type\":\"BreadcrumbList\",\"@id\":\"https:\\\/\\\/aargauermuslime.ch\\\/de\\\/aargauer-muslime-helfen-notleidenden-im-tschad\\\/#breadcrumb\",\"itemListElement\":[{\"@type\":\"ListItem\",\"position\":1,\"name\":\"Startseite\",\"item\":\"https:\\\/\\\/aargauermuslime.ch\\\/de\\\/\"},{\"@type\":\"ListItem\",\"position\":2,\"name\":\"Aargauer Muslime helfen Notleidenden im Tschad\"}]},{\"@type\":\"WebSite\",\"@id\":\"https:\\\/\\\/aargauermuslime.ch\\\/de\\\/#website\",\"url\":\"https:\\\/\\\/aargauermuslime.ch\\\/de\\\/\",\"name\":\"Verband Aargauer Muslime (VAM)\",\"description\":\"Dachverband der muslimischen Institutionen im Aargau\",\"publisher\":{\"@id\":\"https:\\\/\\\/aargauermuslime.ch\\\/de\\\/#organization\"},\"potentialAction\":[{\"@type\":\"SearchAction\",\"target\":{\"@type\":\"EntryPoint\",\"urlTemplate\":\"https:\\\/\\\/aargauermuslime.ch\\\/de\\\/?s={search_term_string}\"},\"query-input\":{\"@type\":\"PropertyValueSpecification\",\"valueRequired\":true,\"valueName\":\"search_term_string\"}}],\"inLanguage\":\"de\"},{\"@type\":\"Organization\",\"@id\":\"https:\\\/\\\/aargauermuslime.ch\\\/de\\\/#organization\",\"name\":\"Verband Aargauer Muslime\",\"alternateName\":\"VAM\",\"url\":\"https:\\\/\\\/aargauermuslime.ch\\\/de\\\/\",\"logo\":{\"@type\":\"ImageObject\",\"inLanguage\":\"de\",\"@id\":\"https:\\\/\\\/aargauermuslime.ch\\\/de\\\/#\\\/schema\\\/logo\\\/image\\\/\",\"url\":\"https:\\\/\\\/aargauermuslime.ch\\\/de\\\/wp-content\\\/uploads\\\/2019\\\/07\\\/VAM-Logo_web.jpg\",\"contentUrl\":\"https:\\\/\\\/aargauermuslime.ch\\\/de\\\/wp-content\\\/uploads\\\/2019\\\/07\\\/VAM-Logo_web.jpg\",\"width\":800,\"height\":181,\"caption\":\"Verband Aargauer Muslime\"},\"image\":{\"@id\":\"https:\\\/\\\/aargauermuslime.ch\\\/de\\\/#\\\/schema\\\/logo\\\/image\\\/\"},\"sameAs\":[\"https:\\\/\\\/www.facebook.com\\\/groups\\\/aargauermuslime\"]},{\"@type\":\"Person\",\"@id\":\"https:\\\/\\\/aargauermuslime.ch\\\/de\\\/#\\\/schema\\\/person\\\/310e6c317a37722ccc1fb5815f4bb122\",\"name\":\"Verwalter5\",\"image\":{\"@type\":\"ImageObject\",\"inLanguage\":\"de\",\"@id\":\"https:\\\/\\\/secure.gravatar.com\\\/avatar\\\/65ee8be834871e73d854ad00dfc4031afc2b5c926eac730b926dfe8fee7021c0?s=96&d=mm&r=g\",\"url\":\"https:\\\/\\\/secure.gravatar.com\\\/avatar\\\/65ee8be834871e73d854ad00dfc4031afc2b5c926eac730b926dfe8fee7021c0?s=96&d=mm&r=g\",\"contentUrl\":\"https:\\\/\\\/secure.gravatar.com\\\/avatar\\\/65ee8be834871e73d854ad00dfc4031afc2b5c926eac730b926dfe8fee7021c0?s=96&d=mm&r=g\",\"caption\":\"Verwalter5\"}}]}<\/script>\n<!-- \/ Yoast SEO plugin. -->","yoast_head_json":{"title":"Aargauer Muslime helfen Notleidenden im Tschad - Verband Aargauer Muslime (VAM)","robots":{"index":"index","follow":"follow","max-snippet":"max-snippet:-1","max-image-preview":"max-image-preview:large","max-video-preview":"max-video-preview:-1"},"canonical":"https:\/\/aargauermuslime.ch\/de\/aargauer-muslime-helfen-notleidenden-im-tschad\/","og_locale":"de_DE","og_type":"article","og_title":"Aargauer Muslime helfen Notleidenden im Tschad - Verband Aargauer Muslime (VAM)","og_description":"Mitglieder der t\u00fcrkischen Moschee in D\u00f6ttingen sammelten Geld und andere Hilfsg\u00fcter und reisten anschliessend in den Tschad, um Bed\u00fcrftigen vor Ort zu helfen. Der VAM hat mit einigen Mitgliedern der [&hellip;]","og_url":"https:\/\/aargauermuslime.ch\/de\/aargauer-muslime-helfen-notleidenden-im-tschad\/","og_site_name":"Verband Aargauer Muslime (VAM)","article_publisher":"https:\/\/www.facebook.com\/groups\/aargauermuslime","article_published_time":"2020-04-26T18:19:06+00:00","article_modified_time":"2020-04-27T07:33:10+00:00","og_image":[{"width":2560,"height":1440,"url":"https:\/\/aargauermuslime.ch\/de\/wp-content\/uploads\/2020\/04\/Hilfsaktion_Tschad-scaled.jpg","type":"image\/jpeg"}],"author":"Verwalter5","twitter_card":"summary_large_image","twitter_misc":{"Verfasst von":"Verwalter5","Gesch\u00e4tzte Lesezeit":"7\u00a0Minuten"},"schema":{"@context":"https:\/\/schema.org","@graph":[{"@type":"Article","@id":"https:\/\/aargauermuslime.ch\/de\/aargauer-muslime-helfen-notleidenden-im-tschad\/#article","isPartOf":{"@id":"https:\/\/aargauermuslime.ch\/de\/aargauer-muslime-helfen-notleidenden-im-tschad\/"},"author":{"name":"Verwalter5","@id":"https:\/\/aargauermuslime.ch\/de\/#\/schema\/person\/310e6c317a37722ccc1fb5815f4bb122"},"headline":"Aargauer Muslime helfen Notleidenden im Tschad","datePublished":"2020-04-26T18:19:06+00:00","dateModified":"2020-04-27T07:33:10+00:00","mainEntityOfPage":{"@id":"https:\/\/aargauermuslime.ch\/de\/aargauer-muslime-helfen-notleidenden-im-tschad\/"},"wordCount":1383,"publisher":{"@id":"https:\/\/aargauermuslime.ch\/de\/#organization"},"image":{"@id":"https:\/\/aargauermuslime.ch\/de\/aargauer-muslime-helfen-notleidenden-im-tschad\/#primaryimage"},"thumbnailUrl":"https:\/\/aargauermuslime.ch\/de\/wp-content\/uploads\/2020\/04\/Hilfsaktion_Tschad-scaled.jpg","articleSection":["Berichte","News"],"inLanguage":"de"},{"@type":"WebPage","@id":"https:\/\/aargauermuslime.ch\/de\/aargauer-muslime-helfen-notleidenden-im-tschad\/","url":"https:\/\/aargauermuslime.ch\/de\/aargauer-muslime-helfen-notleidenden-im-tschad\/","name":"Aargauer Muslime helfen Notleidenden im Tschad - Verband Aargauer Muslime (VAM)","isPartOf":{"@id":"https:\/\/aargauermuslime.ch\/de\/#website"},"primaryImageOfPage":{"@id":"https:\/\/aargauermuslime.ch\/de\/aargauer-muslime-helfen-notleidenden-im-tschad\/#primaryimage"},"image":{"@id":"https:\/\/aargauermuslime.ch\/de\/aargauer-muslime-helfen-notleidenden-im-tschad\/#primaryimage"},"thumbnailUrl":"https:\/\/aargauermuslime.ch\/de\/wp-content\/uploads\/2020\/04\/Hilfsaktion_Tschad-scaled.jpg","datePublished":"2020-04-26T18:19:06+00:00","dateModified":"2020-04-27T07:33:10+00:00","breadcrumb":{"@id":"https:\/\/aargauermuslime.ch\/de\/aargauer-muslime-helfen-notleidenden-im-tschad\/#breadcrumb"},"inLanguage":"de","potentialAction":[{"@type":"ReadAction","target":["https:\/\/aargauermuslime.ch\/de\/aargauer-muslime-helfen-notleidenden-im-tschad\/"]}]},{"@type":"ImageObject","inLanguage":"de","@id":"https:\/\/aargauermuslime.ch\/de\/aargauer-muslime-helfen-notleidenden-im-tschad\/#primaryimage","url":"https:\/\/aargauermuslime.ch\/de\/wp-content\/uploads\/2020\/04\/Hilfsaktion_Tschad-scaled.jpg","contentUrl":"https:\/\/aargauermuslime.ch\/de\/wp-content\/uploads\/2020\/04\/Hilfsaktion_Tschad-scaled.jpg","width":2560,"height":1440},{"@type":"BreadcrumbList","@id":"https:\/\/aargauermuslime.ch\/de\/aargauer-muslime-helfen-notleidenden-im-tschad\/#breadcrumb","itemListElement":[{"@type":"ListItem","position":1,"name":"Startseite","item":"https:\/\/aargauermuslime.ch\/de\/"},{"@type":"ListItem","position":2,"name":"Aargauer Muslime helfen Notleidenden im Tschad"}]},{"@type":"WebSite","@id":"https:\/\/aargauermuslime.ch\/de\/#website","url":"https:\/\/aargauermuslime.ch\/de\/","name":"Verband Aargauer Muslime (VAM)","description":"Dachverband der muslimischen Institutionen im Aargau","publisher":{"@id":"https:\/\/aargauermuslime.ch\/de\/#organization"},"potentialAction":[{"@type":"SearchAction","target":{"@type":"EntryPoint","urlTemplate":"https:\/\/aargauermuslime.ch\/de\/?s={search_term_string}"},"query-input":{"@type":"PropertyValueSpecification","valueRequired":true,"valueName":"search_term_string"}}],"inLanguage":"de"},{"@type":"Organization","@id":"https:\/\/aargauermuslime.ch\/de\/#organization","name":"Verband Aargauer Muslime","alternateName":"VAM","url":"https:\/\/aargauermuslime.ch\/de\/","logo":{"@type":"ImageObject","inLanguage":"de","@id":"https:\/\/aargauermuslime.ch\/de\/#\/schema\/logo\/image\/","url":"https:\/\/aargauermuslime.ch\/de\/wp-content\/uploads\/2019\/07\/VAM-Logo_web.jpg","contentUrl":"https:\/\/aargauermuslime.ch\/de\/wp-content\/uploads\/2019\/07\/VAM-Logo_web.jpg","width":800,"height":181,"caption":"Verband Aargauer Muslime"},"image":{"@id":"https:\/\/aargauermuslime.ch\/de\/#\/schema\/logo\/image\/"},"sameAs":["https:\/\/www.facebook.com\/groups\/aargauermuslime"]},{"@type":"Person","@id":"https:\/\/aargauermuslime.ch\/de\/#\/schema\/person\/310e6c317a37722ccc1fb5815f4bb122","name":"Verwalter5","image":{"@type":"ImageObject","inLanguage":"de","@id":"https:\/\/secure.gravatar.com\/avatar\/65ee8be834871e73d854ad00dfc4031afc2b5c926eac730b926dfe8fee7021c0?s=96&d=mm&r=g","url":"https:\/\/secure.gravatar.com\/avatar\/65ee8be834871e73d854ad00dfc4031afc2b5c926eac730b926dfe8fee7021c0?s=96&d=mm&r=g","contentUrl":"https:\/\/secure.gravatar.com\/avatar\/65ee8be834871e73d854ad00dfc4031afc2b5c926eac730b926dfe8fee7021c0?s=96&d=mm&r=g","caption":"Verwalter5"}}]}},"_links":{"self":[{"href":"https:\/\/aargauermuslime.ch\/de\/wp-json\/wp\/v2\/posts\/2536","targetHints":{"allow":["GET"]}}],"collection":[{"href":"https:\/\/aargauermuslime.ch\/de\/wp-json\/wp\/v2\/posts"}],"about":[{"href":"https:\/\/aargauermuslime.ch\/de\/wp-json\/wp\/v2\/types\/post"}],"author":[{"embeddable":true,"href":"https:\/\/aargauermuslime.ch\/de\/wp-json\/wp\/v2\/users\/4"}],"replies":[{"embeddable":true,"href":"https:\/\/aargauermuslime.ch\/de\/wp-json\/wp\/v2\/comments?post=2536"}],"version-history":[{"count":3,"href":"https:\/\/aargauermuslime.ch\/de\/wp-json\/wp\/v2\/posts\/2536\/revisions"}],"predecessor-version":[{"id":2540,"href":"https:\/\/aargauermuslime.ch\/de\/wp-json\/wp\/v2\/posts\/2536\/revisions\/2540"}],"wp:featuredmedia":[{"embeddable":true,"href":"https:\/\/aargauermuslime.ch\/de\/wp-json\/wp\/v2\/media\/2537"}],"wp:attachment":[{"href":"https:\/\/aargauermuslime.ch\/de\/wp-json\/wp\/v2\/media?parent=2536"}],"wp:term":[{"taxonomy":"category","embeddable":true,"href":"https:\/\/aargauermuslime.ch\/de\/wp-json\/wp\/v2\/categories?post=2536"},{"taxonomy":"post_tag","embeddable":true,"href":"https:\/\/aargauermuslime.ch\/de\/wp-json\/wp\/v2\/tags?post=2536"}],"curies":[{"name":"wp","href":"https:\/\/api.w.org\/{rel}","templated":true}]}}