{"id":2644,"date":"2020-05-21T17:12:47","date_gmt":"2020-05-21T15:12:47","guid":{"rendered":"https:\/\/aargauermuslime.ch\/de\/?p=2644"},"modified":"2020-05-21T17:19:07","modified_gmt":"2020-05-21T15:19:07","slug":"bau-der-neuen-moschee-in-reinach-hat-begonnen","status":"publish","type":"post","link":"https:\/\/aargauermuslime.ch\/de\/bau-der-neuen-moschee-in-reinach-hat-begonnen\/","title":{"rendered":"Bau der neuen Moschee in Reinach hat begonnen"},"content":{"rendered":"\n<p>Am 19. M\u00e4rz 2020 hat die Albanisch-Islamische Gemeinschaft Reinach mit dem Bau ihrer Religions-, Kultur- und Begegnungszentrum \u00ab<a rel=\"noreferrer noopener\" href=\"http:\/\/tulipan-reinach.ch\/\" target=\"_blank\">Tulipan<\/a>\u00bb begonnen (wir <a rel=\"noreferrer noopener\" href=\"https:\/\/aargauermuslime.ch\/de\/albanische-gemeinde-reinach-plant-neues-religions-kultur-und-begegnungszentrum\/\" target=\"_blank\">berichteten<\/a>).<\/p>\n\n\n\n<p>Die beiden Einsprachen gegen das \u00abKulturzentrum mit Mehrzweckhalle, Gastronomie, Kita und B\u00fcror\u00e4ume\u00bb konnten auf dem Verhandlungsweg er\u00adledigt werden. Allerdings war Ende Januar eine zweite Auflage des Baugesuchs mit 15 zus\u00e4tzlichen Parkpl\u00e4tzen n\u00f6tig. \u00abZuletzt brauchte es noch eine Grenz\u00adbereinigung im Bereich des Zufahrtsweges. Die ist unterschrieben\u00bb, erkl\u00e4rte der Reinacher Gemeindeammann Martin Heiz gegen\u00fcber der Aargauer Zeitung.<\/p>\n\n\n\n<p>Lesen Sie hier den vollst\u00e4ndigen Artikel auf <a href=\"https:\/\/www.aargauerzeitung.ch\/aargau\/wyna-suhre\/in-reinach-entsteht-in-rekordzeit-der-groesste-moschee-neubau-im-aargau-137905183\" target=\"_blank\" rel=\"noreferrer noopener\">AZ online vom 20.5.2020<\/a>.<\/p>\n","protected":false},"excerpt":{"rendered":"<p>Am 19. M\u00e4rz 2020 hat die Albanisch-Islamische Gemeinschaft Reinach mit dem Bau ihrer Religions-, Kultur- und Begegnungszentrum \u00abTulipan\u00bb begonnen (wir berichteten). Die beiden Einsprachen gegen das \u00abKulturzentrum mit Mehrzweckhalle, Gastronomie, [&hellip;]<\/p>\n","protected":false},"author":4,"featured_media":2646,"comment_status":"closed","ping_status":"closed","sticky":false,"template":"","format":"standard","meta":{"_et_pb_use_builder":"","_et_pb_old_content":"","_et_gb_content_width":"","ngg_post_thumbnail":0,"footnotes":""},"categories":[3],"tags":[],"class_list":["post-2644","post","type-post","status-publish","format-standard","has-post-thumbnail","hentry","category-news"],"yoast_head":"<!-- This site is optimized with the Yoast SEO plugin v27.4 - https:\/\/yoast.com\/product\/yoast-seo-wordpress\/ -->\n<title>Bau der neuen Moschee in Reinach hat begonnen - Verband Aargauer Muslime (VAM)<\/title>\n<meta name=\"robots\" content=\"index, follow, max-snippet:-1, max-image-preview:large, max-video-preview:-1\" \/>\n<link rel=\"canonical\" href=\"https:\/\/aargauermuslime.ch\/de\/bau-der-neuen-moschee-in-reinach-hat-begonnen\/\" \/>\n<meta property=\"og:locale\" content=\"de_DE\" \/>\n<meta property=\"og:type\" content=\"article\" \/>\n<meta property=\"og:title\" content=\"Bau der neuen Moschee in Reinach hat begonnen - Verband Aargauer Muslime (VAM)\" \/>\n<meta property=\"og:description\" content=\"Am 19. M\u00e4rz 2020 hat die Albanisch-Islamische Gemeinschaft Reinach mit dem Bau ihrer Religions-, Kultur- und Begegnungszentrum \u00abTulipan\u00bb begonnen (wir berichteten). Die beiden Einsprachen gegen das \u00abKulturzentrum mit Mehrzweckhalle, Gastronomie, [&hellip;]\" \/>\n<meta property=\"og:url\" content=\"https:\/\/aargauermuslime.ch\/de\/bau-der-neuen-moschee-in-reinach-hat-begonnen\/\" \/>\n<meta property=\"og:site_name\" content=\"Verband Aargauer Muslime (VAM)\" \/>\n<meta property=\"article:publisher\" content=\"https:\/\/www.facebook.com\/groups\/aargauermuslime\" \/>\n<meta property=\"article:published_time\" content=\"2020-05-21T15:12:47+00:00\" \/>\n<meta property=\"article:modified_time\" content=\"2020-05-21T15:19:07+00:00\" \/>\n<meta property=\"og:image\" content=\"https:\/\/aargauermuslime.ch\/de\/wp-content\/uploads\/2020\/05\/Moschee_Reinach_Tulipan_Baubeginn.jpg\" \/>\n\t<meta property=\"og:image:width\" content=\"960\" \/>\n\t<meta property=\"og:image:height\" content=\"720\" \/>\n\t<meta property=\"og:image:type\" content=\"image\/jpeg\" \/>\n<meta name=\"author\" content=\"Verwalter5\" \/>\n<meta name=\"twitter:card\" content=\"summary_large_image\" \/>\n<meta name=\"twitter:label1\" content=\"Verfasst von\" \/>\n\t<meta name=\"twitter:data1\" content=\"Verwalter5\" \/>\n<script type=\"application\/ld+json\" class=\"yoast-schema-graph\">{\"@context\":\"https:\\\/\\\/schema.org\",\"@graph\":[{\"@type\":\"Article\",\"@id\":\"https:\\\/\\\/aargauermuslime.ch\\\/de\\\/bau-der-neuen-moschee-in-reinach-hat-begonnen\\\/#article\",\"isPartOf\":{\"@id\":\"https:\\\/\\\/aargauermuslime.ch\\\/de\\\/bau-der-neuen-moschee-in-reinach-hat-begonnen\\\/\"},\"author\":{\"name\":\"Verwalter5\",\"@id\":\"https:\\\/\\\/aargauermuslime.ch\\\/de\\\/#\\\/schema\\\/person\\\/310e6c317a37722ccc1fb5815f4bb122\"},\"headline\":\"Bau der neuen Moschee in Reinach hat begonnen\",\"datePublished\":\"2020-05-21T15:12:47+00:00\",\"dateModified\":\"2020-05-21T15:19:07+00:00\",\"mainEntityOfPage\":{\"@id\":\"https:\\\/\\\/aargauermuslime.ch\\\/de\\\/bau-der-neuen-moschee-in-reinach-hat-begonnen\\\/\"},\"wordCount\":102,\"publisher\":{\"@id\":\"https:\\\/\\\/aargauermuslime.ch\\\/de\\\/#organization\"},\"image\":{\"@id\":\"https:\\\/\\\/aargauermuslime.ch\\\/de\\\/bau-der-neuen-moschee-in-reinach-hat-begonnen\\\/#primaryimage\"},\"thumbnailUrl\":\"https:\\\/\\\/aargauermuslime.ch\\\/de\\\/wp-content\\\/uploads\\\/2020\\\/05\\\/Moschee_Reinach_Tulipan_Baubeginn.jpg\",\"articleSection\":[\"News\"],\"inLanguage\":\"de\"},{\"@type\":\"WebPage\",\"@id\":\"https:\\\/\\\/aargauermuslime.ch\\\/de\\\/bau-der-neuen-moschee-in-reinach-hat-begonnen\\\/\",\"url\":\"https:\\\/\\\/aargauermuslime.ch\\\/de\\\/bau-der-neuen-moschee-in-reinach-hat-begonnen\\\/\",\"name\":\"Bau der neuen Moschee in Reinach hat begonnen - Verband Aargauer Muslime (VAM)\",\"isPartOf\":{\"@id\":\"https:\\\/\\\/aargauermuslime.ch\\\/de\\\/#website\"},\"primaryImageOfPage\":{\"@id\":\"https:\\\/\\\/aargauermuslime.ch\\\/de\\\/bau-der-neuen-moschee-in-reinach-hat-begonnen\\\/#primaryimage\"},\"image\":{\"@id\":\"https:\\\/\\\/aargauermuslime.ch\\\/de\\\/bau-der-neuen-moschee-in-reinach-hat-begonnen\\\/#primaryimage\"},\"thumbnailUrl\":\"https:\\\/\\\/aargauermuslime.ch\\\/de\\\/wp-content\\\/uploads\\\/2020\\\/05\\\/Moschee_Reinach_Tulipan_Baubeginn.jpg\",\"datePublished\":\"2020-05-21T15:12:47+00:00\",\"dateModified\":\"2020-05-21T15:19:07+00:00\",\"breadcrumb\":{\"@id\":\"https:\\\/\\\/aargauermuslime.ch\\\/de\\\/bau-der-neuen-moschee-in-reinach-hat-begonnen\\\/#breadcrumb\"},\"inLanguage\":\"de\",\"potentialAction\":[{\"@type\":\"ReadAction\",\"target\":[\"https:\\\/\\\/aargauermuslime.ch\\\/de\\\/bau-der-neuen-moschee-in-reinach-hat-begonnen\\\/\"]}]},{\"@type\":\"ImageObject\",\"inLanguage\":\"de\",\"@id\":\"https:\\\/\\\/aargauermuslime.ch\\\/de\\\/bau-der-neuen-moschee-in-reinach-hat-begonnen\\\/#primaryimage\",\"url\":\"https:\\\/\\\/aargauermuslime.ch\\\/de\\\/wp-content\\\/uploads\\\/2020\\\/05\\\/Moschee_Reinach_Tulipan_Baubeginn.jpg\",\"contentUrl\":\"https:\\\/\\\/aargauermuslime.ch\\\/de\\\/wp-content\\\/uploads\\\/2020\\\/05\\\/Moschee_Reinach_Tulipan_Baubeginn.jpg\",\"width\":960,\"height\":720},{\"@type\":\"BreadcrumbList\",\"@id\":\"https:\\\/\\\/aargauermuslime.ch\\\/de\\\/bau-der-neuen-moschee-in-reinach-hat-begonnen\\\/#breadcrumb\",\"itemListElement\":[{\"@type\":\"ListItem\",\"position\":1,\"name\":\"Startseite\",\"item\":\"https:\\\/\\\/aargauermuslime.ch\\\/de\\\/\"},{\"@type\":\"ListItem\",\"position\":2,\"name\":\"Bau der neuen Moschee in Reinach hat begonnen\"}]},{\"@type\":\"WebSite\",\"@id\":\"https:\\\/\\\/aargauermuslime.ch\\\/de\\\/#website\",\"url\":\"https:\\\/\\\/aargauermuslime.ch\\\/de\\\/\",\"name\":\"Verband Aargauer Muslime (VAM)\",\"description\":\"Dachverband der muslimischen Institutionen im Aargau\",\"publisher\":{\"@id\":\"https:\\\/\\\/aargauermuslime.ch\\\/de\\\/#organization\"},\"potentialAction\":[{\"@type\":\"SearchAction\",\"target\":{\"@type\":\"EntryPoint\",\"urlTemplate\":\"https:\\\/\\\/aargauermuslime.ch\\\/de\\\/?s={search_term_string}\"},\"query-input\":{\"@type\":\"PropertyValueSpecification\",\"valueRequired\":true,\"valueName\":\"search_term_string\"}}],\"inLanguage\":\"de\"},{\"@type\":\"Organization\",\"@id\":\"https:\\\/\\\/aargauermuslime.ch\\\/de\\\/#organization\",\"name\":\"Verband Aargauer Muslime\",\"alternateName\":\"VAM\",\"url\":\"https:\\\/\\\/aargauermuslime.ch\\\/de\\\/\",\"logo\":{\"@type\":\"ImageObject\",\"inLanguage\":\"de\",\"@id\":\"https:\\\/\\\/aargauermuslime.ch\\\/de\\\/#\\\/schema\\\/logo\\\/image\\\/\",\"url\":\"https:\\\/\\\/aargauermuslime.ch\\\/de\\\/wp-content\\\/uploads\\\/2019\\\/07\\\/VAM-Logo_web.jpg\",\"contentUrl\":\"https:\\\/\\\/aargauermuslime.ch\\\/de\\\/wp-content\\\/uploads\\\/2019\\\/07\\\/VAM-Logo_web.jpg\",\"width\":800,\"height\":181,\"caption\":\"Verband Aargauer Muslime\"},\"image\":{\"@id\":\"https:\\\/\\\/aargauermuslime.ch\\\/de\\\/#\\\/schema\\\/logo\\\/image\\\/\"},\"sameAs\":[\"https:\\\/\\\/www.facebook.com\\\/groups\\\/aargauermuslime\"]},{\"@type\":\"Person\",\"@id\":\"https:\\\/\\\/aargauermuslime.ch\\\/de\\\/#\\\/schema\\\/person\\\/310e6c317a37722ccc1fb5815f4bb122\",\"name\":\"Verwalter5\",\"image\":{\"@type\":\"ImageObject\",\"inLanguage\":\"de\",\"@id\":\"https:\\\/\\\/secure.gravatar.com\\\/avatar\\\/65ee8be834871e73d854ad00dfc4031afc2b5c926eac730b926dfe8fee7021c0?s=96&d=mm&r=g\",\"url\":\"https:\\\/\\\/secure.gravatar.com\\\/avatar\\\/65ee8be834871e73d854ad00dfc4031afc2b5c926eac730b926dfe8fee7021c0?s=96&d=mm&r=g\",\"contentUrl\":\"https:\\\/\\\/secure.gravatar.com\\\/avatar\\\/65ee8be834871e73d854ad00dfc4031afc2b5c926eac730b926dfe8fee7021c0?s=96&d=mm&r=g\",\"caption\":\"Verwalter5\"}}]}<\/script>\n<!-- \/ Yoast SEO plugin. -->","yoast_head_json":{"title":"Bau der neuen Moschee in Reinach hat begonnen - Verband Aargauer Muslime (VAM)","robots":{"index":"index","follow":"follow","max-snippet":"max-snippet:-1","max-image-preview":"max-image-preview:large","max-video-preview":"max-video-preview:-1"},"canonical":"https:\/\/aargauermuslime.ch\/de\/bau-der-neuen-moschee-in-reinach-hat-begonnen\/","og_locale":"de_DE","og_type":"article","og_title":"Bau der neuen Moschee in Reinach hat begonnen - Verband Aargauer Muslime (VAM)","og_description":"Am 19. M\u00e4rz 2020 hat die Albanisch-Islamische Gemeinschaft Reinach mit dem Bau ihrer Religions-, Kultur- und Begegnungszentrum \u00abTulipan\u00bb begonnen (wir berichteten). Die beiden Einsprachen gegen das \u00abKulturzentrum mit Mehrzweckhalle, Gastronomie, [&hellip;]","og_url":"https:\/\/aargauermuslime.ch\/de\/bau-der-neuen-moschee-in-reinach-hat-begonnen\/","og_site_name":"Verband Aargauer Muslime (VAM)","article_publisher":"https:\/\/www.facebook.com\/groups\/aargauermuslime","article_published_time":"2020-05-21T15:12:47+00:00","article_modified_time":"2020-05-21T15:19:07+00:00","og_image":[{"width":960,"height":720,"url":"https:\/\/aargauermuslime.ch\/de\/wp-content\/uploads\/2020\/05\/Moschee_Reinach_Tulipan_Baubeginn.jpg","type":"image\/jpeg"}],"author":"Verwalter5","twitter_card":"summary_large_image","twitter_misc":{"Verfasst von":"Verwalter5"},"schema":{"@context":"https:\/\/schema.org","@graph":[{"@type":"Article","@id":"https:\/\/aargauermuslime.ch\/de\/bau-der-neuen-moschee-in-reinach-hat-begonnen\/#article","isPartOf":{"@id":"https:\/\/aargauermuslime.ch\/de\/bau-der-neuen-moschee-in-reinach-hat-begonnen\/"},"author":{"name":"Verwalter5","@id":"https:\/\/aargauermuslime.ch\/de\/#\/schema\/person\/310e6c317a37722ccc1fb5815f4bb122"},"headline":"Bau der neuen Moschee in Reinach hat begonnen","datePublished":"2020-05-21T15:12:47+00:00","dateModified":"2020-05-21T15:19:07+00:00","mainEntityOfPage":{"@id":"https:\/\/aargauermuslime.ch\/de\/bau-der-neuen-moschee-in-reinach-hat-begonnen\/"},"wordCount":102,"publisher":{"@id":"https:\/\/aargauermuslime.ch\/de\/#organization"},"image":{"@id":"https:\/\/aargauermuslime.ch\/de\/bau-der-neuen-moschee-in-reinach-hat-begonnen\/#primaryimage"},"thumbnailUrl":"https:\/\/aargauermuslime.ch\/de\/wp-content\/uploads\/2020\/05\/Moschee_Reinach_Tulipan_Baubeginn.jpg","articleSection":["News"],"inLanguage":"de"},{"@type":"WebPage","@id":"https:\/\/aargauermuslime.ch\/de\/bau-der-neuen-moschee-in-reinach-hat-begonnen\/","url":"https:\/\/aargauermuslime.ch\/de\/bau-der-neuen-moschee-in-reinach-hat-begonnen\/","name":"Bau der neuen Moschee in Reinach hat begonnen - Verband Aargauer Muslime (VAM)","isPartOf":{"@id":"https:\/\/aargauermuslime.ch\/de\/#website"},"primaryImageOfPage":{"@id":"https:\/\/aargauermuslime.ch\/de\/bau-der-neuen-moschee-in-reinach-hat-begonnen\/#primaryimage"},"image":{"@id":"https:\/\/aargauermuslime.ch\/de\/bau-der-neuen-moschee-in-reinach-hat-begonnen\/#primaryimage"},"thumbnailUrl":"https:\/\/aargauermuslime.ch\/de\/wp-content\/uploads\/2020\/05\/Moschee_Reinach_Tulipan_Baubeginn.jpg","datePublished":"2020-05-21T15:12:47+00:00","dateModified":"2020-05-21T15:19:07+00:00","breadcrumb":{"@id":"https:\/\/aargauermuslime.ch\/de\/bau-der-neuen-moschee-in-reinach-hat-begonnen\/#breadcrumb"},"inLanguage":"de","potentialAction":[{"@type":"ReadAction","target":["https:\/\/aargauermuslime.ch\/de\/bau-der-neuen-moschee-in-reinach-hat-begonnen\/"]}]},{"@type":"ImageObject","inLanguage":"de","@id":"https:\/\/aargauermuslime.ch\/de\/bau-der-neuen-moschee-in-reinach-hat-begonnen\/#primaryimage","url":"https:\/\/aargauermuslime.ch\/de\/wp-content\/uploads\/2020\/05\/Moschee_Reinach_Tulipan_Baubeginn.jpg","contentUrl":"https:\/\/aargauermuslime.ch\/de\/wp-content\/uploads\/2020\/05\/Moschee_Reinach_Tulipan_Baubeginn.jpg","width":960,"height":720},{"@type":"BreadcrumbList","@id":"https:\/\/aargauermuslime.ch\/de\/bau-der-neuen-moschee-in-reinach-hat-begonnen\/#breadcrumb","itemListElement":[{"@type":"ListItem","position":1,"name":"Startseite","item":"https:\/\/aargauermuslime.ch\/de\/"},{"@type":"ListItem","position":2,"name":"Bau der neuen Moschee in Reinach hat begonnen"}]},{"@type":"WebSite","@id":"https:\/\/aargauermuslime.ch\/de\/#website","url":"https:\/\/aargauermuslime.ch\/de\/","name":"Verband Aargauer Muslime (VAM)","description":"Dachverband der muslimischen Institutionen im Aargau","publisher":{"@id":"https:\/\/aargauermuslime.ch\/de\/#organization"},"potentialAction":[{"@type":"SearchAction","target":{"@type":"EntryPoint","urlTemplate":"https:\/\/aargauermuslime.ch\/de\/?s={search_term_string}"},"query-input":{"@type":"PropertyValueSpecification","valueRequired":true,"valueName":"search_term_string"}}],"inLanguage":"de"},{"@type":"Organization","@id":"https:\/\/aargauermuslime.ch\/de\/#organization","name":"Verband Aargauer Muslime","alternateName":"VAM","url":"https:\/\/aargauermuslime.ch\/de\/","logo":{"@type":"ImageObject","inLanguage":"de","@id":"https:\/\/aargauermuslime.ch\/de\/#\/schema\/logo\/image\/","url":"https:\/\/aargauermuslime.ch\/de\/wp-content\/uploads\/2019\/07\/VAM-Logo_web.jpg","contentUrl":"https:\/\/aargauermuslime.ch\/de\/wp-content\/uploads\/2019\/07\/VAM-Logo_web.jpg","width":800,"height":181,"caption":"Verband Aargauer Muslime"},"image":{"@id":"https:\/\/aargauermuslime.ch\/de\/#\/schema\/logo\/image\/"},"sameAs":["https:\/\/www.facebook.com\/groups\/aargauermuslime"]},{"@type":"Person","@id":"https:\/\/aargauermuslime.ch\/de\/#\/schema\/person\/310e6c317a37722ccc1fb5815f4bb122","name":"Verwalter5","image":{"@type":"ImageObject","inLanguage":"de","@id":"https:\/\/secure.gravatar.com\/avatar\/65ee8be834871e73d854ad00dfc4031afc2b5c926eac730b926dfe8fee7021c0?s=96&d=mm&r=g","url":"https:\/\/secure.gravatar.com\/avatar\/65ee8be834871e73d854ad00dfc4031afc2b5c926eac730b926dfe8fee7021c0?s=96&d=mm&r=g","contentUrl":"https:\/\/secure.gravatar.com\/avatar\/65ee8be834871e73d854ad00dfc4031afc2b5c926eac730b926dfe8fee7021c0?s=96&d=mm&r=g","caption":"Verwalter5"}}]}},"_links":{"self":[{"href":"https:\/\/aargauermuslime.ch\/de\/wp-json\/wp\/v2\/posts\/2644","targetHints":{"allow":["GET"]}}],"collection":[{"href":"https:\/\/aargauermuslime.ch\/de\/wp-json\/wp\/v2\/posts"}],"about":[{"href":"https:\/\/aargauermuslime.ch\/de\/wp-json\/wp\/v2\/types\/post"}],"author":[{"embeddable":true,"href":"https:\/\/aargauermuslime.ch\/de\/wp-json\/wp\/v2\/users\/4"}],"replies":[{"embeddable":true,"href":"https:\/\/aargauermuslime.ch\/de\/wp-json\/wp\/v2\/comments?post=2644"}],"version-history":[{"count":2,"href":"https:\/\/aargauermuslime.ch\/de\/wp-json\/wp\/v2\/posts\/2644\/revisions"}],"predecessor-version":[{"id":2649,"href":"https:\/\/aargauermuslime.ch\/de\/wp-json\/wp\/v2\/posts\/2644\/revisions\/2649"}],"wp:featuredmedia":[{"embeddable":true,"href":"https:\/\/aargauermuslime.ch\/de\/wp-json\/wp\/v2\/media\/2646"}],"wp:attachment":[{"href":"https:\/\/aargauermuslime.ch\/de\/wp-json\/wp\/v2\/media?parent=2644"}],"wp:term":[{"taxonomy":"category","embeddable":true,"href":"https:\/\/aargauermuslime.ch\/de\/wp-json\/wp\/v2\/categories?post=2644"},{"taxonomy":"post_tag","embeddable":true,"href":"https:\/\/aargauermuslime.ch\/de\/wp-json\/wp\/v2\/tags?post=2644"}],"curies":[{"name":"wp","href":"https:\/\/api.w.org\/{rel}","templated":true}]}}