{"id":2752,"date":"2020-07-25T20:50:26","date_gmt":"2020-07-25T18:50:26","guid":{"rendered":"https:\/\/aargauermuslime.ch\/de\/?p=2752"},"modified":"2020-07-25T21:08:44","modified_gmt":"2020-07-25T19:08:44","slug":"fuenf-goldene-regeln-fuer-das-bevorstehende-eid-ul-adha-festgebet","status":"publish","type":"post","link":"https:\/\/aargauermuslime.ch\/de\/fuenf-goldene-regeln-fuer-das-bevorstehende-eid-ul-adha-festgebet\/","title":{"rendered":"F\u00fcnf Goldene Regeln f\u00fcr das bevorstehende Eid-ul-Adha-Festgebet"},"content":{"rendered":"\n<p>Bald ist es soweit, das Opferfest Eid-ul-Adha steht vor der T\u00fcr. Am 31. Juli 2020 feiern wir das Fest zum Ende der Pilgerfahrt, Hajj, inshaa&#8217;Allah.<\/p>\n\n\n\n<p>Die meisten Moscheen im Aargau werden das Festgebet in ihren eigenen R\u00e4umlichkeiten durchf\u00fchren. In Anbetracht der in den letzten Wochen deutlich erh\u00f6hten Fallzahlen, die sich momentan im tiefen dreistelligen Bereich bewegen, ist es \u00e4usserst wichtig, dass das <strong><a aria-label=\"undefined (opens in a new tab)\" href=\"https:\/\/aargauermuslime.ch\/de\/wp-content\/uploads\/2020\/07\/COVID-19-Schutzkonzept_Moscheen_Aargau_2020-07-14.pdf\" target=\"_blank\" rel=\"noreferrer noopener\">aktuellen Schutzkonzeptes vom 14. Juli<\/a><\/strong> strikte umgesetzt wird.<\/p>\n\n\n\n<p>Aber auch jeder und jede Einzelne kann zur eigenen und zur Sicherheit anderer beitragen und zwar durch die Einhaltung der folgenden 5 Goldenen Regeln:<\/p>\n\n\n\n<div class=\"wp-block-image\"><figure class=\"aligncenter size-large\"><img loading=\"lazy\" decoding=\"async\" width=\"552\" height=\"720\" src=\"https:\/\/aargauermuslime.ch\/de\/wp-content\/uploads\/2020\/07\/COVID-19-F\u00fcnf_Goldene_Regeln_2020-07-23.png\" alt=\"\" class=\"wp-image-2756\" srcset=\"https:\/\/aargauermuslime.ch\/de\/wp-content\/uploads\/2020\/07\/COVID-19-F\u00fcnf_Goldene_Regeln_2020-07-23.png 552w, https:\/\/aargauermuslime.ch\/de\/wp-content\/uploads\/2020\/07\/COVID-19-F\u00fcnf_Goldene_Regeln_2020-07-23-230x300.png 230w, https:\/\/aargauermuslime.ch\/de\/wp-content\/uploads\/2020\/07\/COVID-19-F\u00fcnf_Goldene_Regeln_2020-07-23-480x626.png 480w\" sizes=\"(max-width: 552px) 100vw, 552px\" \/><figcaption>F\u00fcnf Goldene Regeln f\u00fcr das Eid-ul-Adha-Festgebet<\/figcaption><\/figure><\/div>\n\n\n\n<p>Der Flyer kann <a href=\"https:\/\/aargauermuslime.ch\/de\/wp-content\/uploads\/2020\/07\/COVID-19-F\u00fcnf_Goldene_Regeln_2020-07-23.pdf\" target=\"_blank\" aria-label=\"undefined (opens in a new tab)\" rel=\"noreferrer noopener\">hier<\/a> als pdf-Datei heruntergeladen werden.<\/p>\n\n\n\n<p><strong>Wir w\u00fcnschen schon jetzt allen Musliminnen und Muslimen ein gesegnetes Opferfest voller Freude und Besinnung.<\/strong><\/p>\n","protected":false},"excerpt":{"rendered":"<p>Bald ist es soweit, das Opferfest Eid-ul-Adha steht vor der T\u00fcr. Am 31. Juli 2020 feiern wir das Fest zum Ende der Pilgerfahrt, Hajj, inshaa&#8217;Allah. Die meisten Moscheen im Aargau [&hellip;]<\/p>\n","protected":false},"author":4,"featured_media":2756,"comment_status":"closed","ping_status":"closed","sticky":false,"template":"","format":"standard","meta":{"_et_pb_use_builder":"","_et_pb_old_content":"","_et_gb_content_width":"","ngg_post_thumbnail":0,"footnotes":""},"categories":[57,3],"tags":[],"class_list":["post-2752","post","type-post","status-publish","format-standard","has-post-thumbnail","hentry","category-covid-19-pandemie","category-news"],"yoast_head":"<!-- This site is optimized with the Yoast SEO plugin v27.4 - https:\/\/yoast.com\/product\/yoast-seo-wordpress\/ -->\n<title>F\u00fcnf Goldene Regeln f\u00fcr das bevorstehende Eid-ul-Adha-Festgebet - Verband Aargauer Muslime (VAM)<\/title>\n<meta name=\"robots\" content=\"index, follow, max-snippet:-1, max-image-preview:large, max-video-preview:-1\" \/>\n<link rel=\"canonical\" href=\"https:\/\/aargauermuslime.ch\/de\/fuenf-goldene-regeln-fuer-das-bevorstehende-eid-ul-adha-festgebet\/\" \/>\n<meta property=\"og:locale\" content=\"de_DE\" \/>\n<meta property=\"og:type\" content=\"article\" \/>\n<meta property=\"og:title\" content=\"F\u00fcnf Goldene Regeln f\u00fcr das bevorstehende Eid-ul-Adha-Festgebet - Verband Aargauer Muslime (VAM)\" \/>\n<meta property=\"og:description\" content=\"Bald ist es soweit, das Opferfest Eid-ul-Adha steht vor der T\u00fcr. Am 31. Juli 2020 feiern wir das Fest zum Ende der Pilgerfahrt, Hajj, inshaa&#8217;Allah. Die meisten Moscheen im Aargau [&hellip;]\" \/>\n<meta property=\"og:url\" content=\"https:\/\/aargauermuslime.ch\/de\/fuenf-goldene-regeln-fuer-das-bevorstehende-eid-ul-adha-festgebet\/\" \/>\n<meta property=\"og:site_name\" content=\"Verband Aargauer Muslime (VAM)\" \/>\n<meta property=\"article:publisher\" content=\"https:\/\/www.facebook.com\/groups\/aargauermuslime\" \/>\n<meta property=\"article:published_time\" content=\"2020-07-25T18:50:26+00:00\" \/>\n<meta property=\"article:modified_time\" content=\"2020-07-25T19:08:44+00:00\" \/>\n<meta property=\"og:image\" content=\"https:\/\/aargauermuslime.ch\/de\/wp-content\/uploads\/2020\/07\/COVID-19-F\u00fcnf_Goldene_Regeln_2020-07-23.png\" \/>\n\t<meta property=\"og:image:width\" content=\"552\" \/>\n\t<meta property=\"og:image:height\" content=\"720\" \/>\n\t<meta property=\"og:image:type\" content=\"image\/png\" \/>\n<meta name=\"author\" content=\"Verwalter5\" \/>\n<meta name=\"twitter:card\" content=\"summary_large_image\" \/>\n<meta name=\"twitter:label1\" content=\"Verfasst von\" \/>\n\t<meta name=\"twitter:data1\" content=\"Verwalter5\" \/>\n\t<meta name=\"twitter:label2\" content=\"Gesch\u00e4tzte Lesezeit\" \/>\n\t<meta name=\"twitter:data2\" content=\"1\u00a0Minute\" \/>\n<script type=\"application\/ld+json\" class=\"yoast-schema-graph\">{\"@context\":\"https:\\\/\\\/schema.org\",\"@graph\":[{\"@type\":\"Article\",\"@id\":\"https:\\\/\\\/aargauermuslime.ch\\\/de\\\/fuenf-goldene-regeln-fuer-das-bevorstehende-eid-ul-adha-festgebet\\\/#article\",\"isPartOf\":{\"@id\":\"https:\\\/\\\/aargauermuslime.ch\\\/de\\\/fuenf-goldene-regeln-fuer-das-bevorstehende-eid-ul-adha-festgebet\\\/\"},\"author\":{\"name\":\"Verwalter5\",\"@id\":\"https:\\\/\\\/aargauermuslime.ch\\\/de\\\/#\\\/schema\\\/person\\\/310e6c317a37722ccc1fb5815f4bb122\"},\"headline\":\"F\u00fcnf Goldene Regeln f\u00fcr das bevorstehende Eid-ul-Adha-Festgebet\",\"datePublished\":\"2020-07-25T18:50:26+00:00\",\"dateModified\":\"2020-07-25T19:08:44+00:00\",\"mainEntityOfPage\":{\"@id\":\"https:\\\/\\\/aargauermuslime.ch\\\/de\\\/fuenf-goldene-regeln-fuer-das-bevorstehende-eid-ul-adha-festgebet\\\/\"},\"wordCount\":135,\"publisher\":{\"@id\":\"https:\\\/\\\/aargauermuslime.ch\\\/de\\\/#organization\"},\"image\":{\"@id\":\"https:\\\/\\\/aargauermuslime.ch\\\/de\\\/fuenf-goldene-regeln-fuer-das-bevorstehende-eid-ul-adha-festgebet\\\/#primaryimage\"},\"thumbnailUrl\":\"https:\\\/\\\/aargauermuslime.ch\\\/de\\\/wp-content\\\/uploads\\\/2020\\\/07\\\/COVID-19-F\u00fcnf_Goldene_Regeln_2020-07-23.png\",\"articleSection\":[\"COVID-19-Pandemie\",\"News\"],\"inLanguage\":\"de\"},{\"@type\":\"WebPage\",\"@id\":\"https:\\\/\\\/aargauermuslime.ch\\\/de\\\/fuenf-goldene-regeln-fuer-das-bevorstehende-eid-ul-adha-festgebet\\\/\",\"url\":\"https:\\\/\\\/aargauermuslime.ch\\\/de\\\/fuenf-goldene-regeln-fuer-das-bevorstehende-eid-ul-adha-festgebet\\\/\",\"name\":\"F\u00fcnf Goldene Regeln f\u00fcr das bevorstehende Eid-ul-Adha-Festgebet - Verband Aargauer Muslime (VAM)\",\"isPartOf\":{\"@id\":\"https:\\\/\\\/aargauermuslime.ch\\\/de\\\/#website\"},\"primaryImageOfPage\":{\"@id\":\"https:\\\/\\\/aargauermuslime.ch\\\/de\\\/fuenf-goldene-regeln-fuer-das-bevorstehende-eid-ul-adha-festgebet\\\/#primaryimage\"},\"image\":{\"@id\":\"https:\\\/\\\/aargauermuslime.ch\\\/de\\\/fuenf-goldene-regeln-fuer-das-bevorstehende-eid-ul-adha-festgebet\\\/#primaryimage\"},\"thumbnailUrl\":\"https:\\\/\\\/aargauermuslime.ch\\\/de\\\/wp-content\\\/uploads\\\/2020\\\/07\\\/COVID-19-F\u00fcnf_Goldene_Regeln_2020-07-23.png\",\"datePublished\":\"2020-07-25T18:50:26+00:00\",\"dateModified\":\"2020-07-25T19:08:44+00:00\",\"breadcrumb\":{\"@id\":\"https:\\\/\\\/aargauermuslime.ch\\\/de\\\/fuenf-goldene-regeln-fuer-das-bevorstehende-eid-ul-adha-festgebet\\\/#breadcrumb\"},\"inLanguage\":\"de\",\"potentialAction\":[{\"@type\":\"ReadAction\",\"target\":[\"https:\\\/\\\/aargauermuslime.ch\\\/de\\\/fuenf-goldene-regeln-fuer-das-bevorstehende-eid-ul-adha-festgebet\\\/\"]}]},{\"@type\":\"ImageObject\",\"inLanguage\":\"de\",\"@id\":\"https:\\\/\\\/aargauermuslime.ch\\\/de\\\/fuenf-goldene-regeln-fuer-das-bevorstehende-eid-ul-adha-festgebet\\\/#primaryimage\",\"url\":\"https:\\\/\\\/aargauermuslime.ch\\\/de\\\/wp-content\\\/uploads\\\/2020\\\/07\\\/COVID-19-F\u00fcnf_Goldene_Regeln_2020-07-23.png\",\"contentUrl\":\"https:\\\/\\\/aargauermuslime.ch\\\/de\\\/wp-content\\\/uploads\\\/2020\\\/07\\\/COVID-19-F\u00fcnf_Goldene_Regeln_2020-07-23.png\",\"width\":552,\"height\":720},{\"@type\":\"BreadcrumbList\",\"@id\":\"https:\\\/\\\/aargauermuslime.ch\\\/de\\\/fuenf-goldene-regeln-fuer-das-bevorstehende-eid-ul-adha-festgebet\\\/#breadcrumb\",\"itemListElement\":[{\"@type\":\"ListItem\",\"position\":1,\"name\":\"Startseite\",\"item\":\"https:\\\/\\\/aargauermuslime.ch\\\/de\\\/\"},{\"@type\":\"ListItem\",\"position\":2,\"name\":\"F\u00fcnf Goldene Regeln f\u00fcr das bevorstehende Eid-ul-Adha-Festgebet\"}]},{\"@type\":\"WebSite\",\"@id\":\"https:\\\/\\\/aargauermuslime.ch\\\/de\\\/#website\",\"url\":\"https:\\\/\\\/aargauermuslime.ch\\\/de\\\/\",\"name\":\"Verband Aargauer Muslime (VAM)\",\"description\":\"Dachverband der muslimischen Institutionen im Aargau\",\"publisher\":{\"@id\":\"https:\\\/\\\/aargauermuslime.ch\\\/de\\\/#organization\"},\"potentialAction\":[{\"@type\":\"SearchAction\",\"target\":{\"@type\":\"EntryPoint\",\"urlTemplate\":\"https:\\\/\\\/aargauermuslime.ch\\\/de\\\/?s={search_term_string}\"},\"query-input\":{\"@type\":\"PropertyValueSpecification\",\"valueRequired\":true,\"valueName\":\"search_term_string\"}}],\"inLanguage\":\"de\"},{\"@type\":\"Organization\",\"@id\":\"https:\\\/\\\/aargauermuslime.ch\\\/de\\\/#organization\",\"name\":\"Verband Aargauer Muslime\",\"alternateName\":\"VAM\",\"url\":\"https:\\\/\\\/aargauermuslime.ch\\\/de\\\/\",\"logo\":{\"@type\":\"ImageObject\",\"inLanguage\":\"de\",\"@id\":\"https:\\\/\\\/aargauermuslime.ch\\\/de\\\/#\\\/schema\\\/logo\\\/image\\\/\",\"url\":\"https:\\\/\\\/aargauermuslime.ch\\\/de\\\/wp-content\\\/uploads\\\/2019\\\/07\\\/VAM-Logo_web.jpg\",\"contentUrl\":\"https:\\\/\\\/aargauermuslime.ch\\\/de\\\/wp-content\\\/uploads\\\/2019\\\/07\\\/VAM-Logo_web.jpg\",\"width\":800,\"height\":181,\"caption\":\"Verband Aargauer Muslime\"},\"image\":{\"@id\":\"https:\\\/\\\/aargauermuslime.ch\\\/de\\\/#\\\/schema\\\/logo\\\/image\\\/\"},\"sameAs\":[\"https:\\\/\\\/www.facebook.com\\\/groups\\\/aargauermuslime\"]},{\"@type\":\"Person\",\"@id\":\"https:\\\/\\\/aargauermuslime.ch\\\/de\\\/#\\\/schema\\\/person\\\/310e6c317a37722ccc1fb5815f4bb122\",\"name\":\"Verwalter5\",\"image\":{\"@type\":\"ImageObject\",\"inLanguage\":\"de\",\"@id\":\"https:\\\/\\\/secure.gravatar.com\\\/avatar\\\/65ee8be834871e73d854ad00dfc4031afc2b5c926eac730b926dfe8fee7021c0?s=96&d=mm&r=g\",\"url\":\"https:\\\/\\\/secure.gravatar.com\\\/avatar\\\/65ee8be834871e73d854ad00dfc4031afc2b5c926eac730b926dfe8fee7021c0?s=96&d=mm&r=g\",\"contentUrl\":\"https:\\\/\\\/secure.gravatar.com\\\/avatar\\\/65ee8be834871e73d854ad00dfc4031afc2b5c926eac730b926dfe8fee7021c0?s=96&d=mm&r=g\",\"caption\":\"Verwalter5\"}}]}<\/script>\n<!-- \/ Yoast SEO plugin. -->","yoast_head_json":{"title":"F\u00fcnf Goldene Regeln f\u00fcr das bevorstehende Eid-ul-Adha-Festgebet - Verband Aargauer Muslime (VAM)","robots":{"index":"index","follow":"follow","max-snippet":"max-snippet:-1","max-image-preview":"max-image-preview:large","max-video-preview":"max-video-preview:-1"},"canonical":"https:\/\/aargauermuslime.ch\/de\/fuenf-goldene-regeln-fuer-das-bevorstehende-eid-ul-adha-festgebet\/","og_locale":"de_DE","og_type":"article","og_title":"F\u00fcnf Goldene Regeln f\u00fcr das bevorstehende Eid-ul-Adha-Festgebet - Verband Aargauer Muslime (VAM)","og_description":"Bald ist es soweit, das Opferfest Eid-ul-Adha steht vor der T\u00fcr. Am 31. Juli 2020 feiern wir das Fest zum Ende der Pilgerfahrt, Hajj, inshaa&#8217;Allah. Die meisten Moscheen im Aargau [&hellip;]","og_url":"https:\/\/aargauermuslime.ch\/de\/fuenf-goldene-regeln-fuer-das-bevorstehende-eid-ul-adha-festgebet\/","og_site_name":"Verband Aargauer Muslime (VAM)","article_publisher":"https:\/\/www.facebook.com\/groups\/aargauermuslime","article_published_time":"2020-07-25T18:50:26+00:00","article_modified_time":"2020-07-25T19:08:44+00:00","og_image":[{"width":552,"height":720,"url":"https:\/\/aargauermuslime.ch\/de\/wp-content\/uploads\/2020\/07\/COVID-19-F\u00fcnf_Goldene_Regeln_2020-07-23.png","type":"image\/png"}],"author":"Verwalter5","twitter_card":"summary_large_image","twitter_misc":{"Verfasst von":"Verwalter5","Gesch\u00e4tzte Lesezeit":"1\u00a0Minute"},"schema":{"@context":"https:\/\/schema.org","@graph":[{"@type":"Article","@id":"https:\/\/aargauermuslime.ch\/de\/fuenf-goldene-regeln-fuer-das-bevorstehende-eid-ul-adha-festgebet\/#article","isPartOf":{"@id":"https:\/\/aargauermuslime.ch\/de\/fuenf-goldene-regeln-fuer-das-bevorstehende-eid-ul-adha-festgebet\/"},"author":{"name":"Verwalter5","@id":"https:\/\/aargauermuslime.ch\/de\/#\/schema\/person\/310e6c317a37722ccc1fb5815f4bb122"},"headline":"F\u00fcnf Goldene Regeln f\u00fcr das bevorstehende Eid-ul-Adha-Festgebet","datePublished":"2020-07-25T18:50:26+00:00","dateModified":"2020-07-25T19:08:44+00:00","mainEntityOfPage":{"@id":"https:\/\/aargauermuslime.ch\/de\/fuenf-goldene-regeln-fuer-das-bevorstehende-eid-ul-adha-festgebet\/"},"wordCount":135,"publisher":{"@id":"https:\/\/aargauermuslime.ch\/de\/#organization"},"image":{"@id":"https:\/\/aargauermuslime.ch\/de\/fuenf-goldene-regeln-fuer-das-bevorstehende-eid-ul-adha-festgebet\/#primaryimage"},"thumbnailUrl":"https:\/\/aargauermuslime.ch\/de\/wp-content\/uploads\/2020\/07\/COVID-19-F\u00fcnf_Goldene_Regeln_2020-07-23.png","articleSection":["COVID-19-Pandemie","News"],"inLanguage":"de"},{"@type":"WebPage","@id":"https:\/\/aargauermuslime.ch\/de\/fuenf-goldene-regeln-fuer-das-bevorstehende-eid-ul-adha-festgebet\/","url":"https:\/\/aargauermuslime.ch\/de\/fuenf-goldene-regeln-fuer-das-bevorstehende-eid-ul-adha-festgebet\/","name":"F\u00fcnf Goldene Regeln f\u00fcr das bevorstehende Eid-ul-Adha-Festgebet - Verband Aargauer Muslime (VAM)","isPartOf":{"@id":"https:\/\/aargauermuslime.ch\/de\/#website"},"primaryImageOfPage":{"@id":"https:\/\/aargauermuslime.ch\/de\/fuenf-goldene-regeln-fuer-das-bevorstehende-eid-ul-adha-festgebet\/#primaryimage"},"image":{"@id":"https:\/\/aargauermuslime.ch\/de\/fuenf-goldene-regeln-fuer-das-bevorstehende-eid-ul-adha-festgebet\/#primaryimage"},"thumbnailUrl":"https:\/\/aargauermuslime.ch\/de\/wp-content\/uploads\/2020\/07\/COVID-19-F\u00fcnf_Goldene_Regeln_2020-07-23.png","datePublished":"2020-07-25T18:50:26+00:00","dateModified":"2020-07-25T19:08:44+00:00","breadcrumb":{"@id":"https:\/\/aargauermuslime.ch\/de\/fuenf-goldene-regeln-fuer-das-bevorstehende-eid-ul-adha-festgebet\/#breadcrumb"},"inLanguage":"de","potentialAction":[{"@type":"ReadAction","target":["https:\/\/aargauermuslime.ch\/de\/fuenf-goldene-regeln-fuer-das-bevorstehende-eid-ul-adha-festgebet\/"]}]},{"@type":"ImageObject","inLanguage":"de","@id":"https:\/\/aargauermuslime.ch\/de\/fuenf-goldene-regeln-fuer-das-bevorstehende-eid-ul-adha-festgebet\/#primaryimage","url":"https:\/\/aargauermuslime.ch\/de\/wp-content\/uploads\/2020\/07\/COVID-19-F\u00fcnf_Goldene_Regeln_2020-07-23.png","contentUrl":"https:\/\/aargauermuslime.ch\/de\/wp-content\/uploads\/2020\/07\/COVID-19-F\u00fcnf_Goldene_Regeln_2020-07-23.png","width":552,"height":720},{"@type":"BreadcrumbList","@id":"https:\/\/aargauermuslime.ch\/de\/fuenf-goldene-regeln-fuer-das-bevorstehende-eid-ul-adha-festgebet\/#breadcrumb","itemListElement":[{"@type":"ListItem","position":1,"name":"Startseite","item":"https:\/\/aargauermuslime.ch\/de\/"},{"@type":"ListItem","position":2,"name":"F\u00fcnf Goldene Regeln f\u00fcr das bevorstehende Eid-ul-Adha-Festgebet"}]},{"@type":"WebSite","@id":"https:\/\/aargauermuslime.ch\/de\/#website","url":"https:\/\/aargauermuslime.ch\/de\/","name":"Verband Aargauer Muslime (VAM)","description":"Dachverband der muslimischen Institutionen im Aargau","publisher":{"@id":"https:\/\/aargauermuslime.ch\/de\/#organization"},"potentialAction":[{"@type":"SearchAction","target":{"@type":"EntryPoint","urlTemplate":"https:\/\/aargauermuslime.ch\/de\/?s={search_term_string}"},"query-input":{"@type":"PropertyValueSpecification","valueRequired":true,"valueName":"search_term_string"}}],"inLanguage":"de"},{"@type":"Organization","@id":"https:\/\/aargauermuslime.ch\/de\/#organization","name":"Verband Aargauer Muslime","alternateName":"VAM","url":"https:\/\/aargauermuslime.ch\/de\/","logo":{"@type":"ImageObject","inLanguage":"de","@id":"https:\/\/aargauermuslime.ch\/de\/#\/schema\/logo\/image\/","url":"https:\/\/aargauermuslime.ch\/de\/wp-content\/uploads\/2019\/07\/VAM-Logo_web.jpg","contentUrl":"https:\/\/aargauermuslime.ch\/de\/wp-content\/uploads\/2019\/07\/VAM-Logo_web.jpg","width":800,"height":181,"caption":"Verband Aargauer Muslime"},"image":{"@id":"https:\/\/aargauermuslime.ch\/de\/#\/schema\/logo\/image\/"},"sameAs":["https:\/\/www.facebook.com\/groups\/aargauermuslime"]},{"@type":"Person","@id":"https:\/\/aargauermuslime.ch\/de\/#\/schema\/person\/310e6c317a37722ccc1fb5815f4bb122","name":"Verwalter5","image":{"@type":"ImageObject","inLanguage":"de","@id":"https:\/\/secure.gravatar.com\/avatar\/65ee8be834871e73d854ad00dfc4031afc2b5c926eac730b926dfe8fee7021c0?s=96&d=mm&r=g","url":"https:\/\/secure.gravatar.com\/avatar\/65ee8be834871e73d854ad00dfc4031afc2b5c926eac730b926dfe8fee7021c0?s=96&d=mm&r=g","contentUrl":"https:\/\/secure.gravatar.com\/avatar\/65ee8be834871e73d854ad00dfc4031afc2b5c926eac730b926dfe8fee7021c0?s=96&d=mm&r=g","caption":"Verwalter5"}}]}},"_links":{"self":[{"href":"https:\/\/aargauermuslime.ch\/de\/wp-json\/wp\/v2\/posts\/2752","targetHints":{"allow":["GET"]}}],"collection":[{"href":"https:\/\/aargauermuslime.ch\/de\/wp-json\/wp\/v2\/posts"}],"about":[{"href":"https:\/\/aargauermuslime.ch\/de\/wp-json\/wp\/v2\/types\/post"}],"author":[{"embeddable":true,"href":"https:\/\/aargauermuslime.ch\/de\/wp-json\/wp\/v2\/users\/4"}],"replies":[{"embeddable":true,"href":"https:\/\/aargauermuslime.ch\/de\/wp-json\/wp\/v2\/comments?post=2752"}],"version-history":[{"count":4,"href":"https:\/\/aargauermuslime.ch\/de\/wp-json\/wp\/v2\/posts\/2752\/revisions"}],"predecessor-version":[{"id":2760,"href":"https:\/\/aargauermuslime.ch\/de\/wp-json\/wp\/v2\/posts\/2752\/revisions\/2760"}],"wp:featuredmedia":[{"embeddable":true,"href":"https:\/\/aargauermuslime.ch\/de\/wp-json\/wp\/v2\/media\/2756"}],"wp:attachment":[{"href":"https:\/\/aargauermuslime.ch\/de\/wp-json\/wp\/v2\/media?parent=2752"}],"wp:term":[{"taxonomy":"category","embeddable":true,"href":"https:\/\/aargauermuslime.ch\/de\/wp-json\/wp\/v2\/categories?post=2752"},{"taxonomy":"post_tag","embeddable":true,"href":"https:\/\/aargauermuslime.ch\/de\/wp-json\/wp\/v2\/tags?post=2752"}],"curies":[{"name":"wp","href":"https:\/\/api.w.org\/{rel}","templated":true}]}}