{"id":288,"date":"2019-03-03T21:07:46","date_gmt":"2019-03-03T21:07:46","guid":{"rendered":"https:\/\/aargauermuslime.ch\/de\/2019\/03\/03\/musliminnen-und-muslime-engagieren-sich-vermehrt-in-der-sozialarbeit-auch-im-aargau\/"},"modified":"2019-03-03T21:07:46","modified_gmt":"2019-03-03T21:07:46","slug":"musliminnen-und-muslime-engagieren-sich-vermehrt-in-der-sozialarbeit-auch-im-aargau","status":"publish","type":"post","link":"https:\/\/aargauermuslime.ch\/de\/musliminnen-und-muslime-engagieren-sich-vermehrt-in-der-sozialarbeit-auch-im-aargau\/","title":{"rendered":"Musliminnen und Muslime engagieren sich vermehrt in der Sozialarbeit, auch im Aargau"},"content":{"rendered":"<p><img loading=\"lazy\" decoding=\"async\" class=\" size-full wp-image-761\" src=\"https:\/\/aargauermuslime.ch\/de\/wp-content\/uploads\/2019\/03\/images_Bilder_Radio_SRF2_Perspektiven.jpg\" alt=\"\" width=\"624\" height=\"351\" srcset=\"https:\/\/aargauermuslime.ch\/de\/wp-content\/uploads\/2019\/03\/images_Bilder_Radio_SRF2_Perspektiven.jpg 624w, https:\/\/aargauermuslime.ch\/de\/wp-content\/uploads\/2019\/03\/images_Bilder_Radio_SRF2_Perspektiven-300x169.jpg 300w\" sizes=\"(max-width: 624px) 100vw, 624px\" \/><\/p>\n<p><span style=\"font-family: verdana, geneva; font-size: 10pt;\">\u00abDeutschunterricht, Schuldenberatung, Jugendarbeit, Hilfe f\u00fcr Arme und Randst\u00e4ndige: Sozialarbeit ist ein weites Feld. Ein Feld, in dem sich langsam aber sicher auch die Musliminnen und Muslime in der Schweiz engagieren, denn die Barmherzigkeit gegen\u00fcber den Mitmenschen ist win wichtiger Teil des Islams. In der sozialen Arbeit lassen sich Dienst an der Gesellschaft und Dienst an der Religion vereinen,\u00bb Mit diesen Worten beginnt die Einleitung zur Sendung \u00ab<strong>Perspektiven<\/strong>\u00bb vom 3. Februar 2019 auf Radio SRF 2, welche sich dem Thema der <strong>muslimischen Sozialarbeit<\/strong> in der Schweiz widmet.<\/span><\/p>\n<p><span style=\"font-family: verdana, geneva; font-size: 10pt;\">Neben einem Einblick in die konkrete muslimische Sozialarbeit beleuchtet die Sendung auch die Forschung von Baptiste Brodard, der an der Universit\u00e4t Freiburg zum Thema doktoriert. Dabei tritt unter anderem zu Tage, dass die muslimische Sozialarbeit in der Schweiz noch in den Kinderschuhen steckt und noch zu sehr von Einzelpersonen und Freundesgruppen abh\u00e4ngig ist. Dies insbesondere im Vergleich zu anderen europ\u00e4ischen L\u00e4ndern wie Frankreich und Grossbritannien.<\/span><\/p>\n<p><span style=\"font-family: verdana, geneva; font-size: 10pt;\">H\u00f6ren Sie <a href=\"https:\/\/www.srf.ch\/sendungen\/perspektiven\/der-wohltaetige-islam-muslimische-sozialarbeit-in-der-schweiz\" target=\"_blank\" rel=\"noopener noreferrer\">hier<\/a> die gesamte Sendung auf Radio SRF 2.<\/span><\/p>\n","protected":false},"excerpt":{"rendered":"<p>\u00abDeutschunterricht, Schuldenberatung, Jugendarbeit, Hilfe f\u00fcr Arme und Randst\u00e4ndige: Sozialarbeit ist ein weites Feld. Ein Feld, in dem sich langsam aber sicher auch die Musliminnen und Muslime in der Schweiz engagieren, [&hellip;]<\/p>\n","protected":false},"author":4,"featured_media":761,"comment_status":"open","ping_status":"open","sticky":false,"template":"","format":"standard","meta":{"_et_pb_use_builder":"","_et_pb_old_content":"","_et_gb_content_width":"","ngg_post_thumbnail":0,"footnotes":""},"categories":[3],"tags":[],"class_list":["post-288","post","type-post","status-publish","format-standard","has-post-thumbnail","hentry","category-news"],"yoast_head":"<!-- This site is optimized with the Yoast SEO plugin v27.4 - https:\/\/yoast.com\/product\/yoast-seo-wordpress\/ -->\n<title>Musliminnen und Muslime engagieren sich vermehrt in der Sozialarbeit, auch im Aargau - Verband Aargauer Muslime (VAM)<\/title>\n<meta name=\"robots\" content=\"index, follow, max-snippet:-1, max-image-preview:large, max-video-preview:-1\" \/>\n<link rel=\"canonical\" href=\"https:\/\/aargauermuslime.ch\/de\/musliminnen-und-muslime-engagieren-sich-vermehrt-in-der-sozialarbeit-auch-im-aargau\/\" \/>\n<meta property=\"og:locale\" content=\"de_DE\" \/>\n<meta property=\"og:type\" content=\"article\" \/>\n<meta property=\"og:title\" content=\"Musliminnen und Muslime engagieren sich vermehrt in der Sozialarbeit, auch im Aargau - Verband Aargauer Muslime (VAM)\" \/>\n<meta property=\"og:description\" content=\"\u00abDeutschunterricht, Schuldenberatung, Jugendarbeit, Hilfe f\u00fcr Arme und Randst\u00e4ndige: Sozialarbeit ist ein weites Feld. Ein Feld, in dem sich langsam aber sicher auch die Musliminnen und Muslime in der Schweiz engagieren, [&hellip;]\" \/>\n<meta property=\"og:url\" content=\"https:\/\/aargauermuslime.ch\/de\/musliminnen-und-muslime-engagieren-sich-vermehrt-in-der-sozialarbeit-auch-im-aargau\/\" \/>\n<meta property=\"og:site_name\" content=\"Verband Aargauer Muslime (VAM)\" \/>\n<meta property=\"article:publisher\" content=\"https:\/\/www.facebook.com\/groups\/aargauermuslime\" \/>\n<meta property=\"article:published_time\" content=\"2019-03-03T21:07:46+00:00\" \/>\n<meta property=\"og:image\" content=\"https:\/\/aargauermuslime.ch\/de\/wp-content\/uploads\/2019\/03\/images_Bilder_Radio_SRF2_Perspektiven.jpg\" \/>\n\t<meta property=\"og:image:width\" content=\"624\" \/>\n\t<meta property=\"og:image:height\" content=\"351\" \/>\n\t<meta property=\"og:image:type\" content=\"image\/jpeg\" \/>\n<meta name=\"author\" content=\"Verwalter5\" \/>\n<meta name=\"twitter:card\" content=\"summary_large_image\" \/>\n<meta name=\"twitter:label1\" content=\"Verfasst von\" \/>\n\t<meta name=\"twitter:data1\" content=\"Verwalter5\" \/>\n\t<meta name=\"twitter:label2\" content=\"Gesch\u00e4tzte Lesezeit\" \/>\n\t<meta name=\"twitter:data2\" content=\"1\u00a0Minute\" \/>\n<script type=\"application\/ld+json\" class=\"yoast-schema-graph\">{\"@context\":\"https:\\\/\\\/schema.org\",\"@graph\":[{\"@type\":\"Article\",\"@id\":\"https:\\\/\\\/aargauermuslime.ch\\\/de\\\/musliminnen-und-muslime-engagieren-sich-vermehrt-in-der-sozialarbeit-auch-im-aargau\\\/#article\",\"isPartOf\":{\"@id\":\"https:\\\/\\\/aargauermuslime.ch\\\/de\\\/musliminnen-und-muslime-engagieren-sich-vermehrt-in-der-sozialarbeit-auch-im-aargau\\\/\"},\"author\":{\"name\":\"Verwalter5\",\"@id\":\"https:\\\/\\\/aargauermuslime.ch\\\/de\\\/#\\\/schema\\\/person\\\/310e6c317a37722ccc1fb5815f4bb122\"},\"headline\":\"Musliminnen und Muslime engagieren sich vermehrt in der Sozialarbeit, auch im Aargau\",\"datePublished\":\"2019-03-03T21:07:46+00:00\",\"mainEntityOfPage\":{\"@id\":\"https:\\\/\\\/aargauermuslime.ch\\\/de\\\/musliminnen-und-muslime-engagieren-sich-vermehrt-in-der-sozialarbeit-auch-im-aargau\\\/\"},\"wordCount\":177,\"commentCount\":0,\"publisher\":{\"@id\":\"https:\\\/\\\/aargauermuslime.ch\\\/de\\\/#organization\"},\"image\":{\"@id\":\"https:\\\/\\\/aargauermuslime.ch\\\/de\\\/musliminnen-und-muslime-engagieren-sich-vermehrt-in-der-sozialarbeit-auch-im-aargau\\\/#primaryimage\"},\"thumbnailUrl\":\"https:\\\/\\\/aargauermuslime.ch\\\/de\\\/wp-content\\\/uploads\\\/2019\\\/03\\\/images_Bilder_Radio_SRF2_Perspektiven.jpg\",\"articleSection\":[\"News\"],\"inLanguage\":\"de\"},{\"@type\":\"WebPage\",\"@id\":\"https:\\\/\\\/aargauermuslime.ch\\\/de\\\/musliminnen-und-muslime-engagieren-sich-vermehrt-in-der-sozialarbeit-auch-im-aargau\\\/\",\"url\":\"https:\\\/\\\/aargauermuslime.ch\\\/de\\\/musliminnen-und-muslime-engagieren-sich-vermehrt-in-der-sozialarbeit-auch-im-aargau\\\/\",\"name\":\"Musliminnen und Muslime engagieren sich vermehrt in der Sozialarbeit, auch im Aargau - Verband Aargauer Muslime (VAM)\",\"isPartOf\":{\"@id\":\"https:\\\/\\\/aargauermuslime.ch\\\/de\\\/#website\"},\"primaryImageOfPage\":{\"@id\":\"https:\\\/\\\/aargauermuslime.ch\\\/de\\\/musliminnen-und-muslime-engagieren-sich-vermehrt-in-der-sozialarbeit-auch-im-aargau\\\/#primaryimage\"},\"image\":{\"@id\":\"https:\\\/\\\/aargauermuslime.ch\\\/de\\\/musliminnen-und-muslime-engagieren-sich-vermehrt-in-der-sozialarbeit-auch-im-aargau\\\/#primaryimage\"},\"thumbnailUrl\":\"https:\\\/\\\/aargauermuslime.ch\\\/de\\\/wp-content\\\/uploads\\\/2019\\\/03\\\/images_Bilder_Radio_SRF2_Perspektiven.jpg\",\"datePublished\":\"2019-03-03T21:07:46+00:00\",\"breadcrumb\":{\"@id\":\"https:\\\/\\\/aargauermuslime.ch\\\/de\\\/musliminnen-und-muslime-engagieren-sich-vermehrt-in-der-sozialarbeit-auch-im-aargau\\\/#breadcrumb\"},\"inLanguage\":\"de\",\"potentialAction\":[{\"@type\":\"ReadAction\",\"target\":[\"https:\\\/\\\/aargauermuslime.ch\\\/de\\\/musliminnen-und-muslime-engagieren-sich-vermehrt-in-der-sozialarbeit-auch-im-aargau\\\/\"]}]},{\"@type\":\"ImageObject\",\"inLanguage\":\"de\",\"@id\":\"https:\\\/\\\/aargauermuslime.ch\\\/de\\\/musliminnen-und-muslime-engagieren-sich-vermehrt-in-der-sozialarbeit-auch-im-aargau\\\/#primaryimage\",\"url\":\"https:\\\/\\\/aargauermuslime.ch\\\/de\\\/wp-content\\\/uploads\\\/2019\\\/03\\\/images_Bilder_Radio_SRF2_Perspektiven.jpg\",\"contentUrl\":\"https:\\\/\\\/aargauermuslime.ch\\\/de\\\/wp-content\\\/uploads\\\/2019\\\/03\\\/images_Bilder_Radio_SRF2_Perspektiven.jpg\",\"width\":624,\"height\":351},{\"@type\":\"BreadcrumbList\",\"@id\":\"https:\\\/\\\/aargauermuslime.ch\\\/de\\\/musliminnen-und-muslime-engagieren-sich-vermehrt-in-der-sozialarbeit-auch-im-aargau\\\/#breadcrumb\",\"itemListElement\":[{\"@type\":\"ListItem\",\"position\":1,\"name\":\"Startseite\",\"item\":\"https:\\\/\\\/aargauermuslime.ch\\\/de\\\/\"},{\"@type\":\"ListItem\",\"position\":2,\"name\":\"Musliminnen und Muslime engagieren sich vermehrt in der Sozialarbeit, auch im Aargau\"}]},{\"@type\":\"WebSite\",\"@id\":\"https:\\\/\\\/aargauermuslime.ch\\\/de\\\/#website\",\"url\":\"https:\\\/\\\/aargauermuslime.ch\\\/de\\\/\",\"name\":\"Verband Aargauer Muslime (VAM)\",\"description\":\"Dachverband der muslimischen Institutionen im Aargau\",\"publisher\":{\"@id\":\"https:\\\/\\\/aargauermuslime.ch\\\/de\\\/#organization\"},\"potentialAction\":[{\"@type\":\"SearchAction\",\"target\":{\"@type\":\"EntryPoint\",\"urlTemplate\":\"https:\\\/\\\/aargauermuslime.ch\\\/de\\\/?s={search_term_string}\"},\"query-input\":{\"@type\":\"PropertyValueSpecification\",\"valueRequired\":true,\"valueName\":\"search_term_string\"}}],\"inLanguage\":\"de\"},{\"@type\":\"Organization\",\"@id\":\"https:\\\/\\\/aargauermuslime.ch\\\/de\\\/#organization\",\"name\":\"Verband Aargauer Muslime\",\"alternateName\":\"VAM\",\"url\":\"https:\\\/\\\/aargauermuslime.ch\\\/de\\\/\",\"logo\":{\"@type\":\"ImageObject\",\"inLanguage\":\"de\",\"@id\":\"https:\\\/\\\/aargauermuslime.ch\\\/de\\\/#\\\/schema\\\/logo\\\/image\\\/\",\"url\":\"https:\\\/\\\/aargauermuslime.ch\\\/de\\\/wp-content\\\/uploads\\\/2019\\\/07\\\/VAM-Logo_web.jpg\",\"contentUrl\":\"https:\\\/\\\/aargauermuslime.ch\\\/de\\\/wp-content\\\/uploads\\\/2019\\\/07\\\/VAM-Logo_web.jpg\",\"width\":800,\"height\":181,\"caption\":\"Verband Aargauer Muslime\"},\"image\":{\"@id\":\"https:\\\/\\\/aargauermuslime.ch\\\/de\\\/#\\\/schema\\\/logo\\\/image\\\/\"},\"sameAs\":[\"https:\\\/\\\/www.facebook.com\\\/groups\\\/aargauermuslime\"]},{\"@type\":\"Person\",\"@id\":\"https:\\\/\\\/aargauermuslime.ch\\\/de\\\/#\\\/schema\\\/person\\\/310e6c317a37722ccc1fb5815f4bb122\",\"name\":\"Verwalter5\",\"image\":{\"@type\":\"ImageObject\",\"inLanguage\":\"de\",\"@id\":\"https:\\\/\\\/secure.gravatar.com\\\/avatar\\\/65ee8be834871e73d854ad00dfc4031afc2b5c926eac730b926dfe8fee7021c0?s=96&d=mm&r=g\",\"url\":\"https:\\\/\\\/secure.gravatar.com\\\/avatar\\\/65ee8be834871e73d854ad00dfc4031afc2b5c926eac730b926dfe8fee7021c0?s=96&d=mm&r=g\",\"contentUrl\":\"https:\\\/\\\/secure.gravatar.com\\\/avatar\\\/65ee8be834871e73d854ad00dfc4031afc2b5c926eac730b926dfe8fee7021c0?s=96&d=mm&r=g\",\"caption\":\"Verwalter5\"}}]}<\/script>\n<!-- \/ Yoast SEO plugin. -->","yoast_head_json":{"title":"Musliminnen und Muslime engagieren sich vermehrt in der Sozialarbeit, auch im Aargau - Verband Aargauer Muslime (VAM)","robots":{"index":"index","follow":"follow","max-snippet":"max-snippet:-1","max-image-preview":"max-image-preview:large","max-video-preview":"max-video-preview:-1"},"canonical":"https:\/\/aargauermuslime.ch\/de\/musliminnen-und-muslime-engagieren-sich-vermehrt-in-der-sozialarbeit-auch-im-aargau\/","og_locale":"de_DE","og_type":"article","og_title":"Musliminnen und Muslime engagieren sich vermehrt in der Sozialarbeit, auch im Aargau - Verband Aargauer Muslime (VAM)","og_description":"\u00abDeutschunterricht, Schuldenberatung, Jugendarbeit, Hilfe f\u00fcr Arme und Randst\u00e4ndige: Sozialarbeit ist ein weites Feld. Ein Feld, in dem sich langsam aber sicher auch die Musliminnen und Muslime in der Schweiz engagieren, [&hellip;]","og_url":"https:\/\/aargauermuslime.ch\/de\/musliminnen-und-muslime-engagieren-sich-vermehrt-in-der-sozialarbeit-auch-im-aargau\/","og_site_name":"Verband Aargauer Muslime (VAM)","article_publisher":"https:\/\/www.facebook.com\/groups\/aargauermuslime","article_published_time":"2019-03-03T21:07:46+00:00","og_image":[{"width":624,"height":351,"url":"https:\/\/aargauermuslime.ch\/de\/wp-content\/uploads\/2019\/03\/images_Bilder_Radio_SRF2_Perspektiven.jpg","type":"image\/jpeg"}],"author":"Verwalter5","twitter_card":"summary_large_image","twitter_misc":{"Verfasst von":"Verwalter5","Gesch\u00e4tzte Lesezeit":"1\u00a0Minute"},"schema":{"@context":"https:\/\/schema.org","@graph":[{"@type":"Article","@id":"https:\/\/aargauermuslime.ch\/de\/musliminnen-und-muslime-engagieren-sich-vermehrt-in-der-sozialarbeit-auch-im-aargau\/#article","isPartOf":{"@id":"https:\/\/aargauermuslime.ch\/de\/musliminnen-und-muslime-engagieren-sich-vermehrt-in-der-sozialarbeit-auch-im-aargau\/"},"author":{"name":"Verwalter5","@id":"https:\/\/aargauermuslime.ch\/de\/#\/schema\/person\/310e6c317a37722ccc1fb5815f4bb122"},"headline":"Musliminnen und Muslime engagieren sich vermehrt in der Sozialarbeit, auch im Aargau","datePublished":"2019-03-03T21:07:46+00:00","mainEntityOfPage":{"@id":"https:\/\/aargauermuslime.ch\/de\/musliminnen-und-muslime-engagieren-sich-vermehrt-in-der-sozialarbeit-auch-im-aargau\/"},"wordCount":177,"commentCount":0,"publisher":{"@id":"https:\/\/aargauermuslime.ch\/de\/#organization"},"image":{"@id":"https:\/\/aargauermuslime.ch\/de\/musliminnen-und-muslime-engagieren-sich-vermehrt-in-der-sozialarbeit-auch-im-aargau\/#primaryimage"},"thumbnailUrl":"https:\/\/aargauermuslime.ch\/de\/wp-content\/uploads\/2019\/03\/images_Bilder_Radio_SRF2_Perspektiven.jpg","articleSection":["News"],"inLanguage":"de"},{"@type":"WebPage","@id":"https:\/\/aargauermuslime.ch\/de\/musliminnen-und-muslime-engagieren-sich-vermehrt-in-der-sozialarbeit-auch-im-aargau\/","url":"https:\/\/aargauermuslime.ch\/de\/musliminnen-und-muslime-engagieren-sich-vermehrt-in-der-sozialarbeit-auch-im-aargau\/","name":"Musliminnen und Muslime engagieren sich vermehrt in der Sozialarbeit, auch im Aargau - Verband Aargauer Muslime (VAM)","isPartOf":{"@id":"https:\/\/aargauermuslime.ch\/de\/#website"},"primaryImageOfPage":{"@id":"https:\/\/aargauermuslime.ch\/de\/musliminnen-und-muslime-engagieren-sich-vermehrt-in-der-sozialarbeit-auch-im-aargau\/#primaryimage"},"image":{"@id":"https:\/\/aargauermuslime.ch\/de\/musliminnen-und-muslime-engagieren-sich-vermehrt-in-der-sozialarbeit-auch-im-aargau\/#primaryimage"},"thumbnailUrl":"https:\/\/aargauermuslime.ch\/de\/wp-content\/uploads\/2019\/03\/images_Bilder_Radio_SRF2_Perspektiven.jpg","datePublished":"2019-03-03T21:07:46+00:00","breadcrumb":{"@id":"https:\/\/aargauermuslime.ch\/de\/musliminnen-und-muslime-engagieren-sich-vermehrt-in-der-sozialarbeit-auch-im-aargau\/#breadcrumb"},"inLanguage":"de","potentialAction":[{"@type":"ReadAction","target":["https:\/\/aargauermuslime.ch\/de\/musliminnen-und-muslime-engagieren-sich-vermehrt-in-der-sozialarbeit-auch-im-aargau\/"]}]},{"@type":"ImageObject","inLanguage":"de","@id":"https:\/\/aargauermuslime.ch\/de\/musliminnen-und-muslime-engagieren-sich-vermehrt-in-der-sozialarbeit-auch-im-aargau\/#primaryimage","url":"https:\/\/aargauermuslime.ch\/de\/wp-content\/uploads\/2019\/03\/images_Bilder_Radio_SRF2_Perspektiven.jpg","contentUrl":"https:\/\/aargauermuslime.ch\/de\/wp-content\/uploads\/2019\/03\/images_Bilder_Radio_SRF2_Perspektiven.jpg","width":624,"height":351},{"@type":"BreadcrumbList","@id":"https:\/\/aargauermuslime.ch\/de\/musliminnen-und-muslime-engagieren-sich-vermehrt-in-der-sozialarbeit-auch-im-aargau\/#breadcrumb","itemListElement":[{"@type":"ListItem","position":1,"name":"Startseite","item":"https:\/\/aargauermuslime.ch\/de\/"},{"@type":"ListItem","position":2,"name":"Musliminnen und Muslime engagieren sich vermehrt in der Sozialarbeit, auch im Aargau"}]},{"@type":"WebSite","@id":"https:\/\/aargauermuslime.ch\/de\/#website","url":"https:\/\/aargauermuslime.ch\/de\/","name":"Verband Aargauer Muslime (VAM)","description":"Dachverband der muslimischen Institutionen im Aargau","publisher":{"@id":"https:\/\/aargauermuslime.ch\/de\/#organization"},"potentialAction":[{"@type":"SearchAction","target":{"@type":"EntryPoint","urlTemplate":"https:\/\/aargauermuslime.ch\/de\/?s={search_term_string}"},"query-input":{"@type":"PropertyValueSpecification","valueRequired":true,"valueName":"search_term_string"}}],"inLanguage":"de"},{"@type":"Organization","@id":"https:\/\/aargauermuslime.ch\/de\/#organization","name":"Verband Aargauer Muslime","alternateName":"VAM","url":"https:\/\/aargauermuslime.ch\/de\/","logo":{"@type":"ImageObject","inLanguage":"de","@id":"https:\/\/aargauermuslime.ch\/de\/#\/schema\/logo\/image\/","url":"https:\/\/aargauermuslime.ch\/de\/wp-content\/uploads\/2019\/07\/VAM-Logo_web.jpg","contentUrl":"https:\/\/aargauermuslime.ch\/de\/wp-content\/uploads\/2019\/07\/VAM-Logo_web.jpg","width":800,"height":181,"caption":"Verband Aargauer Muslime"},"image":{"@id":"https:\/\/aargauermuslime.ch\/de\/#\/schema\/logo\/image\/"},"sameAs":["https:\/\/www.facebook.com\/groups\/aargauermuslime"]},{"@type":"Person","@id":"https:\/\/aargauermuslime.ch\/de\/#\/schema\/person\/310e6c317a37722ccc1fb5815f4bb122","name":"Verwalter5","image":{"@type":"ImageObject","inLanguage":"de","@id":"https:\/\/secure.gravatar.com\/avatar\/65ee8be834871e73d854ad00dfc4031afc2b5c926eac730b926dfe8fee7021c0?s=96&d=mm&r=g","url":"https:\/\/secure.gravatar.com\/avatar\/65ee8be834871e73d854ad00dfc4031afc2b5c926eac730b926dfe8fee7021c0?s=96&d=mm&r=g","contentUrl":"https:\/\/secure.gravatar.com\/avatar\/65ee8be834871e73d854ad00dfc4031afc2b5c926eac730b926dfe8fee7021c0?s=96&d=mm&r=g","caption":"Verwalter5"}}]}},"_links":{"self":[{"href":"https:\/\/aargauermuslime.ch\/de\/wp-json\/wp\/v2\/posts\/288","targetHints":{"allow":["GET"]}}],"collection":[{"href":"https:\/\/aargauermuslime.ch\/de\/wp-json\/wp\/v2\/posts"}],"about":[{"href":"https:\/\/aargauermuslime.ch\/de\/wp-json\/wp\/v2\/types\/post"}],"author":[{"embeddable":true,"href":"https:\/\/aargauermuslime.ch\/de\/wp-json\/wp\/v2\/users\/4"}],"replies":[{"embeddable":true,"href":"https:\/\/aargauermuslime.ch\/de\/wp-json\/wp\/v2\/comments?post=288"}],"version-history":[{"count":0,"href":"https:\/\/aargauermuslime.ch\/de\/wp-json\/wp\/v2\/posts\/288\/revisions"}],"wp:featuredmedia":[{"embeddable":true,"href":"https:\/\/aargauermuslime.ch\/de\/wp-json\/wp\/v2\/media\/761"}],"wp:attachment":[{"href":"https:\/\/aargauermuslime.ch\/de\/wp-json\/wp\/v2\/media?parent=288"}],"wp:term":[{"taxonomy":"category","embeddable":true,"href":"https:\/\/aargauermuslime.ch\/de\/wp-json\/wp\/v2\/categories?post=288"},{"taxonomy":"post_tag","embeddable":true,"href":"https:\/\/aargauermuslime.ch\/de\/wp-json\/wp\/v2\/tags?post=288"}],"curies":[{"name":"wp","href":"https:\/\/api.w.org\/{rel}","templated":true}]}}