{"id":296,"date":"2019-05-14T07:24:54","date_gmt":"2019-05-14T07:24:54","guid":{"rendered":"https:\/\/aargauermuslime.ch\/de\/2019\/05\/14\/ramadan-monat-der-besinnung-und-einkehr\/"},"modified":"2019-06-15T23:00:58","modified_gmt":"2019-06-15T21:00:58","slug":"ramadan-monat-der-besinnung-und-einkehr","status":"publish","type":"post","link":"https:\/\/aargauermuslime.ch\/de\/ramadan-monat-der-besinnung-und-einkehr\/","title":{"rendered":"Ramadan: Monat der Besinnung und Einkehr"},"content":{"rendered":"<p><span style=\"font-family: verdana, geneva; font-size: 10pt;\">Am 6. Mai 2019 hat der Ramadan, der 9. Monat im islamischen Mondkalender, begonnen.<\/span><\/p>\n<p><span style=\"font-family: verdana, geneva; font-size: 10pt;\">Es handelt sich um eine ganz spezielle Zeit im j\u00e4hrlichen Lebensrhythmus der Musliminnen und Muslime. Einerseits wurde in diesem Monat das heilige Buch, der Qur\u2019an, auf die Erde herabgesandt (siehe Qur\u2019an, Sura 2, Vers 185).<\/span><\/p>\n<p><span style=\"font-family: verdana, geneva; font-size: 10pt;\">Andererseits begeben sich die Musliminnen und Muslime durch das t\u00e4gliche Fasten von der Morgend\u00e4mmerung bis zum Sonnenuntergang in einen besonderen spirituellen Zustand. Sie unterziehen sich einer inneren Reinigung, indem sie sich noch mehr als sonst auf ihren Sch\u00f6pfer, Allah, konzentrieren und sich vermehrt dem Gebet, Seiner Lobpreisung und der Rezitation des Qur\u2019an widmen und sich selbst zur Rechenschaft ziehen.<\/span><\/p>\n<p><span style=\"font-family: verdana, geneva; font-size: 10pt;\">Neben dieser spirituellen Reinigung wird auch der K\u00f6rper der Fastenden gereinigt, entschlackt und entgiftet. Und durch die pers\u00f6nlicher Erfahrung von Hunger und Durst wird auch die Empathie mit den Notleidenden und Armen auf dieser Welt gest\u00e4rkt. Nicht zuletzt darum wird im Ramadan mehr als sonst gespendet und wird die Zakat, die j\u00e4hrliche Armensteuer, entrichtet.<\/span><\/p>\n<p><span style=\"font-family: verdana, geneva; font-size: 10pt;\">Erfahren Sie im&nbsp;<strong><a href=\"http:\/\/www.islam.ch\/einfuehrung-in-das-fasten-im-ramadan\/\" target=\"_blank\" rel=\"noopener noreferrer\">Einf\u00fchrungsartikel zum Fasten im Ramadan<\/a><\/strong>&nbsp;auf&nbsp;<a href=\"http:\/\/www.islam.ch\/\" target=\"_blank\" rel=\"noopener noreferrer\">islam.ch<\/a>&nbsp;noch mehr \u00fcber die Besonderheiten dieses Monats. Und&nbsp;<a href=\"http:\/\/www.al-sakina.de\/inhalt\/bibliothek\/25fragen_fasten.pdf\" target=\"_blank\" rel=\"noopener noreferrer\">hier<\/a>&nbsp;kann eine Brosch\u00fcre mit&nbsp;<strong>25 Fragen zum Fasten im Ramadan<\/strong>heruntergeladen werden.<\/span><\/p>\n<p><span style=\"font-family: verdana, geneva; font-size: 10pt;\">Wir w\u00fcnschen allen Musliminnen und Muslimen einen gesegneten Fastenmonat voll mit Allahs Barmherzigkeit und Segen.<\/span><\/p>\n","protected":false},"excerpt":{"rendered":"<p>Am 6. Mai 2019 hat der Ramadan, der 9. Monat im islamischen Mondkalender, begonnen. Es handelt sich um eine ganz spezielle Zeit im j\u00e4hrlichen Lebensrhythmus der Musliminnen und Muslime. Einerseits [&hellip;]<\/p>\n","protected":false},"author":4,"featured_media":766,"comment_status":"open","ping_status":"open","sticky":false,"template":"","format":"standard","meta":{"_et_pb_use_builder":"","_et_pb_old_content":"","_et_gb_content_width":"","ngg_post_thumbnail":0,"footnotes":""},"categories":[3],"tags":[],"class_list":["post-296","post","type-post","status-publish","format-standard","has-post-thumbnail","hentry","category-news"],"yoast_head":"<!-- This site is optimized with the Yoast SEO plugin v27.4 - https:\/\/yoast.com\/product\/yoast-seo-wordpress\/ -->\n<title>Ramadan: Monat der Besinnung und Einkehr - Verband Aargauer Muslime (VAM)<\/title>\n<meta name=\"robots\" content=\"index, follow, max-snippet:-1, max-image-preview:large, max-video-preview:-1\" \/>\n<link rel=\"canonical\" href=\"https:\/\/aargauermuslime.ch\/de\/ramadan-monat-der-besinnung-und-einkehr\/\" \/>\n<meta property=\"og:locale\" content=\"de_DE\" \/>\n<meta property=\"og:type\" content=\"article\" \/>\n<meta property=\"og:title\" content=\"Ramadan: Monat der Besinnung und Einkehr - Verband Aargauer Muslime (VAM)\" \/>\n<meta property=\"og:description\" content=\"Am 6. Mai 2019 hat der Ramadan, der 9. Monat im islamischen Mondkalender, begonnen. Es handelt sich um eine ganz spezielle Zeit im j\u00e4hrlichen Lebensrhythmus der Musliminnen und Muslime. Einerseits [&hellip;]\" \/>\n<meta property=\"og:url\" content=\"https:\/\/aargauermuslime.ch\/de\/ramadan-monat-der-besinnung-und-einkehr\/\" \/>\n<meta property=\"og:site_name\" content=\"Verband Aargauer Muslime (VAM)\" \/>\n<meta property=\"article:publisher\" content=\"https:\/\/www.facebook.com\/groups\/aargauermuslime\" \/>\n<meta property=\"article:published_time\" content=\"2019-05-14T07:24:54+00:00\" \/>\n<meta property=\"article:modified_time\" content=\"2019-06-15T21:00:58+00:00\" \/>\n<meta property=\"og:image\" content=\"https:\/\/aargauermuslime.ch\/de\/wp-content\/uploads\/2019\/05\/images_Bilder_Ramadan_mubarak.jpg\" \/>\n\t<meta property=\"og:image:width\" content=\"800\" \/>\n\t<meta property=\"og:image:height\" content=\"600\" \/>\n\t<meta property=\"og:image:type\" content=\"image\/jpeg\" \/>\n<meta name=\"author\" content=\"Verwalter5\" \/>\n<meta name=\"twitter:card\" content=\"summary_large_image\" \/>\n<meta name=\"twitter:label1\" content=\"Verfasst von\" \/>\n\t<meta name=\"twitter:data1\" content=\"Verwalter5\" \/>\n\t<meta name=\"twitter:label2\" content=\"Gesch\u00e4tzte Lesezeit\" \/>\n\t<meta name=\"twitter:data2\" content=\"1\u00a0Minute\" \/>\n<script type=\"application\/ld+json\" class=\"yoast-schema-graph\">{\"@context\":\"https:\\\/\\\/schema.org\",\"@graph\":[{\"@type\":\"Article\",\"@id\":\"https:\\\/\\\/aargauermuslime.ch\\\/de\\\/ramadan-monat-der-besinnung-und-einkehr\\\/#article\",\"isPartOf\":{\"@id\":\"https:\\\/\\\/aargauermuslime.ch\\\/de\\\/ramadan-monat-der-besinnung-und-einkehr\\\/\"},\"author\":{\"name\":\"Verwalter5\",\"@id\":\"https:\\\/\\\/aargauermuslime.ch\\\/de\\\/#\\\/schema\\\/person\\\/310e6c317a37722ccc1fb5815f4bb122\"},\"headline\":\"Ramadan: Monat der Besinnung und Einkehr\",\"datePublished\":\"2019-05-14T07:24:54+00:00\",\"dateModified\":\"2019-06-15T21:00:58+00:00\",\"mainEntityOfPage\":{\"@id\":\"https:\\\/\\\/aargauermuslime.ch\\\/de\\\/ramadan-monat-der-besinnung-und-einkehr\\\/\"},\"wordCount\":229,\"commentCount\":0,\"publisher\":{\"@id\":\"https:\\\/\\\/aargauermuslime.ch\\\/de\\\/#organization\"},\"image\":{\"@id\":\"https:\\\/\\\/aargauermuslime.ch\\\/de\\\/ramadan-monat-der-besinnung-und-einkehr\\\/#primaryimage\"},\"thumbnailUrl\":\"https:\\\/\\\/aargauermuslime.ch\\\/de\\\/wp-content\\\/uploads\\\/2019\\\/05\\\/images_Bilder_Ramadan_mubarak.jpg\",\"articleSection\":[\"News\"],\"inLanguage\":\"de\"},{\"@type\":\"WebPage\",\"@id\":\"https:\\\/\\\/aargauermuslime.ch\\\/de\\\/ramadan-monat-der-besinnung-und-einkehr\\\/\",\"url\":\"https:\\\/\\\/aargauermuslime.ch\\\/de\\\/ramadan-monat-der-besinnung-und-einkehr\\\/\",\"name\":\"Ramadan: Monat der Besinnung und Einkehr - Verband Aargauer Muslime (VAM)\",\"isPartOf\":{\"@id\":\"https:\\\/\\\/aargauermuslime.ch\\\/de\\\/#website\"},\"primaryImageOfPage\":{\"@id\":\"https:\\\/\\\/aargauermuslime.ch\\\/de\\\/ramadan-monat-der-besinnung-und-einkehr\\\/#primaryimage\"},\"image\":{\"@id\":\"https:\\\/\\\/aargauermuslime.ch\\\/de\\\/ramadan-monat-der-besinnung-und-einkehr\\\/#primaryimage\"},\"thumbnailUrl\":\"https:\\\/\\\/aargauermuslime.ch\\\/de\\\/wp-content\\\/uploads\\\/2019\\\/05\\\/images_Bilder_Ramadan_mubarak.jpg\",\"datePublished\":\"2019-05-14T07:24:54+00:00\",\"dateModified\":\"2019-06-15T21:00:58+00:00\",\"breadcrumb\":{\"@id\":\"https:\\\/\\\/aargauermuslime.ch\\\/de\\\/ramadan-monat-der-besinnung-und-einkehr\\\/#breadcrumb\"},\"inLanguage\":\"de\",\"potentialAction\":[{\"@type\":\"ReadAction\",\"target\":[\"https:\\\/\\\/aargauermuslime.ch\\\/de\\\/ramadan-monat-der-besinnung-und-einkehr\\\/\"]}]},{\"@type\":\"ImageObject\",\"inLanguage\":\"de\",\"@id\":\"https:\\\/\\\/aargauermuslime.ch\\\/de\\\/ramadan-monat-der-besinnung-und-einkehr\\\/#primaryimage\",\"url\":\"https:\\\/\\\/aargauermuslime.ch\\\/de\\\/wp-content\\\/uploads\\\/2019\\\/05\\\/images_Bilder_Ramadan_mubarak.jpg\",\"contentUrl\":\"https:\\\/\\\/aargauermuslime.ch\\\/de\\\/wp-content\\\/uploads\\\/2019\\\/05\\\/images_Bilder_Ramadan_mubarak.jpg\",\"width\":800,\"height\":600},{\"@type\":\"BreadcrumbList\",\"@id\":\"https:\\\/\\\/aargauermuslime.ch\\\/de\\\/ramadan-monat-der-besinnung-und-einkehr\\\/#breadcrumb\",\"itemListElement\":[{\"@type\":\"ListItem\",\"position\":1,\"name\":\"Startseite\",\"item\":\"https:\\\/\\\/aargauermuslime.ch\\\/de\\\/\"},{\"@type\":\"ListItem\",\"position\":2,\"name\":\"Ramadan: Monat der Besinnung und Einkehr\"}]},{\"@type\":\"WebSite\",\"@id\":\"https:\\\/\\\/aargauermuslime.ch\\\/de\\\/#website\",\"url\":\"https:\\\/\\\/aargauermuslime.ch\\\/de\\\/\",\"name\":\"Verband Aargauer Muslime (VAM)\",\"description\":\"Dachverband der muslimischen Institutionen im Aargau\",\"publisher\":{\"@id\":\"https:\\\/\\\/aargauermuslime.ch\\\/de\\\/#organization\"},\"potentialAction\":[{\"@type\":\"SearchAction\",\"target\":{\"@type\":\"EntryPoint\",\"urlTemplate\":\"https:\\\/\\\/aargauermuslime.ch\\\/de\\\/?s={search_term_string}\"},\"query-input\":{\"@type\":\"PropertyValueSpecification\",\"valueRequired\":true,\"valueName\":\"search_term_string\"}}],\"inLanguage\":\"de\"},{\"@type\":\"Organization\",\"@id\":\"https:\\\/\\\/aargauermuslime.ch\\\/de\\\/#organization\",\"name\":\"Verband Aargauer Muslime\",\"alternateName\":\"VAM\",\"url\":\"https:\\\/\\\/aargauermuslime.ch\\\/de\\\/\",\"logo\":{\"@type\":\"ImageObject\",\"inLanguage\":\"de\",\"@id\":\"https:\\\/\\\/aargauermuslime.ch\\\/de\\\/#\\\/schema\\\/logo\\\/image\\\/\",\"url\":\"https:\\\/\\\/aargauermuslime.ch\\\/de\\\/wp-content\\\/uploads\\\/2019\\\/07\\\/VAM-Logo_web.jpg\",\"contentUrl\":\"https:\\\/\\\/aargauermuslime.ch\\\/de\\\/wp-content\\\/uploads\\\/2019\\\/07\\\/VAM-Logo_web.jpg\",\"width\":800,\"height\":181,\"caption\":\"Verband Aargauer Muslime\"},\"image\":{\"@id\":\"https:\\\/\\\/aargauermuslime.ch\\\/de\\\/#\\\/schema\\\/logo\\\/image\\\/\"},\"sameAs\":[\"https:\\\/\\\/www.facebook.com\\\/groups\\\/aargauermuslime\"]},{\"@type\":\"Person\",\"@id\":\"https:\\\/\\\/aargauermuslime.ch\\\/de\\\/#\\\/schema\\\/person\\\/310e6c317a37722ccc1fb5815f4bb122\",\"name\":\"Verwalter5\",\"image\":{\"@type\":\"ImageObject\",\"inLanguage\":\"de\",\"@id\":\"https:\\\/\\\/secure.gravatar.com\\\/avatar\\\/65ee8be834871e73d854ad00dfc4031afc2b5c926eac730b926dfe8fee7021c0?s=96&d=mm&r=g\",\"url\":\"https:\\\/\\\/secure.gravatar.com\\\/avatar\\\/65ee8be834871e73d854ad00dfc4031afc2b5c926eac730b926dfe8fee7021c0?s=96&d=mm&r=g\",\"contentUrl\":\"https:\\\/\\\/secure.gravatar.com\\\/avatar\\\/65ee8be834871e73d854ad00dfc4031afc2b5c926eac730b926dfe8fee7021c0?s=96&d=mm&r=g\",\"caption\":\"Verwalter5\"}}]}<\/script>\n<!-- \/ Yoast SEO plugin. -->","yoast_head_json":{"title":"Ramadan: Monat der Besinnung und Einkehr - Verband Aargauer Muslime (VAM)","robots":{"index":"index","follow":"follow","max-snippet":"max-snippet:-1","max-image-preview":"max-image-preview:large","max-video-preview":"max-video-preview:-1"},"canonical":"https:\/\/aargauermuslime.ch\/de\/ramadan-monat-der-besinnung-und-einkehr\/","og_locale":"de_DE","og_type":"article","og_title":"Ramadan: Monat der Besinnung und Einkehr - Verband Aargauer Muslime (VAM)","og_description":"Am 6. Mai 2019 hat der Ramadan, der 9. Monat im islamischen Mondkalender, begonnen. Es handelt sich um eine ganz spezielle Zeit im j\u00e4hrlichen Lebensrhythmus der Musliminnen und Muslime. Einerseits [&hellip;]","og_url":"https:\/\/aargauermuslime.ch\/de\/ramadan-monat-der-besinnung-und-einkehr\/","og_site_name":"Verband Aargauer Muslime (VAM)","article_publisher":"https:\/\/www.facebook.com\/groups\/aargauermuslime","article_published_time":"2019-05-14T07:24:54+00:00","article_modified_time":"2019-06-15T21:00:58+00:00","og_image":[{"width":800,"height":600,"url":"https:\/\/aargauermuslime.ch\/de\/wp-content\/uploads\/2019\/05\/images_Bilder_Ramadan_mubarak.jpg","type":"image\/jpeg"}],"author":"Verwalter5","twitter_card":"summary_large_image","twitter_misc":{"Verfasst von":"Verwalter5","Gesch\u00e4tzte Lesezeit":"1\u00a0Minute"},"schema":{"@context":"https:\/\/schema.org","@graph":[{"@type":"Article","@id":"https:\/\/aargauermuslime.ch\/de\/ramadan-monat-der-besinnung-und-einkehr\/#article","isPartOf":{"@id":"https:\/\/aargauermuslime.ch\/de\/ramadan-monat-der-besinnung-und-einkehr\/"},"author":{"name":"Verwalter5","@id":"https:\/\/aargauermuslime.ch\/de\/#\/schema\/person\/310e6c317a37722ccc1fb5815f4bb122"},"headline":"Ramadan: Monat der Besinnung und Einkehr","datePublished":"2019-05-14T07:24:54+00:00","dateModified":"2019-06-15T21:00:58+00:00","mainEntityOfPage":{"@id":"https:\/\/aargauermuslime.ch\/de\/ramadan-monat-der-besinnung-und-einkehr\/"},"wordCount":229,"commentCount":0,"publisher":{"@id":"https:\/\/aargauermuslime.ch\/de\/#organization"},"image":{"@id":"https:\/\/aargauermuslime.ch\/de\/ramadan-monat-der-besinnung-und-einkehr\/#primaryimage"},"thumbnailUrl":"https:\/\/aargauermuslime.ch\/de\/wp-content\/uploads\/2019\/05\/images_Bilder_Ramadan_mubarak.jpg","articleSection":["News"],"inLanguage":"de"},{"@type":"WebPage","@id":"https:\/\/aargauermuslime.ch\/de\/ramadan-monat-der-besinnung-und-einkehr\/","url":"https:\/\/aargauermuslime.ch\/de\/ramadan-monat-der-besinnung-und-einkehr\/","name":"Ramadan: Monat der Besinnung und Einkehr - Verband Aargauer Muslime (VAM)","isPartOf":{"@id":"https:\/\/aargauermuslime.ch\/de\/#website"},"primaryImageOfPage":{"@id":"https:\/\/aargauermuslime.ch\/de\/ramadan-monat-der-besinnung-und-einkehr\/#primaryimage"},"image":{"@id":"https:\/\/aargauermuslime.ch\/de\/ramadan-monat-der-besinnung-und-einkehr\/#primaryimage"},"thumbnailUrl":"https:\/\/aargauermuslime.ch\/de\/wp-content\/uploads\/2019\/05\/images_Bilder_Ramadan_mubarak.jpg","datePublished":"2019-05-14T07:24:54+00:00","dateModified":"2019-06-15T21:00:58+00:00","breadcrumb":{"@id":"https:\/\/aargauermuslime.ch\/de\/ramadan-monat-der-besinnung-und-einkehr\/#breadcrumb"},"inLanguage":"de","potentialAction":[{"@type":"ReadAction","target":["https:\/\/aargauermuslime.ch\/de\/ramadan-monat-der-besinnung-und-einkehr\/"]}]},{"@type":"ImageObject","inLanguage":"de","@id":"https:\/\/aargauermuslime.ch\/de\/ramadan-monat-der-besinnung-und-einkehr\/#primaryimage","url":"https:\/\/aargauermuslime.ch\/de\/wp-content\/uploads\/2019\/05\/images_Bilder_Ramadan_mubarak.jpg","contentUrl":"https:\/\/aargauermuslime.ch\/de\/wp-content\/uploads\/2019\/05\/images_Bilder_Ramadan_mubarak.jpg","width":800,"height":600},{"@type":"BreadcrumbList","@id":"https:\/\/aargauermuslime.ch\/de\/ramadan-monat-der-besinnung-und-einkehr\/#breadcrumb","itemListElement":[{"@type":"ListItem","position":1,"name":"Startseite","item":"https:\/\/aargauermuslime.ch\/de\/"},{"@type":"ListItem","position":2,"name":"Ramadan: Monat der Besinnung und Einkehr"}]},{"@type":"WebSite","@id":"https:\/\/aargauermuslime.ch\/de\/#website","url":"https:\/\/aargauermuslime.ch\/de\/","name":"Verband Aargauer Muslime (VAM)","description":"Dachverband der muslimischen Institutionen im Aargau","publisher":{"@id":"https:\/\/aargauermuslime.ch\/de\/#organization"},"potentialAction":[{"@type":"SearchAction","target":{"@type":"EntryPoint","urlTemplate":"https:\/\/aargauermuslime.ch\/de\/?s={search_term_string}"},"query-input":{"@type":"PropertyValueSpecification","valueRequired":true,"valueName":"search_term_string"}}],"inLanguage":"de"},{"@type":"Organization","@id":"https:\/\/aargauermuslime.ch\/de\/#organization","name":"Verband Aargauer Muslime","alternateName":"VAM","url":"https:\/\/aargauermuslime.ch\/de\/","logo":{"@type":"ImageObject","inLanguage":"de","@id":"https:\/\/aargauermuslime.ch\/de\/#\/schema\/logo\/image\/","url":"https:\/\/aargauermuslime.ch\/de\/wp-content\/uploads\/2019\/07\/VAM-Logo_web.jpg","contentUrl":"https:\/\/aargauermuslime.ch\/de\/wp-content\/uploads\/2019\/07\/VAM-Logo_web.jpg","width":800,"height":181,"caption":"Verband Aargauer Muslime"},"image":{"@id":"https:\/\/aargauermuslime.ch\/de\/#\/schema\/logo\/image\/"},"sameAs":["https:\/\/www.facebook.com\/groups\/aargauermuslime"]},{"@type":"Person","@id":"https:\/\/aargauermuslime.ch\/de\/#\/schema\/person\/310e6c317a37722ccc1fb5815f4bb122","name":"Verwalter5","image":{"@type":"ImageObject","inLanguage":"de","@id":"https:\/\/secure.gravatar.com\/avatar\/65ee8be834871e73d854ad00dfc4031afc2b5c926eac730b926dfe8fee7021c0?s=96&d=mm&r=g","url":"https:\/\/secure.gravatar.com\/avatar\/65ee8be834871e73d854ad00dfc4031afc2b5c926eac730b926dfe8fee7021c0?s=96&d=mm&r=g","contentUrl":"https:\/\/secure.gravatar.com\/avatar\/65ee8be834871e73d854ad00dfc4031afc2b5c926eac730b926dfe8fee7021c0?s=96&d=mm&r=g","caption":"Verwalter5"}}]}},"_links":{"self":[{"href":"https:\/\/aargauermuslime.ch\/de\/wp-json\/wp\/v2\/posts\/296","targetHints":{"allow":["GET"]}}],"collection":[{"href":"https:\/\/aargauermuslime.ch\/de\/wp-json\/wp\/v2\/posts"}],"about":[{"href":"https:\/\/aargauermuslime.ch\/de\/wp-json\/wp\/v2\/types\/post"}],"author":[{"embeddable":true,"href":"https:\/\/aargauermuslime.ch\/de\/wp-json\/wp\/v2\/users\/4"}],"replies":[{"embeddable":true,"href":"https:\/\/aargauermuslime.ch\/de\/wp-json\/wp\/v2\/comments?post=296"}],"version-history":[{"count":1,"href":"https:\/\/aargauermuslime.ch\/de\/wp-json\/wp\/v2\/posts\/296\/revisions"}],"predecessor-version":[{"id":1878,"href":"https:\/\/aargauermuslime.ch\/de\/wp-json\/wp\/v2\/posts\/296\/revisions\/1878"}],"wp:featuredmedia":[{"embeddable":true,"href":"https:\/\/aargauermuslime.ch\/de\/wp-json\/wp\/v2\/media\/766"}],"wp:attachment":[{"href":"https:\/\/aargauermuslime.ch\/de\/wp-json\/wp\/v2\/media?parent=296"}],"wp:term":[{"taxonomy":"category","embeddable":true,"href":"https:\/\/aargauermuslime.ch\/de\/wp-json\/wp\/v2\/categories?post=296"},{"taxonomy":"post_tag","embeddable":true,"href":"https:\/\/aargauermuslime.ch\/de\/wp-json\/wp\/v2\/tags?post=296"}],"curies":[{"name":"wp","href":"https:\/\/api.w.org\/{rel}","templated":true}]}}