{"id":3039,"date":"2021-01-16T10:41:23","date_gmt":"2021-01-16T08:41:23","guid":{"rendered":"https:\/\/aargauermuslime.ch\/de\/?p=3039"},"modified":"2021-01-16T11:05:39","modified_gmt":"2021-01-16T09:05:39","slug":"gottesdienste-in-moscheen-sind-weiterhin-mit-maximal-50-personen-moeglich","status":"publish","type":"post","link":"https:\/\/aargauermuslime.ch\/de\/gottesdienste-in-moscheen-sind-weiterhin-mit-maximal-50-personen-moeglich\/","title":{"rendered":"Gottesdienste in Moscheen sind weiterhin mit maximal 50 Personen m\u00f6glich"},"content":{"rendered":"\n<p>Wie allgemein bekannt, hat der Bundesrat am 13. Januar 2021 die <a href=\"https:\/\/www.admin.ch\/gov\/de\/start\/dokumentation\/medienmitteilungen.msg-id-81967.html\" target=\"_blank\" rel=\"noreferrer noopener\">COVID-19-Schutzmassnahmen<\/a> verl\u00e4ngert und weiter versch\u00e4rft: Neu gilt ab Montag, 18. Januar eine Home-Office-Pflicht, L\u00e4den f\u00fcr G\u00fcter des nicht-t\u00e4glichen Bedarfs werden geschlossen (so wie dies bereits in Kanton Aargau der Fall ist), private Veranstaltungen und Menschenansammlungen werden weiter eingeschr\u00e4nkt und der Schutz von besonders gef\u00e4hrdeten Personen am Arbeitsplatz wird verst\u00e4rkt.<\/p>\n\n\n\n<p>Gl\u00fccklicherweise hat dies aber keine Auswirkung auf die Moscheen im Aargau. Gottesdienste bleiben weiterhin mit maximal 50 Personen erlaubt. Nach wie vor m\u00fcssen aber folgende Punkte beachtet werden:<\/p>\n\n\n\n<blockquote class=\"wp-block-quote is-style-default is-layout-flow wp-block-quote-is-layout-flow\"><p>1. Die&nbsp;<strong>Maskenpflicht<\/strong>&nbsp;gilt im Aussenbereich und in allen R\u00e4umlichkeiten der Moscheen.<\/p><p>2. Die&nbsp;<strong>Registrierungspflicht<\/strong>&nbsp;der Besucher gilt nicht nur f\u00fcr das Freitagsgebet, sondern auch f\u00fcr alle anderen t\u00e4glichen Gebete.<\/p><p>3. Der&nbsp;<strong>Mindestabstand von 1.5 Metern<\/strong>&nbsp;ist nach wie vor einzuhalten.<\/p><p>4. Es d\u00fcrfen sich&nbsp;<strong>maximal 50 Personen<\/strong>&nbsp;in der Moschee befinden (<strong>nicht&nbsp;<\/strong>pro Stockwerk oder Raum, sondern&nbsp;<strong>insgesamt<\/strong>). Dies gilt insbesondere auch f\u00fcr die&nbsp;<strong>Freitagsgebete<\/strong>.<\/p><p>5a. <strong>Religionsunterricht<\/strong> f\u00fcr Kinder und Jugendliche bis 16 Jahre mit maximal 15 Teilnehmern pro Klasse darf durchgef\u00fchrt werden. Dabei muss das Schutzkonzept strikte eingehalten werden (Abstand, Maske, maximal 50 Personen gleichzeitig im Geb\u00e4ude, etc.)<\/p><p>5b. <strong>Religionsunterricht<\/strong> f\u00fcr Erwachsene ab 16 Jahren ist <strong>nicht <\/strong>erlaubt.<\/p><p>6. <strong>Kulturelle Veranstaltungen<\/strong> sind ab sofort <strong>nicht<\/strong> mehr erlaubt.<\/p><p>7. S\u00e4mtliche <strong>Vereinslokale<\/strong> wie Aufenthaltsr\u00e4ume, Cafeterias etc. m\u00fcssen <strong>geschlossen<\/strong> bleiben.<\/p><p>8. Bei&nbsp;<strong>Missachtung<\/strong>&nbsp;obiger Regeln drohen Bussen und Moscheeschliessungen.<\/p><\/blockquote>\n\n\n\n<h3 class=\"wp-block-heading\" id=\"block-88f5f517-f294-4be0-9148-1080a24bf839\">VAM-Schutzkonzept f\u00fcr Aargauer Moscheen<\/h3>\n\n\n\n<p id=\"block-40c50326-51e5-4857-9fd5-3a5bfdc90a98\">Der&nbsp;<a rel=\"noreferrer noopener\" href=\"https:\/\/aargauermuslime.ch\/de\/\" target=\"_blank\">Verband Aargauer Muslime<\/a>&nbsp;(VAM) hat ein eigenes COVID-19-Schutzkonzept f\u00fcr Moscheen im Kanton Aargau erstellt. Es wurde mit der verantwortlichen Beh\u00f6rde des Kantons Aargau abgestimmt und <strong>kann&nbsp;<a href=\"https:\/\/aargauermuslime.ch\/de\/wp-content\/uploads\/2020\/12\/COVID-19-Schutzkonzept_Moscheen_Aargau_2020-12-20.pdf\" target=\"_blank\" rel=\"noreferrer noopener\">hier<\/a> heruntergeladen werden.<\/strong><\/p>\n\n\n\n<h3 class=\"wp-block-heading\" id=\"block-c315246d-99f1-4b82-a1e8-479ce6cf01cb\">Weiterhin gilt: Allgemeine Hygieneregeln einhalten!<\/h3>\n\n\n\n<p id=\"block-c0bf5880-0cdf-482c-a57b-20bb528c3c7d\">Diese k\u00f6nnen auf der Seite des Bundes unter&nbsp;<a rel=\"noreferrer noopener\" href=\"https:\/\/www.bag.admin.ch\/bag\/de\/home\/krankheiten\/ausbrueche-epidemien-pandemien\/aktuelle-ausbrueche-epidemien\/novel-cov\/so-schuetzen-wir-uns.html\" target=\"_blank\">Verhaltensregeln des Bundesamtes f\u00fcr Gesundheit<\/a>&nbsp;(BAG) nachgelesen werden.<\/p>\n","protected":false},"excerpt":{"rendered":"<p>Wie allgemein bekannt, hat der Bundesrat am 13. Januar 2021 die COVID-19-Schutzmassnahmen verl\u00e4ngert und weiter versch\u00e4rft: Neu gilt ab Montag, 18. Januar eine Home-Office-Pflicht, L\u00e4den f\u00fcr G\u00fcter des nicht-t\u00e4glichen Bedarfs [&hellip;]<\/p>\n","protected":false},"author":4,"featured_media":2414,"comment_status":"closed","ping_status":"closed","sticky":false,"template":"","format":"standard","meta":{"_et_pb_use_builder":"","_et_pb_old_content":"","_et_gb_content_width":"","ngg_post_thumbnail":0,"footnotes":""},"categories":[57,3],"tags":[],"class_list":["post-3039","post","type-post","status-publish","format-standard","has-post-thumbnail","hentry","category-covid-19-pandemie","category-news"],"yoast_head":"<!-- This site is optimized with the Yoast SEO plugin v27.4 - https:\/\/yoast.com\/product\/yoast-seo-wordpress\/ -->\n<title>Gottesdienste in Moscheen sind weiterhin mit maximal 50 Personen m\u00f6glich - Verband Aargauer Muslime (VAM)<\/title>\n<meta name=\"robots\" content=\"index, follow, max-snippet:-1, max-image-preview:large, max-video-preview:-1\" \/>\n<link rel=\"canonical\" href=\"https:\/\/aargauermuslime.ch\/de\/gottesdienste-in-moscheen-sind-weiterhin-mit-maximal-50-personen-moeglich\/\" \/>\n<meta property=\"og:locale\" content=\"de_DE\" \/>\n<meta property=\"og:type\" content=\"article\" \/>\n<meta property=\"og:title\" content=\"Gottesdienste in Moscheen sind weiterhin mit maximal 50 Personen m\u00f6glich - Verband Aargauer Muslime (VAM)\" \/>\n<meta property=\"og:description\" content=\"Wie allgemein bekannt, hat der Bundesrat am 13. Januar 2021 die COVID-19-Schutzmassnahmen verl\u00e4ngert und weiter versch\u00e4rft: Neu gilt ab Montag, 18. Januar eine Home-Office-Pflicht, L\u00e4den f\u00fcr G\u00fcter des nicht-t\u00e4glichen Bedarfs [&hellip;]\" \/>\n<meta property=\"og:url\" content=\"https:\/\/aargauermuslime.ch\/de\/gottesdienste-in-moscheen-sind-weiterhin-mit-maximal-50-personen-moeglich\/\" \/>\n<meta property=\"og:site_name\" content=\"Verband Aargauer Muslime (VAM)\" \/>\n<meta property=\"article:publisher\" content=\"https:\/\/www.facebook.com\/groups\/aargauermuslime\" \/>\n<meta property=\"article:published_time\" content=\"2021-01-16T08:41:23+00:00\" \/>\n<meta property=\"article:modified_time\" content=\"2021-01-16T09:05:39+00:00\" \/>\n<meta property=\"og:image\" content=\"https:\/\/aargauermuslime.ch\/de\/wp-content\/uploads\/2020\/03\/Coronavirus_COVID-19.jpg\" \/>\n\t<meta property=\"og:image:width\" content=\"1300\" \/>\n\t<meta property=\"og:image:height\" content=\"732\" \/>\n\t<meta property=\"og:image:type\" content=\"image\/jpeg\" \/>\n<meta name=\"author\" content=\"Verwalter5\" \/>\n<meta name=\"twitter:card\" content=\"summary_large_image\" \/>\n<meta name=\"twitter:label1\" content=\"Verfasst von\" \/>\n\t<meta name=\"twitter:data1\" content=\"Verwalter5\" \/>\n\t<meta name=\"twitter:label2\" content=\"Gesch\u00e4tzte Lesezeit\" \/>\n\t<meta name=\"twitter:data2\" content=\"2\u00a0Minuten\" \/>\n<script type=\"application\/ld+json\" class=\"yoast-schema-graph\">{\"@context\":\"https:\\\/\\\/schema.org\",\"@graph\":[{\"@type\":\"Article\",\"@id\":\"https:\\\/\\\/aargauermuslime.ch\\\/de\\\/gottesdienste-in-moscheen-sind-weiterhin-mit-maximal-50-personen-moeglich\\\/#article\",\"isPartOf\":{\"@id\":\"https:\\\/\\\/aargauermuslime.ch\\\/de\\\/gottesdienste-in-moscheen-sind-weiterhin-mit-maximal-50-personen-moeglich\\\/\"},\"author\":{\"name\":\"Verwalter5\",\"@id\":\"https:\\\/\\\/aargauermuslime.ch\\\/de\\\/#\\\/schema\\\/person\\\/310e6c317a37722ccc1fb5815f4bb122\"},\"headline\":\"Gottesdienste in Moscheen sind weiterhin mit maximal 50 Personen m\u00f6glich\",\"datePublished\":\"2021-01-16T08:41:23+00:00\",\"dateModified\":\"2021-01-16T09:05:39+00:00\",\"mainEntityOfPage\":{\"@id\":\"https:\\\/\\\/aargauermuslime.ch\\\/de\\\/gottesdienste-in-moscheen-sind-weiterhin-mit-maximal-50-personen-moeglich\\\/\"},\"wordCount\":323,\"publisher\":{\"@id\":\"https:\\\/\\\/aargauermuslime.ch\\\/de\\\/#organization\"},\"image\":{\"@id\":\"https:\\\/\\\/aargauermuslime.ch\\\/de\\\/gottesdienste-in-moscheen-sind-weiterhin-mit-maximal-50-personen-moeglich\\\/#primaryimage\"},\"thumbnailUrl\":\"https:\\\/\\\/aargauermuslime.ch\\\/de\\\/wp-content\\\/uploads\\\/2020\\\/03\\\/Coronavirus_COVID-19.jpg\",\"articleSection\":[\"COVID-19-Pandemie\",\"News\"],\"inLanguage\":\"de\"},{\"@type\":\"WebPage\",\"@id\":\"https:\\\/\\\/aargauermuslime.ch\\\/de\\\/gottesdienste-in-moscheen-sind-weiterhin-mit-maximal-50-personen-moeglich\\\/\",\"url\":\"https:\\\/\\\/aargauermuslime.ch\\\/de\\\/gottesdienste-in-moscheen-sind-weiterhin-mit-maximal-50-personen-moeglich\\\/\",\"name\":\"Gottesdienste in Moscheen sind weiterhin mit maximal 50 Personen m\u00f6glich - Verband Aargauer Muslime (VAM)\",\"isPartOf\":{\"@id\":\"https:\\\/\\\/aargauermuslime.ch\\\/de\\\/#website\"},\"primaryImageOfPage\":{\"@id\":\"https:\\\/\\\/aargauermuslime.ch\\\/de\\\/gottesdienste-in-moscheen-sind-weiterhin-mit-maximal-50-personen-moeglich\\\/#primaryimage\"},\"image\":{\"@id\":\"https:\\\/\\\/aargauermuslime.ch\\\/de\\\/gottesdienste-in-moscheen-sind-weiterhin-mit-maximal-50-personen-moeglich\\\/#primaryimage\"},\"thumbnailUrl\":\"https:\\\/\\\/aargauermuslime.ch\\\/de\\\/wp-content\\\/uploads\\\/2020\\\/03\\\/Coronavirus_COVID-19.jpg\",\"datePublished\":\"2021-01-16T08:41:23+00:00\",\"dateModified\":\"2021-01-16T09:05:39+00:00\",\"breadcrumb\":{\"@id\":\"https:\\\/\\\/aargauermuslime.ch\\\/de\\\/gottesdienste-in-moscheen-sind-weiterhin-mit-maximal-50-personen-moeglich\\\/#breadcrumb\"},\"inLanguage\":\"de\",\"potentialAction\":[{\"@type\":\"ReadAction\",\"target\":[\"https:\\\/\\\/aargauermuslime.ch\\\/de\\\/gottesdienste-in-moscheen-sind-weiterhin-mit-maximal-50-personen-moeglich\\\/\"]}]},{\"@type\":\"ImageObject\",\"inLanguage\":\"de\",\"@id\":\"https:\\\/\\\/aargauermuslime.ch\\\/de\\\/gottesdienste-in-moscheen-sind-weiterhin-mit-maximal-50-personen-moeglich\\\/#primaryimage\",\"url\":\"https:\\\/\\\/aargauermuslime.ch\\\/de\\\/wp-content\\\/uploads\\\/2020\\\/03\\\/Coronavirus_COVID-19.jpg\",\"contentUrl\":\"https:\\\/\\\/aargauermuslime.ch\\\/de\\\/wp-content\\\/uploads\\\/2020\\\/03\\\/Coronavirus_COVID-19.jpg\",\"width\":1300,\"height\":732},{\"@type\":\"BreadcrumbList\",\"@id\":\"https:\\\/\\\/aargauermuslime.ch\\\/de\\\/gottesdienste-in-moscheen-sind-weiterhin-mit-maximal-50-personen-moeglich\\\/#breadcrumb\",\"itemListElement\":[{\"@type\":\"ListItem\",\"position\":1,\"name\":\"Startseite\",\"item\":\"https:\\\/\\\/aargauermuslime.ch\\\/de\\\/\"},{\"@type\":\"ListItem\",\"position\":2,\"name\":\"Gottesdienste in Moscheen sind weiterhin mit maximal 50 Personen m\u00f6glich\"}]},{\"@type\":\"WebSite\",\"@id\":\"https:\\\/\\\/aargauermuslime.ch\\\/de\\\/#website\",\"url\":\"https:\\\/\\\/aargauermuslime.ch\\\/de\\\/\",\"name\":\"Verband Aargauer Muslime (VAM)\",\"description\":\"Dachverband der muslimischen Institutionen im Aargau\",\"publisher\":{\"@id\":\"https:\\\/\\\/aargauermuslime.ch\\\/de\\\/#organization\"},\"potentialAction\":[{\"@type\":\"SearchAction\",\"target\":{\"@type\":\"EntryPoint\",\"urlTemplate\":\"https:\\\/\\\/aargauermuslime.ch\\\/de\\\/?s={search_term_string}\"},\"query-input\":{\"@type\":\"PropertyValueSpecification\",\"valueRequired\":true,\"valueName\":\"search_term_string\"}}],\"inLanguage\":\"de\"},{\"@type\":\"Organization\",\"@id\":\"https:\\\/\\\/aargauermuslime.ch\\\/de\\\/#organization\",\"name\":\"Verband Aargauer Muslime\",\"alternateName\":\"VAM\",\"url\":\"https:\\\/\\\/aargauermuslime.ch\\\/de\\\/\",\"logo\":{\"@type\":\"ImageObject\",\"inLanguage\":\"de\",\"@id\":\"https:\\\/\\\/aargauermuslime.ch\\\/de\\\/#\\\/schema\\\/logo\\\/image\\\/\",\"url\":\"https:\\\/\\\/aargauermuslime.ch\\\/de\\\/wp-content\\\/uploads\\\/2019\\\/07\\\/VAM-Logo_web.jpg\",\"contentUrl\":\"https:\\\/\\\/aargauermuslime.ch\\\/de\\\/wp-content\\\/uploads\\\/2019\\\/07\\\/VAM-Logo_web.jpg\",\"width\":800,\"height\":181,\"caption\":\"Verband Aargauer Muslime\"},\"image\":{\"@id\":\"https:\\\/\\\/aargauermuslime.ch\\\/de\\\/#\\\/schema\\\/logo\\\/image\\\/\"},\"sameAs\":[\"https:\\\/\\\/www.facebook.com\\\/groups\\\/aargauermuslime\"]},{\"@type\":\"Person\",\"@id\":\"https:\\\/\\\/aargauermuslime.ch\\\/de\\\/#\\\/schema\\\/person\\\/310e6c317a37722ccc1fb5815f4bb122\",\"name\":\"Verwalter5\",\"image\":{\"@type\":\"ImageObject\",\"inLanguage\":\"de\",\"@id\":\"https:\\\/\\\/secure.gravatar.com\\\/avatar\\\/65ee8be834871e73d854ad00dfc4031afc2b5c926eac730b926dfe8fee7021c0?s=96&d=mm&r=g\",\"url\":\"https:\\\/\\\/secure.gravatar.com\\\/avatar\\\/65ee8be834871e73d854ad00dfc4031afc2b5c926eac730b926dfe8fee7021c0?s=96&d=mm&r=g\",\"contentUrl\":\"https:\\\/\\\/secure.gravatar.com\\\/avatar\\\/65ee8be834871e73d854ad00dfc4031afc2b5c926eac730b926dfe8fee7021c0?s=96&d=mm&r=g\",\"caption\":\"Verwalter5\"}}]}<\/script>\n<!-- \/ Yoast SEO plugin. -->","yoast_head_json":{"title":"Gottesdienste in Moscheen sind weiterhin mit maximal 50 Personen m\u00f6glich - Verband Aargauer Muslime (VAM)","robots":{"index":"index","follow":"follow","max-snippet":"max-snippet:-1","max-image-preview":"max-image-preview:large","max-video-preview":"max-video-preview:-1"},"canonical":"https:\/\/aargauermuslime.ch\/de\/gottesdienste-in-moscheen-sind-weiterhin-mit-maximal-50-personen-moeglich\/","og_locale":"de_DE","og_type":"article","og_title":"Gottesdienste in Moscheen sind weiterhin mit maximal 50 Personen m\u00f6glich - Verband Aargauer Muslime (VAM)","og_description":"Wie allgemein bekannt, hat der Bundesrat am 13. Januar 2021 die COVID-19-Schutzmassnahmen verl\u00e4ngert und weiter versch\u00e4rft: Neu gilt ab Montag, 18. Januar eine Home-Office-Pflicht, L\u00e4den f\u00fcr G\u00fcter des nicht-t\u00e4glichen Bedarfs [&hellip;]","og_url":"https:\/\/aargauermuslime.ch\/de\/gottesdienste-in-moscheen-sind-weiterhin-mit-maximal-50-personen-moeglich\/","og_site_name":"Verband Aargauer Muslime (VAM)","article_publisher":"https:\/\/www.facebook.com\/groups\/aargauermuslime","article_published_time":"2021-01-16T08:41:23+00:00","article_modified_time":"2021-01-16T09:05:39+00:00","og_image":[{"width":1300,"height":732,"url":"https:\/\/aargauermuslime.ch\/de\/wp-content\/uploads\/2020\/03\/Coronavirus_COVID-19.jpg","type":"image\/jpeg"}],"author":"Verwalter5","twitter_card":"summary_large_image","twitter_misc":{"Verfasst von":"Verwalter5","Gesch\u00e4tzte Lesezeit":"2\u00a0Minuten"},"schema":{"@context":"https:\/\/schema.org","@graph":[{"@type":"Article","@id":"https:\/\/aargauermuslime.ch\/de\/gottesdienste-in-moscheen-sind-weiterhin-mit-maximal-50-personen-moeglich\/#article","isPartOf":{"@id":"https:\/\/aargauermuslime.ch\/de\/gottesdienste-in-moscheen-sind-weiterhin-mit-maximal-50-personen-moeglich\/"},"author":{"name":"Verwalter5","@id":"https:\/\/aargauermuslime.ch\/de\/#\/schema\/person\/310e6c317a37722ccc1fb5815f4bb122"},"headline":"Gottesdienste in Moscheen sind weiterhin mit maximal 50 Personen m\u00f6glich","datePublished":"2021-01-16T08:41:23+00:00","dateModified":"2021-01-16T09:05:39+00:00","mainEntityOfPage":{"@id":"https:\/\/aargauermuslime.ch\/de\/gottesdienste-in-moscheen-sind-weiterhin-mit-maximal-50-personen-moeglich\/"},"wordCount":323,"publisher":{"@id":"https:\/\/aargauermuslime.ch\/de\/#organization"},"image":{"@id":"https:\/\/aargauermuslime.ch\/de\/gottesdienste-in-moscheen-sind-weiterhin-mit-maximal-50-personen-moeglich\/#primaryimage"},"thumbnailUrl":"https:\/\/aargauermuslime.ch\/de\/wp-content\/uploads\/2020\/03\/Coronavirus_COVID-19.jpg","articleSection":["COVID-19-Pandemie","News"],"inLanguage":"de"},{"@type":"WebPage","@id":"https:\/\/aargauermuslime.ch\/de\/gottesdienste-in-moscheen-sind-weiterhin-mit-maximal-50-personen-moeglich\/","url":"https:\/\/aargauermuslime.ch\/de\/gottesdienste-in-moscheen-sind-weiterhin-mit-maximal-50-personen-moeglich\/","name":"Gottesdienste in Moscheen sind weiterhin mit maximal 50 Personen m\u00f6glich - Verband Aargauer Muslime (VAM)","isPartOf":{"@id":"https:\/\/aargauermuslime.ch\/de\/#website"},"primaryImageOfPage":{"@id":"https:\/\/aargauermuslime.ch\/de\/gottesdienste-in-moscheen-sind-weiterhin-mit-maximal-50-personen-moeglich\/#primaryimage"},"image":{"@id":"https:\/\/aargauermuslime.ch\/de\/gottesdienste-in-moscheen-sind-weiterhin-mit-maximal-50-personen-moeglich\/#primaryimage"},"thumbnailUrl":"https:\/\/aargauermuslime.ch\/de\/wp-content\/uploads\/2020\/03\/Coronavirus_COVID-19.jpg","datePublished":"2021-01-16T08:41:23+00:00","dateModified":"2021-01-16T09:05:39+00:00","breadcrumb":{"@id":"https:\/\/aargauermuslime.ch\/de\/gottesdienste-in-moscheen-sind-weiterhin-mit-maximal-50-personen-moeglich\/#breadcrumb"},"inLanguage":"de","potentialAction":[{"@type":"ReadAction","target":["https:\/\/aargauermuslime.ch\/de\/gottesdienste-in-moscheen-sind-weiterhin-mit-maximal-50-personen-moeglich\/"]}]},{"@type":"ImageObject","inLanguage":"de","@id":"https:\/\/aargauermuslime.ch\/de\/gottesdienste-in-moscheen-sind-weiterhin-mit-maximal-50-personen-moeglich\/#primaryimage","url":"https:\/\/aargauermuslime.ch\/de\/wp-content\/uploads\/2020\/03\/Coronavirus_COVID-19.jpg","contentUrl":"https:\/\/aargauermuslime.ch\/de\/wp-content\/uploads\/2020\/03\/Coronavirus_COVID-19.jpg","width":1300,"height":732},{"@type":"BreadcrumbList","@id":"https:\/\/aargauermuslime.ch\/de\/gottesdienste-in-moscheen-sind-weiterhin-mit-maximal-50-personen-moeglich\/#breadcrumb","itemListElement":[{"@type":"ListItem","position":1,"name":"Startseite","item":"https:\/\/aargauermuslime.ch\/de\/"},{"@type":"ListItem","position":2,"name":"Gottesdienste in Moscheen sind weiterhin mit maximal 50 Personen m\u00f6glich"}]},{"@type":"WebSite","@id":"https:\/\/aargauermuslime.ch\/de\/#website","url":"https:\/\/aargauermuslime.ch\/de\/","name":"Verband Aargauer Muslime (VAM)","description":"Dachverband der muslimischen Institutionen im Aargau","publisher":{"@id":"https:\/\/aargauermuslime.ch\/de\/#organization"},"potentialAction":[{"@type":"SearchAction","target":{"@type":"EntryPoint","urlTemplate":"https:\/\/aargauermuslime.ch\/de\/?s={search_term_string}"},"query-input":{"@type":"PropertyValueSpecification","valueRequired":true,"valueName":"search_term_string"}}],"inLanguage":"de"},{"@type":"Organization","@id":"https:\/\/aargauermuslime.ch\/de\/#organization","name":"Verband Aargauer Muslime","alternateName":"VAM","url":"https:\/\/aargauermuslime.ch\/de\/","logo":{"@type":"ImageObject","inLanguage":"de","@id":"https:\/\/aargauermuslime.ch\/de\/#\/schema\/logo\/image\/","url":"https:\/\/aargauermuslime.ch\/de\/wp-content\/uploads\/2019\/07\/VAM-Logo_web.jpg","contentUrl":"https:\/\/aargauermuslime.ch\/de\/wp-content\/uploads\/2019\/07\/VAM-Logo_web.jpg","width":800,"height":181,"caption":"Verband Aargauer Muslime"},"image":{"@id":"https:\/\/aargauermuslime.ch\/de\/#\/schema\/logo\/image\/"},"sameAs":["https:\/\/www.facebook.com\/groups\/aargauermuslime"]},{"@type":"Person","@id":"https:\/\/aargauermuslime.ch\/de\/#\/schema\/person\/310e6c317a37722ccc1fb5815f4bb122","name":"Verwalter5","image":{"@type":"ImageObject","inLanguage":"de","@id":"https:\/\/secure.gravatar.com\/avatar\/65ee8be834871e73d854ad00dfc4031afc2b5c926eac730b926dfe8fee7021c0?s=96&d=mm&r=g","url":"https:\/\/secure.gravatar.com\/avatar\/65ee8be834871e73d854ad00dfc4031afc2b5c926eac730b926dfe8fee7021c0?s=96&d=mm&r=g","contentUrl":"https:\/\/secure.gravatar.com\/avatar\/65ee8be834871e73d854ad00dfc4031afc2b5c926eac730b926dfe8fee7021c0?s=96&d=mm&r=g","caption":"Verwalter5"}}]}},"_links":{"self":[{"href":"https:\/\/aargauermuslime.ch\/de\/wp-json\/wp\/v2\/posts\/3039","targetHints":{"allow":["GET"]}}],"collection":[{"href":"https:\/\/aargauermuslime.ch\/de\/wp-json\/wp\/v2\/posts"}],"about":[{"href":"https:\/\/aargauermuslime.ch\/de\/wp-json\/wp\/v2\/types\/post"}],"author":[{"embeddable":true,"href":"https:\/\/aargauermuslime.ch\/de\/wp-json\/wp\/v2\/users\/4"}],"replies":[{"embeddable":true,"href":"https:\/\/aargauermuslime.ch\/de\/wp-json\/wp\/v2\/comments?post=3039"}],"version-history":[{"count":6,"href":"https:\/\/aargauermuslime.ch\/de\/wp-json\/wp\/v2\/posts\/3039\/revisions"}],"predecessor-version":[{"id":3048,"href":"https:\/\/aargauermuslime.ch\/de\/wp-json\/wp\/v2\/posts\/3039\/revisions\/3048"}],"wp:featuredmedia":[{"embeddable":true,"href":"https:\/\/aargauermuslime.ch\/de\/wp-json\/wp\/v2\/media\/2414"}],"wp:attachment":[{"href":"https:\/\/aargauermuslime.ch\/de\/wp-json\/wp\/v2\/media?parent=3039"}],"wp:term":[{"taxonomy":"category","embeddable":true,"href":"https:\/\/aargauermuslime.ch\/de\/wp-json\/wp\/v2\/categories?post=3039"},{"taxonomy":"post_tag","embeddable":true,"href":"https:\/\/aargauermuslime.ch\/de\/wp-json\/wp\/v2\/tags?post=3039"}],"curies":[{"name":"wp","href":"https:\/\/api.w.org\/{rel}","templated":true}]}}