{"id":3050,"date":"2021-03-26T23:45:30","date_gmt":"2021-03-26T21:45:30","guid":{"rendered":"https:\/\/aargauermuslime.ch\/de\/?p=3050"},"modified":"2021-06-01T12:36:51","modified_gmt":"2021-06-01T10:36:51","slug":"bund-und-kanton-unterstuetzen-vam-projekt-zur-bekaempfung-von-radikalisierung","status":"publish","type":"post","link":"https:\/\/aargauermuslime.ch\/de\/bund-und-kanton-unterstuetzen-vam-projekt-zur-bekaempfung-von-radikalisierung\/","title":{"rendered":"Bund und Kanton unterst\u00fctzen VAM-Projekt zur Bek\u00e4mpfung von Radikalisierung und Extremismus"},"content":{"rendered":"\n<p>Ende 2017 hat die Schweizer Regierung den sog.&nbsp;<a href=\"https:\/\/www.ejpd.admin.ch\/ejpd\/de\/home\/aktuell\/news\/2017\/2017-12-04.html\" target=\"_blank\" rel=\"noreferrer noopener\">Nationalen Aktionsplan zur Verhinderung und Bek\u00e4mpfung von Radikalisierung und gewaltt\u00e4tigem Extremismus<\/a>&nbsp;verabschiedet und in Kraft gesetzt. Er ist Teil der Strategie der Schweiz zur Terrorismusbek\u00e4mpfung, bei der die Pr\u00e4vention von entscheidender Bedeutung ist.&nbsp;<\/p>\n\n\n\n<p>Im Rahmen eines Impulsprogramms, das in diesem Zusammenhang ebenfalls verabschiedet wurde, haben wir vom VAM einen Projektantrag gestellt, welcher folgende Elemente umfasst:&nbsp;<\/p>\n\n\n\n<ul class=\"wp-block-list\"><li>Erstellung eines&nbsp;<strong>Kurzfilms<\/strong>, welcher Radikalisierung und Extremismus unter Jugendlichen&nbsp; thematisiert, Alternativen aufzeigt und somit die Grundlagen f\u00fcr eine vertiefte Auseinandersetzung mit der Thematik liefert.&nbsp;<\/li><li>Der Film soll an verschiedenen Orten im Rahmen eines&nbsp;<strong>Workshops<\/strong>&nbsp;gezeigt und diskutiert&nbsp; werden. Jugendliche sollen so die Gelegenheit erhalten, sich vertieft mit dem Thema auseinanderzusetzen um einerseits nicht selbst Opfer von Extremismus zu werden und Tendenzen bei Freunden, Kollegen etc. besser zu erkennen. Als Orte eignen sich insbesondere Schulen, Jugendtreffs, aber auch Moscheen, Kirchgemeinden etc.&nbsp;<\/li><li>Erstellung eines&nbsp;<strong>Fachregisters<\/strong>&nbsp;mit Vertiefungsmaterial.<\/li><\/ul>\n\n\n\n<p>Nachdem wir bereits im Juni 2020 die Finanzierungszusage vom Kanton Aargau bekommen hatten, hat schliesslich auch der Bund im Dezember 2020 seine Unterst\u00fctzung zugesagt. Seit kurzem ist unser Filmprojekt auf der <a href=\"https:\/\/www.fedpol.admin.ch\/fedpol\/de\/home\/terrorismus\/terrorismus-aktuelle-lage\/unterstuetzte-projekte.html\" target=\"_blank\" rel=\"noreferrer noopener\">Liste der unterst\u00fctzten NAP-Projekte<\/a> auf der fedpol-Webseite aufgef\u00fchrt.<\/p>\n\n\n\n<p>Anfang 2021 hat das <strong>VAM-Projektteam<\/strong>, auf den bereits geleisteten Vorarbeiten aufbauend, mit der eigentlichen Arbeit begonnen. Bis Mitte M\u00e4rz 2021 wurden bereits verschiedene m\u00f6gllche Stories erarbeitet und einem fachlichen Beirat zur Beurteilung vorgelegt. Aufgrund der zum Teil sehr detaillierten R\u00fcckmeldungen wurde ein <strong>provisorisches Drehbuch<\/strong> erstellt und nochmals in die Vernehmlassung geschickt. Ziel ist es, den Film bis Ende 2021 fertigzustellen und mit Filmvorf\u00fchrungen und Workshops Anfang 2022 zu beginnen.<\/p>\n\n\n\n<p>Dieses Projekt passt perfekt zur strategischen und ideologischen Ausrichtung des VAM, der jede Art von Gewalt und Extremismus kategorisch ablehnt. Bereits am&nbsp;<strong>12. M\u00e4rz 2005<\/strong>&nbsp;veranstaltete der VAM eine&nbsp;vielbeachtete <strong><a href=\"https:\/\/aargauermuslime.ch\/de\/bericht-friedenskundgebung-2005\/\" target=\"_blank\" rel=\"noreferrer noopener\">Friedenskundgebung<\/a>&nbsp;<\/strong>auf dem Unteren Bahnhofplatz in Baden. Dabei haben alle anwesenden Musliminnen und Muslime eine <strong><a href=\"https:\/\/aargauermuslime.ch\/de\/wp-content\/uploads\/2009\/12\/Dokumente_VAM_VAM-Flyer_Resolution.pdf\" target=\"_blank\" rel=\"noreferrer noopener\">Friedens-Resolution<\/a>&nbsp;<\/strong>unterzeichnet, in welcher Gewalt in jeglicher Form eine unmissverst\u00e4ndliche Absage erteilt und der Wille f\u00fcr ein friedliches und verst\u00e4ndnisvolles Zusammenleben aller Religionen und Kulturen bekr\u00e4ftigt wird.<\/p>\n","protected":false},"excerpt":{"rendered":"<p>Ende 2017 hat die Schweizer Regierung den sog.&nbsp;Nationalen Aktionsplan zur Verhinderung und Bek\u00e4mpfung von Radikalisierung und gewaltt\u00e4tigem Extremismus&nbsp;verabschiedet und in Kraft gesetzt. Er ist Teil der Strategie der Schweiz zur [&hellip;]<\/p>\n","protected":false},"author":4,"featured_media":3054,"comment_status":"closed","ping_status":"closed","sticky":false,"template":"","format":"standard","meta":{"_et_pb_use_builder":"","_et_pb_old_content":"","_et_gb_content_width":"","ngg_post_thumbnail":0,"footnotes":""},"categories":[3,59],"tags":[],"class_list":["post-3050","post","type-post","status-publish","format-standard","has-post-thumbnail","hentry","category-news","category-vam-filmprojekt"],"yoast_head":"<!-- This site is optimized with the Yoast SEO plugin v27.4 - https:\/\/yoast.com\/product\/yoast-seo-wordpress\/ -->\n<title>Bund und Kanton unterst\u00fctzen VAM-Projekt zur Bek\u00e4mpfung von Radikalisierung und Extremismus - Verband Aargauer Muslime (VAM)<\/title>\n<meta name=\"robots\" content=\"index, follow, max-snippet:-1, max-image-preview:large, max-video-preview:-1\" \/>\n<link rel=\"canonical\" href=\"https:\/\/aargauermuslime.ch\/de\/bund-und-kanton-unterstuetzen-vam-projekt-zur-bekaempfung-von-radikalisierung\/\" \/>\n<meta property=\"og:locale\" content=\"de_DE\" \/>\n<meta property=\"og:type\" content=\"article\" \/>\n<meta property=\"og:title\" content=\"Bund und Kanton unterst\u00fctzen VAM-Projekt zur Bek\u00e4mpfung von Radikalisierung und Extremismus - Verband Aargauer Muslime (VAM)\" \/>\n<meta property=\"og:description\" content=\"Ende 2017 hat die Schweizer Regierung den sog.&nbsp;Nationalen Aktionsplan zur Verhinderung und Bek\u00e4mpfung von Radikalisierung und gewaltt\u00e4tigem Extremismus&nbsp;verabschiedet und in Kraft gesetzt. Er ist Teil der Strategie der Schweiz zur [&hellip;]\" \/>\n<meta property=\"og:url\" content=\"https:\/\/aargauermuslime.ch\/de\/bund-und-kanton-unterstuetzen-vam-projekt-zur-bekaempfung-von-radikalisierung\/\" \/>\n<meta property=\"og:site_name\" content=\"Verband Aargauer Muslime (VAM)\" \/>\n<meta property=\"article:publisher\" content=\"https:\/\/www.facebook.com\/groups\/aargauermuslime\" \/>\n<meta property=\"article:published_time\" content=\"2021-03-26T21:45:30+00:00\" \/>\n<meta property=\"article:modified_time\" content=\"2021-06-01T10:36:51+00:00\" \/>\n<meta property=\"og:image\" content=\"https:\/\/aargauermuslime.ch\/de\/wp-content\/uploads\/2021\/03\/VAM_Friedenskundgebung.jpg\" \/>\n\t<meta property=\"og:image:width\" content=\"1600\" \/>\n\t<meta property=\"og:image:height\" content=\"1066\" \/>\n\t<meta property=\"og:image:type\" content=\"image\/jpeg\" \/>\n<meta name=\"author\" content=\"Verwalter5\" \/>\n<meta name=\"twitter:card\" content=\"summary_large_image\" \/>\n<meta name=\"twitter:label1\" content=\"Verfasst von\" \/>\n\t<meta name=\"twitter:data1\" content=\"Verwalter5\" \/>\n\t<meta name=\"twitter:label2\" content=\"Gesch\u00e4tzte Lesezeit\" \/>\n\t<meta name=\"twitter:data2\" content=\"2\u00a0Minuten\" \/>\n<script type=\"application\/ld+json\" class=\"yoast-schema-graph\">{\"@context\":\"https:\\\/\\\/schema.org\",\"@graph\":[{\"@type\":\"Article\",\"@id\":\"https:\\\/\\\/aargauermuslime.ch\\\/de\\\/bund-und-kanton-unterstuetzen-vam-projekt-zur-bekaempfung-von-radikalisierung\\\/#article\",\"isPartOf\":{\"@id\":\"https:\\\/\\\/aargauermuslime.ch\\\/de\\\/bund-und-kanton-unterstuetzen-vam-projekt-zur-bekaempfung-von-radikalisierung\\\/\"},\"author\":{\"name\":\"Verwalter5\",\"@id\":\"https:\\\/\\\/aargauermuslime.ch\\\/de\\\/#\\\/schema\\\/person\\\/310e6c317a37722ccc1fb5815f4bb122\"},\"headline\":\"Bund und Kanton unterst\u00fctzen VAM-Projekt zur Bek\u00e4mpfung von Radikalisierung und Extremismus\",\"datePublished\":\"2021-03-26T21:45:30+00:00\",\"dateModified\":\"2021-06-01T10:36:51+00:00\",\"mainEntityOfPage\":{\"@id\":\"https:\\\/\\\/aargauermuslime.ch\\\/de\\\/bund-und-kanton-unterstuetzen-vam-projekt-zur-bekaempfung-von-radikalisierung\\\/\"},\"wordCount\":367,\"publisher\":{\"@id\":\"https:\\\/\\\/aargauermuslime.ch\\\/de\\\/#organization\"},\"image\":{\"@id\":\"https:\\\/\\\/aargauermuslime.ch\\\/de\\\/bund-und-kanton-unterstuetzen-vam-projekt-zur-bekaempfung-von-radikalisierung\\\/#primaryimage\"},\"thumbnailUrl\":\"https:\\\/\\\/aargauermuslime.ch\\\/de\\\/wp-content\\\/uploads\\\/2021\\\/03\\\/VAM_Friedenskundgebung.jpg\",\"articleSection\":[\"News\",\"VAM-Filmprojekt\"],\"inLanguage\":\"de\"},{\"@type\":\"WebPage\",\"@id\":\"https:\\\/\\\/aargauermuslime.ch\\\/de\\\/bund-und-kanton-unterstuetzen-vam-projekt-zur-bekaempfung-von-radikalisierung\\\/\",\"url\":\"https:\\\/\\\/aargauermuslime.ch\\\/de\\\/bund-und-kanton-unterstuetzen-vam-projekt-zur-bekaempfung-von-radikalisierung\\\/\",\"name\":\"Bund und Kanton unterst\u00fctzen VAM-Projekt zur Bek\u00e4mpfung von Radikalisierung und Extremismus - Verband Aargauer Muslime (VAM)\",\"isPartOf\":{\"@id\":\"https:\\\/\\\/aargauermuslime.ch\\\/de\\\/#website\"},\"primaryImageOfPage\":{\"@id\":\"https:\\\/\\\/aargauermuslime.ch\\\/de\\\/bund-und-kanton-unterstuetzen-vam-projekt-zur-bekaempfung-von-radikalisierung\\\/#primaryimage\"},\"image\":{\"@id\":\"https:\\\/\\\/aargauermuslime.ch\\\/de\\\/bund-und-kanton-unterstuetzen-vam-projekt-zur-bekaempfung-von-radikalisierung\\\/#primaryimage\"},\"thumbnailUrl\":\"https:\\\/\\\/aargauermuslime.ch\\\/de\\\/wp-content\\\/uploads\\\/2021\\\/03\\\/VAM_Friedenskundgebung.jpg\",\"datePublished\":\"2021-03-26T21:45:30+00:00\",\"dateModified\":\"2021-06-01T10:36:51+00:00\",\"breadcrumb\":{\"@id\":\"https:\\\/\\\/aargauermuslime.ch\\\/de\\\/bund-und-kanton-unterstuetzen-vam-projekt-zur-bekaempfung-von-radikalisierung\\\/#breadcrumb\"},\"inLanguage\":\"de\",\"potentialAction\":[{\"@type\":\"ReadAction\",\"target\":[\"https:\\\/\\\/aargauermuslime.ch\\\/de\\\/bund-und-kanton-unterstuetzen-vam-projekt-zur-bekaempfung-von-radikalisierung\\\/\"]}]},{\"@type\":\"ImageObject\",\"inLanguage\":\"de\",\"@id\":\"https:\\\/\\\/aargauermuslime.ch\\\/de\\\/bund-und-kanton-unterstuetzen-vam-projekt-zur-bekaempfung-von-radikalisierung\\\/#primaryimage\",\"url\":\"https:\\\/\\\/aargauermuslime.ch\\\/de\\\/wp-content\\\/uploads\\\/2021\\\/03\\\/VAM_Friedenskundgebung.jpg\",\"contentUrl\":\"https:\\\/\\\/aargauermuslime.ch\\\/de\\\/wp-content\\\/uploads\\\/2021\\\/03\\\/VAM_Friedenskundgebung.jpg\",\"width\":1600,\"height\":1066},{\"@type\":\"BreadcrumbList\",\"@id\":\"https:\\\/\\\/aargauermuslime.ch\\\/de\\\/bund-und-kanton-unterstuetzen-vam-projekt-zur-bekaempfung-von-radikalisierung\\\/#breadcrumb\",\"itemListElement\":[{\"@type\":\"ListItem\",\"position\":1,\"name\":\"Startseite\",\"item\":\"https:\\\/\\\/aargauermuslime.ch\\\/de\\\/\"},{\"@type\":\"ListItem\",\"position\":2,\"name\":\"Bund und Kanton unterst\u00fctzen VAM-Projekt zur Bek\u00e4mpfung von Radikalisierung und Extremismus\"}]},{\"@type\":\"WebSite\",\"@id\":\"https:\\\/\\\/aargauermuslime.ch\\\/de\\\/#website\",\"url\":\"https:\\\/\\\/aargauermuslime.ch\\\/de\\\/\",\"name\":\"Verband Aargauer Muslime (VAM)\",\"description\":\"Dachverband der muslimischen Institutionen im Aargau\",\"publisher\":{\"@id\":\"https:\\\/\\\/aargauermuslime.ch\\\/de\\\/#organization\"},\"potentialAction\":[{\"@type\":\"SearchAction\",\"target\":{\"@type\":\"EntryPoint\",\"urlTemplate\":\"https:\\\/\\\/aargauermuslime.ch\\\/de\\\/?s={search_term_string}\"},\"query-input\":{\"@type\":\"PropertyValueSpecification\",\"valueRequired\":true,\"valueName\":\"search_term_string\"}}],\"inLanguage\":\"de\"},{\"@type\":\"Organization\",\"@id\":\"https:\\\/\\\/aargauermuslime.ch\\\/de\\\/#organization\",\"name\":\"Verband Aargauer Muslime\",\"alternateName\":\"VAM\",\"url\":\"https:\\\/\\\/aargauermuslime.ch\\\/de\\\/\",\"logo\":{\"@type\":\"ImageObject\",\"inLanguage\":\"de\",\"@id\":\"https:\\\/\\\/aargauermuslime.ch\\\/de\\\/#\\\/schema\\\/logo\\\/image\\\/\",\"url\":\"https:\\\/\\\/aargauermuslime.ch\\\/de\\\/wp-content\\\/uploads\\\/2019\\\/07\\\/VAM-Logo_web.jpg\",\"contentUrl\":\"https:\\\/\\\/aargauermuslime.ch\\\/de\\\/wp-content\\\/uploads\\\/2019\\\/07\\\/VAM-Logo_web.jpg\",\"width\":800,\"height\":181,\"caption\":\"Verband Aargauer Muslime\"},\"image\":{\"@id\":\"https:\\\/\\\/aargauermuslime.ch\\\/de\\\/#\\\/schema\\\/logo\\\/image\\\/\"},\"sameAs\":[\"https:\\\/\\\/www.facebook.com\\\/groups\\\/aargauermuslime\"]},{\"@type\":\"Person\",\"@id\":\"https:\\\/\\\/aargauermuslime.ch\\\/de\\\/#\\\/schema\\\/person\\\/310e6c317a37722ccc1fb5815f4bb122\",\"name\":\"Verwalter5\",\"image\":{\"@type\":\"ImageObject\",\"inLanguage\":\"de\",\"@id\":\"https:\\\/\\\/secure.gravatar.com\\\/avatar\\\/65ee8be834871e73d854ad00dfc4031afc2b5c926eac730b926dfe8fee7021c0?s=96&d=mm&r=g\",\"url\":\"https:\\\/\\\/secure.gravatar.com\\\/avatar\\\/65ee8be834871e73d854ad00dfc4031afc2b5c926eac730b926dfe8fee7021c0?s=96&d=mm&r=g\",\"contentUrl\":\"https:\\\/\\\/secure.gravatar.com\\\/avatar\\\/65ee8be834871e73d854ad00dfc4031afc2b5c926eac730b926dfe8fee7021c0?s=96&d=mm&r=g\",\"caption\":\"Verwalter5\"}}]}<\/script>\n<!-- \/ Yoast SEO plugin. -->","yoast_head_json":{"title":"Bund und Kanton unterst\u00fctzen VAM-Projekt zur Bek\u00e4mpfung von Radikalisierung und Extremismus - Verband Aargauer Muslime (VAM)","robots":{"index":"index","follow":"follow","max-snippet":"max-snippet:-1","max-image-preview":"max-image-preview:large","max-video-preview":"max-video-preview:-1"},"canonical":"https:\/\/aargauermuslime.ch\/de\/bund-und-kanton-unterstuetzen-vam-projekt-zur-bekaempfung-von-radikalisierung\/","og_locale":"de_DE","og_type":"article","og_title":"Bund und Kanton unterst\u00fctzen VAM-Projekt zur Bek\u00e4mpfung von Radikalisierung und Extremismus - Verband Aargauer Muslime (VAM)","og_description":"Ende 2017 hat die Schweizer Regierung den sog.&nbsp;Nationalen Aktionsplan zur Verhinderung und Bek\u00e4mpfung von Radikalisierung und gewaltt\u00e4tigem Extremismus&nbsp;verabschiedet und in Kraft gesetzt. Er ist Teil der Strategie der Schweiz zur [&hellip;]","og_url":"https:\/\/aargauermuslime.ch\/de\/bund-und-kanton-unterstuetzen-vam-projekt-zur-bekaempfung-von-radikalisierung\/","og_site_name":"Verband Aargauer Muslime (VAM)","article_publisher":"https:\/\/www.facebook.com\/groups\/aargauermuslime","article_published_time":"2021-03-26T21:45:30+00:00","article_modified_time":"2021-06-01T10:36:51+00:00","og_image":[{"width":1600,"height":1066,"url":"https:\/\/aargauermuslime.ch\/de\/wp-content\/uploads\/2021\/03\/VAM_Friedenskundgebung.jpg","type":"image\/jpeg"}],"author":"Verwalter5","twitter_card":"summary_large_image","twitter_misc":{"Verfasst von":"Verwalter5","Gesch\u00e4tzte Lesezeit":"2\u00a0Minuten"},"schema":{"@context":"https:\/\/schema.org","@graph":[{"@type":"Article","@id":"https:\/\/aargauermuslime.ch\/de\/bund-und-kanton-unterstuetzen-vam-projekt-zur-bekaempfung-von-radikalisierung\/#article","isPartOf":{"@id":"https:\/\/aargauermuslime.ch\/de\/bund-und-kanton-unterstuetzen-vam-projekt-zur-bekaempfung-von-radikalisierung\/"},"author":{"name":"Verwalter5","@id":"https:\/\/aargauermuslime.ch\/de\/#\/schema\/person\/310e6c317a37722ccc1fb5815f4bb122"},"headline":"Bund und Kanton unterst\u00fctzen VAM-Projekt zur Bek\u00e4mpfung von Radikalisierung und Extremismus","datePublished":"2021-03-26T21:45:30+00:00","dateModified":"2021-06-01T10:36:51+00:00","mainEntityOfPage":{"@id":"https:\/\/aargauermuslime.ch\/de\/bund-und-kanton-unterstuetzen-vam-projekt-zur-bekaempfung-von-radikalisierung\/"},"wordCount":367,"publisher":{"@id":"https:\/\/aargauermuslime.ch\/de\/#organization"},"image":{"@id":"https:\/\/aargauermuslime.ch\/de\/bund-und-kanton-unterstuetzen-vam-projekt-zur-bekaempfung-von-radikalisierung\/#primaryimage"},"thumbnailUrl":"https:\/\/aargauermuslime.ch\/de\/wp-content\/uploads\/2021\/03\/VAM_Friedenskundgebung.jpg","articleSection":["News","VAM-Filmprojekt"],"inLanguage":"de"},{"@type":"WebPage","@id":"https:\/\/aargauermuslime.ch\/de\/bund-und-kanton-unterstuetzen-vam-projekt-zur-bekaempfung-von-radikalisierung\/","url":"https:\/\/aargauermuslime.ch\/de\/bund-und-kanton-unterstuetzen-vam-projekt-zur-bekaempfung-von-radikalisierung\/","name":"Bund und Kanton unterst\u00fctzen VAM-Projekt zur Bek\u00e4mpfung von Radikalisierung und Extremismus - Verband Aargauer Muslime (VAM)","isPartOf":{"@id":"https:\/\/aargauermuslime.ch\/de\/#website"},"primaryImageOfPage":{"@id":"https:\/\/aargauermuslime.ch\/de\/bund-und-kanton-unterstuetzen-vam-projekt-zur-bekaempfung-von-radikalisierung\/#primaryimage"},"image":{"@id":"https:\/\/aargauermuslime.ch\/de\/bund-und-kanton-unterstuetzen-vam-projekt-zur-bekaempfung-von-radikalisierung\/#primaryimage"},"thumbnailUrl":"https:\/\/aargauermuslime.ch\/de\/wp-content\/uploads\/2021\/03\/VAM_Friedenskundgebung.jpg","datePublished":"2021-03-26T21:45:30+00:00","dateModified":"2021-06-01T10:36:51+00:00","breadcrumb":{"@id":"https:\/\/aargauermuslime.ch\/de\/bund-und-kanton-unterstuetzen-vam-projekt-zur-bekaempfung-von-radikalisierung\/#breadcrumb"},"inLanguage":"de","potentialAction":[{"@type":"ReadAction","target":["https:\/\/aargauermuslime.ch\/de\/bund-und-kanton-unterstuetzen-vam-projekt-zur-bekaempfung-von-radikalisierung\/"]}]},{"@type":"ImageObject","inLanguage":"de","@id":"https:\/\/aargauermuslime.ch\/de\/bund-und-kanton-unterstuetzen-vam-projekt-zur-bekaempfung-von-radikalisierung\/#primaryimage","url":"https:\/\/aargauermuslime.ch\/de\/wp-content\/uploads\/2021\/03\/VAM_Friedenskundgebung.jpg","contentUrl":"https:\/\/aargauermuslime.ch\/de\/wp-content\/uploads\/2021\/03\/VAM_Friedenskundgebung.jpg","width":1600,"height":1066},{"@type":"BreadcrumbList","@id":"https:\/\/aargauermuslime.ch\/de\/bund-und-kanton-unterstuetzen-vam-projekt-zur-bekaempfung-von-radikalisierung\/#breadcrumb","itemListElement":[{"@type":"ListItem","position":1,"name":"Startseite","item":"https:\/\/aargauermuslime.ch\/de\/"},{"@type":"ListItem","position":2,"name":"Bund und Kanton unterst\u00fctzen VAM-Projekt zur Bek\u00e4mpfung von Radikalisierung und Extremismus"}]},{"@type":"WebSite","@id":"https:\/\/aargauermuslime.ch\/de\/#website","url":"https:\/\/aargauermuslime.ch\/de\/","name":"Verband Aargauer Muslime (VAM)","description":"Dachverband der muslimischen Institutionen im Aargau","publisher":{"@id":"https:\/\/aargauermuslime.ch\/de\/#organization"},"potentialAction":[{"@type":"SearchAction","target":{"@type":"EntryPoint","urlTemplate":"https:\/\/aargauermuslime.ch\/de\/?s={search_term_string}"},"query-input":{"@type":"PropertyValueSpecification","valueRequired":true,"valueName":"search_term_string"}}],"inLanguage":"de"},{"@type":"Organization","@id":"https:\/\/aargauermuslime.ch\/de\/#organization","name":"Verband Aargauer Muslime","alternateName":"VAM","url":"https:\/\/aargauermuslime.ch\/de\/","logo":{"@type":"ImageObject","inLanguage":"de","@id":"https:\/\/aargauermuslime.ch\/de\/#\/schema\/logo\/image\/","url":"https:\/\/aargauermuslime.ch\/de\/wp-content\/uploads\/2019\/07\/VAM-Logo_web.jpg","contentUrl":"https:\/\/aargauermuslime.ch\/de\/wp-content\/uploads\/2019\/07\/VAM-Logo_web.jpg","width":800,"height":181,"caption":"Verband Aargauer Muslime"},"image":{"@id":"https:\/\/aargauermuslime.ch\/de\/#\/schema\/logo\/image\/"},"sameAs":["https:\/\/www.facebook.com\/groups\/aargauermuslime"]},{"@type":"Person","@id":"https:\/\/aargauermuslime.ch\/de\/#\/schema\/person\/310e6c317a37722ccc1fb5815f4bb122","name":"Verwalter5","image":{"@type":"ImageObject","inLanguage":"de","@id":"https:\/\/secure.gravatar.com\/avatar\/65ee8be834871e73d854ad00dfc4031afc2b5c926eac730b926dfe8fee7021c0?s=96&d=mm&r=g","url":"https:\/\/secure.gravatar.com\/avatar\/65ee8be834871e73d854ad00dfc4031afc2b5c926eac730b926dfe8fee7021c0?s=96&d=mm&r=g","contentUrl":"https:\/\/secure.gravatar.com\/avatar\/65ee8be834871e73d854ad00dfc4031afc2b5c926eac730b926dfe8fee7021c0?s=96&d=mm&r=g","caption":"Verwalter5"}}]}},"_links":{"self":[{"href":"https:\/\/aargauermuslime.ch\/de\/wp-json\/wp\/v2\/posts\/3050","targetHints":{"allow":["GET"]}}],"collection":[{"href":"https:\/\/aargauermuslime.ch\/de\/wp-json\/wp\/v2\/posts"}],"about":[{"href":"https:\/\/aargauermuslime.ch\/de\/wp-json\/wp\/v2\/types\/post"}],"author":[{"embeddable":true,"href":"https:\/\/aargauermuslime.ch\/de\/wp-json\/wp\/v2\/users\/4"}],"replies":[{"embeddable":true,"href":"https:\/\/aargauermuslime.ch\/de\/wp-json\/wp\/v2\/comments?post=3050"}],"version-history":[{"count":6,"href":"https:\/\/aargauermuslime.ch\/de\/wp-json\/wp\/v2\/posts\/3050\/revisions"}],"predecessor-version":[{"id":3144,"href":"https:\/\/aargauermuslime.ch\/de\/wp-json\/wp\/v2\/posts\/3050\/revisions\/3144"}],"wp:featuredmedia":[{"embeddable":true,"href":"https:\/\/aargauermuslime.ch\/de\/wp-json\/wp\/v2\/media\/3054"}],"wp:attachment":[{"href":"https:\/\/aargauermuslime.ch\/de\/wp-json\/wp\/v2\/media?parent=3050"}],"wp:term":[{"taxonomy":"category","embeddable":true,"href":"https:\/\/aargauermuslime.ch\/de\/wp-json\/wp\/v2\/categories?post=3050"},{"taxonomy":"post_tag","embeddable":true,"href":"https:\/\/aargauermuslime.ch\/de\/wp-json\/wp\/v2\/tags?post=3050"}],"curies":[{"name":"wp","href":"https:\/\/api.w.org\/{rel}","templated":true}]}}