{"id":3113,"date":"2021-05-29T22:37:11","date_gmt":"2021-05-29T20:37:11","guid":{"rendered":"https:\/\/aargauermuslime.ch\/de\/?p=3113"},"modified":"2021-05-30T16:08:34","modified_gmt":"2021-05-30T14:08:34","slug":"neue-covid-19-lockerungen-betreffen-auch-moscheen-im-aargau","status":"publish","type":"post","link":"https:\/\/aargauermuslime.ch\/de\/neue-covid-19-lockerungen-betreffen-auch-moscheen-im-aargau\/","title":{"rendered":"Neue COVID-19-Lockerungen betreffen auch Moscheen im Aargau"},"content":{"rendered":"\n<p>Am 26. Mai 2021 gab der Bundesrat <a href=\"https:\/\/www.admin.ch\/gov\/de\/start\/dokumentation\/medienmitteilungen\/bundesrat.msg-id-83697.html\" target=\"_blank\" rel=\"noreferrer noopener\">weitere \u00d6ffnungsschritte<\/a>, die am Montag, den 31. Mai 2021 in Kraft treten, bekannt. Neu k\u00f6nnen nun wieder bis zu 100 Personen an Gottesdiensten teilnehmen. Wir haben unser Schutzkonzept entsprechend angepasst. Es kann <a href=\"https:\/\/aargauermuslime.ch\/de\/wp-content\/uploads\/2021\/05\/COVID-19-Schutzkonzept_Moscheen_Aargau_2021-05-29.pdf\" target=\"_blank\" rel=\"noreferrer noopener\">hier<\/a> heruntergeladen werden.<\/p>\n\n\n\n<p>Zusammengefasst gilt somit:<\/p>\n\n\n\n<blockquote class=\"wp-block-quote is-layout-flow wp-block-quote-is-layout-flow\"><p>1. Die\u00a0<strong>Maskenpflicht<\/strong>\u00a0gilt im Aussenbereich und in allen R\u00e4umlichkeiten der Moscheen.<\/p><p>2. Die\u00a0<strong>Registrierungspflicht<\/strong>\u00a0der Besucher gilt nicht nur f\u00fcr das Freitagsgebet, sondern auch f\u00fcr alle anderen t\u00e4glichen Gebete.<\/p><p>3. <strong>Abstand ist einzuhalten<\/strong>, insbesondere bei den Gebeten. Es ist <strong>mindestens <\/strong>ein Gebetsplatz zwischen den Teilnehmerinnen und Teilnehmern leer zu lassen. Eine schachbrettartige Anordnung der Gebetspl\u00e4tze wird empfohlen.<\/p><p>4. Es d\u00fcrfen sich\u00a0<strong>maximal 100 Personen<\/strong>\u00a0in der Moschee, resp. pro Raum aufhalten. Letzteres aber nur, falls die R\u00e4ume <strong>VOLLST\u00c4NDIG <\/strong>voneinander getrennt sind und \u00fcber separate Ein- und Ausg\u00e4nge verf\u00fcgen. Dies gilt insbesondere auch f\u00fcr die\u00a0<strong>Freitags- und Festgebete<\/strong>.<\/p><p>5. <strong>Religionsunterricht<\/strong> mit maximal 50 Teilnehmern pro Raum darf durchgef\u00fchrt werden. Dabei muss das Schutzkonzept strikte eingehalten werden (Abstand, Maske, v\u00f6llig getrennte R\u00e4ume wie oben beschrieben).<\/p><p>6. <strong>Kulturelle Veranstaltungen<\/strong> sind mit bis zu 50 Personen erlaubt. Dazu geh\u00f6ren z.B. Moscheef\u00fchrungen oder Treffen von Vereinsmitgliedern.<\/p><p>7. <strong>Vereinslokale<\/strong> d\u00fcrfen neu sowohl im Innen- als auch im Aussenbereich wieder G\u00e4ste bewirten. Innen d\u00fcrfen maximal 4 Personen und im Aussenbereich maximal 6 Personen pro Tisch sitzen. Die Masken d\u00fcrfen am Tisch abgelegt werden.<\/p><p>8. Bei\u00a0<strong>Missachtung<\/strong>\u00a0obiger Regeln drohen Bussen und Moscheeschliessungen.<\/p><\/blockquote>\n\n\n\n<h3 class=\"wp-block-heading\" id=\"block-c315246d-99f1-4b82-a1e8-479ce6cf01cb\">Weiterhin gilt: Allgemeine Hygieneregeln einhalten!<\/h3>\n\n\n\n<p id=\"block-c0bf5880-0cdf-482c-a57b-20bb528c3c7d\">Diese k\u00f6nnen auf der Seite des Bundes unter&nbsp;<a rel=\"noreferrer noopener\" href=\"https:\/\/www.bag.admin.ch\/bag\/de\/home\/krankheiten\/ausbrueche-epidemien-pandemien\/aktuelle-ausbrueche-epidemien\/novel-cov\/so-schuetzen-wir-uns.html\" target=\"_blank\">Verhaltensregeln des Bundesamtes f\u00fcr Gesundheit<\/a>&nbsp;(BAG) nachgelesen werden.<\/p>\n","protected":false},"excerpt":{"rendered":"<p>Am 26. Mai 2021 gab der Bundesrat weitere \u00d6ffnungsschritte, die am Montag, den 31. Mai 2021 in Kraft treten, bekannt. Neu k\u00f6nnen nun wieder bis zu 100 Personen an Gottesdiensten [&hellip;]<\/p>\n","protected":false},"author":4,"featured_media":3115,"comment_status":"closed","ping_status":"closed","sticky":false,"template":"","format":"standard","meta":{"_et_pb_use_builder":"","_et_pb_old_content":"","_et_gb_content_width":"","ngg_post_thumbnail":0,"footnotes":""},"categories":[57,3],"tags":[],"class_list":["post-3113","post","type-post","status-publish","format-standard","has-post-thumbnail","hentry","category-covid-19-pandemie","category-news"],"yoast_head":"<!-- This site is optimized with the Yoast SEO plugin v27.4 - https:\/\/yoast.com\/product\/yoast-seo-wordpress\/ -->\n<title>Neue COVID-19-Lockerungen betreffen auch Moscheen im Aargau - Verband Aargauer Muslime (VAM)<\/title>\n<meta name=\"robots\" content=\"index, follow, max-snippet:-1, max-image-preview:large, max-video-preview:-1\" \/>\n<link rel=\"canonical\" href=\"https:\/\/aargauermuslime.ch\/de\/neue-covid-19-lockerungen-betreffen-auch-moscheen-im-aargau\/\" \/>\n<meta property=\"og:locale\" content=\"de_DE\" \/>\n<meta property=\"og:type\" content=\"article\" \/>\n<meta property=\"og:title\" content=\"Neue COVID-19-Lockerungen betreffen auch Moscheen im Aargau - Verband Aargauer Muslime (VAM)\" \/>\n<meta property=\"og:description\" content=\"Am 26. Mai 2021 gab der Bundesrat weitere \u00d6ffnungsschritte, die am Montag, den 31. Mai 2021 in Kraft treten, bekannt. Neu k\u00f6nnen nun wieder bis zu 100 Personen an Gottesdiensten [&hellip;]\" \/>\n<meta property=\"og:url\" content=\"https:\/\/aargauermuslime.ch\/de\/neue-covid-19-lockerungen-betreffen-auch-moscheen-im-aargau\/\" \/>\n<meta property=\"og:site_name\" content=\"Verband Aargauer Muslime (VAM)\" \/>\n<meta property=\"article:publisher\" content=\"https:\/\/www.facebook.com\/groups\/aargauermuslime\" \/>\n<meta property=\"article:published_time\" content=\"2021-05-29T20:37:11+00:00\" \/>\n<meta property=\"article:modified_time\" content=\"2021-05-30T14:08:34+00:00\" \/>\n<meta property=\"og:image\" content=\"https:\/\/aargauermuslime.ch\/de\/wp-content\/uploads\/2021\/05\/COVID-19-Schutzkonzept_Moscheen_Aargau_2021-05-29.jpg\" \/>\n\t<meta property=\"og:image:width\" content=\"1040\" \/>\n\t<meta property=\"og:image:height\" content=\"720\" \/>\n\t<meta property=\"og:image:type\" content=\"image\/jpeg\" \/>\n<meta name=\"author\" content=\"Verwalter5\" \/>\n<meta name=\"twitter:card\" content=\"summary_large_image\" \/>\n<meta name=\"twitter:label1\" content=\"Verfasst von\" \/>\n\t<meta name=\"twitter:data1\" content=\"Verwalter5\" \/>\n\t<meta name=\"twitter:label2\" content=\"Gesch\u00e4tzte Lesezeit\" \/>\n\t<meta name=\"twitter:data2\" content=\"2\u00a0Minuten\" \/>\n<script type=\"application\/ld+json\" class=\"yoast-schema-graph\">{\"@context\":\"https:\\\/\\\/schema.org\",\"@graph\":[{\"@type\":\"Article\",\"@id\":\"https:\\\/\\\/aargauermuslime.ch\\\/de\\\/neue-covid-19-lockerungen-betreffen-auch-moscheen-im-aargau\\\/#article\",\"isPartOf\":{\"@id\":\"https:\\\/\\\/aargauermuslime.ch\\\/de\\\/neue-covid-19-lockerungen-betreffen-auch-moscheen-im-aargau\\\/\"},\"author\":{\"name\":\"Verwalter5\",\"@id\":\"https:\\\/\\\/aargauermuslime.ch\\\/de\\\/#\\\/schema\\\/person\\\/310e6c317a37722ccc1fb5815f4bb122\"},\"headline\":\"Neue COVID-19-Lockerungen betreffen auch Moscheen im Aargau\",\"datePublished\":\"2021-05-29T20:37:11+00:00\",\"dateModified\":\"2021-05-30T14:08:34+00:00\",\"mainEntityOfPage\":{\"@id\":\"https:\\\/\\\/aargauermuslime.ch\\\/de\\\/neue-covid-19-lockerungen-betreffen-auch-moscheen-im-aargau\\\/\"},\"wordCount\":268,\"publisher\":{\"@id\":\"https:\\\/\\\/aargauermuslime.ch\\\/de\\\/#organization\"},\"image\":{\"@id\":\"https:\\\/\\\/aargauermuslime.ch\\\/de\\\/neue-covid-19-lockerungen-betreffen-auch-moscheen-im-aargau\\\/#primaryimage\"},\"thumbnailUrl\":\"https:\\\/\\\/aargauermuslime.ch\\\/de\\\/wp-content\\\/uploads\\\/2021\\\/05\\\/COVID-19-Schutzkonzept_Moscheen_Aargau_2021-05-29.jpg\",\"articleSection\":[\"COVID-19-Pandemie\",\"News\"],\"inLanguage\":\"de\"},{\"@type\":\"WebPage\",\"@id\":\"https:\\\/\\\/aargauermuslime.ch\\\/de\\\/neue-covid-19-lockerungen-betreffen-auch-moscheen-im-aargau\\\/\",\"url\":\"https:\\\/\\\/aargauermuslime.ch\\\/de\\\/neue-covid-19-lockerungen-betreffen-auch-moscheen-im-aargau\\\/\",\"name\":\"Neue COVID-19-Lockerungen betreffen auch Moscheen im Aargau - Verband Aargauer Muslime (VAM)\",\"isPartOf\":{\"@id\":\"https:\\\/\\\/aargauermuslime.ch\\\/de\\\/#website\"},\"primaryImageOfPage\":{\"@id\":\"https:\\\/\\\/aargauermuslime.ch\\\/de\\\/neue-covid-19-lockerungen-betreffen-auch-moscheen-im-aargau\\\/#primaryimage\"},\"image\":{\"@id\":\"https:\\\/\\\/aargauermuslime.ch\\\/de\\\/neue-covid-19-lockerungen-betreffen-auch-moscheen-im-aargau\\\/#primaryimage\"},\"thumbnailUrl\":\"https:\\\/\\\/aargauermuslime.ch\\\/de\\\/wp-content\\\/uploads\\\/2021\\\/05\\\/COVID-19-Schutzkonzept_Moscheen_Aargau_2021-05-29.jpg\",\"datePublished\":\"2021-05-29T20:37:11+00:00\",\"dateModified\":\"2021-05-30T14:08:34+00:00\",\"breadcrumb\":{\"@id\":\"https:\\\/\\\/aargauermuslime.ch\\\/de\\\/neue-covid-19-lockerungen-betreffen-auch-moscheen-im-aargau\\\/#breadcrumb\"},\"inLanguage\":\"de\",\"potentialAction\":[{\"@type\":\"ReadAction\",\"target\":[\"https:\\\/\\\/aargauermuslime.ch\\\/de\\\/neue-covid-19-lockerungen-betreffen-auch-moscheen-im-aargau\\\/\"]}]},{\"@type\":\"ImageObject\",\"inLanguage\":\"de\",\"@id\":\"https:\\\/\\\/aargauermuslime.ch\\\/de\\\/neue-covid-19-lockerungen-betreffen-auch-moscheen-im-aargau\\\/#primaryimage\",\"url\":\"https:\\\/\\\/aargauermuslime.ch\\\/de\\\/wp-content\\\/uploads\\\/2021\\\/05\\\/COVID-19-Schutzkonzept_Moscheen_Aargau_2021-05-29.jpg\",\"contentUrl\":\"https:\\\/\\\/aargauermuslime.ch\\\/de\\\/wp-content\\\/uploads\\\/2021\\\/05\\\/COVID-19-Schutzkonzept_Moscheen_Aargau_2021-05-29.jpg\",\"width\":1040,\"height\":720},{\"@type\":\"BreadcrumbList\",\"@id\":\"https:\\\/\\\/aargauermuslime.ch\\\/de\\\/neue-covid-19-lockerungen-betreffen-auch-moscheen-im-aargau\\\/#breadcrumb\",\"itemListElement\":[{\"@type\":\"ListItem\",\"position\":1,\"name\":\"Startseite\",\"item\":\"https:\\\/\\\/aargauermuslime.ch\\\/de\\\/\"},{\"@type\":\"ListItem\",\"position\":2,\"name\":\"Neue COVID-19-Lockerungen betreffen auch Moscheen im Aargau\"}]},{\"@type\":\"WebSite\",\"@id\":\"https:\\\/\\\/aargauermuslime.ch\\\/de\\\/#website\",\"url\":\"https:\\\/\\\/aargauermuslime.ch\\\/de\\\/\",\"name\":\"Verband Aargauer Muslime (VAM)\",\"description\":\"Dachverband der muslimischen Institutionen im Aargau\",\"publisher\":{\"@id\":\"https:\\\/\\\/aargauermuslime.ch\\\/de\\\/#organization\"},\"potentialAction\":[{\"@type\":\"SearchAction\",\"target\":{\"@type\":\"EntryPoint\",\"urlTemplate\":\"https:\\\/\\\/aargauermuslime.ch\\\/de\\\/?s={search_term_string}\"},\"query-input\":{\"@type\":\"PropertyValueSpecification\",\"valueRequired\":true,\"valueName\":\"search_term_string\"}}],\"inLanguage\":\"de\"},{\"@type\":\"Organization\",\"@id\":\"https:\\\/\\\/aargauermuslime.ch\\\/de\\\/#organization\",\"name\":\"Verband Aargauer Muslime\",\"alternateName\":\"VAM\",\"url\":\"https:\\\/\\\/aargauermuslime.ch\\\/de\\\/\",\"logo\":{\"@type\":\"ImageObject\",\"inLanguage\":\"de\",\"@id\":\"https:\\\/\\\/aargauermuslime.ch\\\/de\\\/#\\\/schema\\\/logo\\\/image\\\/\",\"url\":\"https:\\\/\\\/aargauermuslime.ch\\\/de\\\/wp-content\\\/uploads\\\/2019\\\/07\\\/VAM-Logo_web.jpg\",\"contentUrl\":\"https:\\\/\\\/aargauermuslime.ch\\\/de\\\/wp-content\\\/uploads\\\/2019\\\/07\\\/VAM-Logo_web.jpg\",\"width\":800,\"height\":181,\"caption\":\"Verband Aargauer Muslime\"},\"image\":{\"@id\":\"https:\\\/\\\/aargauermuslime.ch\\\/de\\\/#\\\/schema\\\/logo\\\/image\\\/\"},\"sameAs\":[\"https:\\\/\\\/www.facebook.com\\\/groups\\\/aargauermuslime\"]},{\"@type\":\"Person\",\"@id\":\"https:\\\/\\\/aargauermuslime.ch\\\/de\\\/#\\\/schema\\\/person\\\/310e6c317a37722ccc1fb5815f4bb122\",\"name\":\"Verwalter5\",\"image\":{\"@type\":\"ImageObject\",\"inLanguage\":\"de\",\"@id\":\"https:\\\/\\\/secure.gravatar.com\\\/avatar\\\/65ee8be834871e73d854ad00dfc4031afc2b5c926eac730b926dfe8fee7021c0?s=96&d=mm&r=g\",\"url\":\"https:\\\/\\\/secure.gravatar.com\\\/avatar\\\/65ee8be834871e73d854ad00dfc4031afc2b5c926eac730b926dfe8fee7021c0?s=96&d=mm&r=g\",\"contentUrl\":\"https:\\\/\\\/secure.gravatar.com\\\/avatar\\\/65ee8be834871e73d854ad00dfc4031afc2b5c926eac730b926dfe8fee7021c0?s=96&d=mm&r=g\",\"caption\":\"Verwalter5\"}}]}<\/script>\n<!-- \/ Yoast SEO plugin. -->","yoast_head_json":{"title":"Neue COVID-19-Lockerungen betreffen auch Moscheen im Aargau - Verband Aargauer Muslime (VAM)","robots":{"index":"index","follow":"follow","max-snippet":"max-snippet:-1","max-image-preview":"max-image-preview:large","max-video-preview":"max-video-preview:-1"},"canonical":"https:\/\/aargauermuslime.ch\/de\/neue-covid-19-lockerungen-betreffen-auch-moscheen-im-aargau\/","og_locale":"de_DE","og_type":"article","og_title":"Neue COVID-19-Lockerungen betreffen auch Moscheen im Aargau - Verband Aargauer Muslime (VAM)","og_description":"Am 26. Mai 2021 gab der Bundesrat weitere \u00d6ffnungsschritte, die am Montag, den 31. Mai 2021 in Kraft treten, bekannt. Neu k\u00f6nnen nun wieder bis zu 100 Personen an Gottesdiensten [&hellip;]","og_url":"https:\/\/aargauermuslime.ch\/de\/neue-covid-19-lockerungen-betreffen-auch-moscheen-im-aargau\/","og_site_name":"Verband Aargauer Muslime (VAM)","article_publisher":"https:\/\/www.facebook.com\/groups\/aargauermuslime","article_published_time":"2021-05-29T20:37:11+00:00","article_modified_time":"2021-05-30T14:08:34+00:00","og_image":[{"width":1040,"height":720,"url":"https:\/\/aargauermuslime.ch\/de\/wp-content\/uploads\/2021\/05\/COVID-19-Schutzkonzept_Moscheen_Aargau_2021-05-29.jpg","type":"image\/jpeg"}],"author":"Verwalter5","twitter_card":"summary_large_image","twitter_misc":{"Verfasst von":"Verwalter5","Gesch\u00e4tzte Lesezeit":"2\u00a0Minuten"},"schema":{"@context":"https:\/\/schema.org","@graph":[{"@type":"Article","@id":"https:\/\/aargauermuslime.ch\/de\/neue-covid-19-lockerungen-betreffen-auch-moscheen-im-aargau\/#article","isPartOf":{"@id":"https:\/\/aargauermuslime.ch\/de\/neue-covid-19-lockerungen-betreffen-auch-moscheen-im-aargau\/"},"author":{"name":"Verwalter5","@id":"https:\/\/aargauermuslime.ch\/de\/#\/schema\/person\/310e6c317a37722ccc1fb5815f4bb122"},"headline":"Neue COVID-19-Lockerungen betreffen auch Moscheen im Aargau","datePublished":"2021-05-29T20:37:11+00:00","dateModified":"2021-05-30T14:08:34+00:00","mainEntityOfPage":{"@id":"https:\/\/aargauermuslime.ch\/de\/neue-covid-19-lockerungen-betreffen-auch-moscheen-im-aargau\/"},"wordCount":268,"publisher":{"@id":"https:\/\/aargauermuslime.ch\/de\/#organization"},"image":{"@id":"https:\/\/aargauermuslime.ch\/de\/neue-covid-19-lockerungen-betreffen-auch-moscheen-im-aargau\/#primaryimage"},"thumbnailUrl":"https:\/\/aargauermuslime.ch\/de\/wp-content\/uploads\/2021\/05\/COVID-19-Schutzkonzept_Moscheen_Aargau_2021-05-29.jpg","articleSection":["COVID-19-Pandemie","News"],"inLanguage":"de"},{"@type":"WebPage","@id":"https:\/\/aargauermuslime.ch\/de\/neue-covid-19-lockerungen-betreffen-auch-moscheen-im-aargau\/","url":"https:\/\/aargauermuslime.ch\/de\/neue-covid-19-lockerungen-betreffen-auch-moscheen-im-aargau\/","name":"Neue COVID-19-Lockerungen betreffen auch Moscheen im Aargau - Verband Aargauer Muslime (VAM)","isPartOf":{"@id":"https:\/\/aargauermuslime.ch\/de\/#website"},"primaryImageOfPage":{"@id":"https:\/\/aargauermuslime.ch\/de\/neue-covid-19-lockerungen-betreffen-auch-moscheen-im-aargau\/#primaryimage"},"image":{"@id":"https:\/\/aargauermuslime.ch\/de\/neue-covid-19-lockerungen-betreffen-auch-moscheen-im-aargau\/#primaryimage"},"thumbnailUrl":"https:\/\/aargauermuslime.ch\/de\/wp-content\/uploads\/2021\/05\/COVID-19-Schutzkonzept_Moscheen_Aargau_2021-05-29.jpg","datePublished":"2021-05-29T20:37:11+00:00","dateModified":"2021-05-30T14:08:34+00:00","breadcrumb":{"@id":"https:\/\/aargauermuslime.ch\/de\/neue-covid-19-lockerungen-betreffen-auch-moscheen-im-aargau\/#breadcrumb"},"inLanguage":"de","potentialAction":[{"@type":"ReadAction","target":["https:\/\/aargauermuslime.ch\/de\/neue-covid-19-lockerungen-betreffen-auch-moscheen-im-aargau\/"]}]},{"@type":"ImageObject","inLanguage":"de","@id":"https:\/\/aargauermuslime.ch\/de\/neue-covid-19-lockerungen-betreffen-auch-moscheen-im-aargau\/#primaryimage","url":"https:\/\/aargauermuslime.ch\/de\/wp-content\/uploads\/2021\/05\/COVID-19-Schutzkonzept_Moscheen_Aargau_2021-05-29.jpg","contentUrl":"https:\/\/aargauermuslime.ch\/de\/wp-content\/uploads\/2021\/05\/COVID-19-Schutzkonzept_Moscheen_Aargau_2021-05-29.jpg","width":1040,"height":720},{"@type":"BreadcrumbList","@id":"https:\/\/aargauermuslime.ch\/de\/neue-covid-19-lockerungen-betreffen-auch-moscheen-im-aargau\/#breadcrumb","itemListElement":[{"@type":"ListItem","position":1,"name":"Startseite","item":"https:\/\/aargauermuslime.ch\/de\/"},{"@type":"ListItem","position":2,"name":"Neue COVID-19-Lockerungen betreffen auch Moscheen im Aargau"}]},{"@type":"WebSite","@id":"https:\/\/aargauermuslime.ch\/de\/#website","url":"https:\/\/aargauermuslime.ch\/de\/","name":"Verband Aargauer Muslime (VAM)","description":"Dachverband der muslimischen Institutionen im Aargau","publisher":{"@id":"https:\/\/aargauermuslime.ch\/de\/#organization"},"potentialAction":[{"@type":"SearchAction","target":{"@type":"EntryPoint","urlTemplate":"https:\/\/aargauermuslime.ch\/de\/?s={search_term_string}"},"query-input":{"@type":"PropertyValueSpecification","valueRequired":true,"valueName":"search_term_string"}}],"inLanguage":"de"},{"@type":"Organization","@id":"https:\/\/aargauermuslime.ch\/de\/#organization","name":"Verband Aargauer Muslime","alternateName":"VAM","url":"https:\/\/aargauermuslime.ch\/de\/","logo":{"@type":"ImageObject","inLanguage":"de","@id":"https:\/\/aargauermuslime.ch\/de\/#\/schema\/logo\/image\/","url":"https:\/\/aargauermuslime.ch\/de\/wp-content\/uploads\/2019\/07\/VAM-Logo_web.jpg","contentUrl":"https:\/\/aargauermuslime.ch\/de\/wp-content\/uploads\/2019\/07\/VAM-Logo_web.jpg","width":800,"height":181,"caption":"Verband Aargauer Muslime"},"image":{"@id":"https:\/\/aargauermuslime.ch\/de\/#\/schema\/logo\/image\/"},"sameAs":["https:\/\/www.facebook.com\/groups\/aargauermuslime"]},{"@type":"Person","@id":"https:\/\/aargauermuslime.ch\/de\/#\/schema\/person\/310e6c317a37722ccc1fb5815f4bb122","name":"Verwalter5","image":{"@type":"ImageObject","inLanguage":"de","@id":"https:\/\/secure.gravatar.com\/avatar\/65ee8be834871e73d854ad00dfc4031afc2b5c926eac730b926dfe8fee7021c0?s=96&d=mm&r=g","url":"https:\/\/secure.gravatar.com\/avatar\/65ee8be834871e73d854ad00dfc4031afc2b5c926eac730b926dfe8fee7021c0?s=96&d=mm&r=g","contentUrl":"https:\/\/secure.gravatar.com\/avatar\/65ee8be834871e73d854ad00dfc4031afc2b5c926eac730b926dfe8fee7021c0?s=96&d=mm&r=g","caption":"Verwalter5"}}]}},"_links":{"self":[{"href":"https:\/\/aargauermuslime.ch\/de\/wp-json\/wp\/v2\/posts\/3113","targetHints":{"allow":["GET"]}}],"collection":[{"href":"https:\/\/aargauermuslime.ch\/de\/wp-json\/wp\/v2\/posts"}],"about":[{"href":"https:\/\/aargauermuslime.ch\/de\/wp-json\/wp\/v2\/types\/post"}],"author":[{"embeddable":true,"href":"https:\/\/aargauermuslime.ch\/de\/wp-json\/wp\/v2\/users\/4"}],"replies":[{"embeddable":true,"href":"https:\/\/aargauermuslime.ch\/de\/wp-json\/wp\/v2\/comments?post=3113"}],"version-history":[{"count":3,"href":"https:\/\/aargauermuslime.ch\/de\/wp-json\/wp\/v2\/posts\/3113\/revisions"}],"predecessor-version":[{"id":3121,"href":"https:\/\/aargauermuslime.ch\/de\/wp-json\/wp\/v2\/posts\/3113\/revisions\/3121"}],"wp:featuredmedia":[{"embeddable":true,"href":"https:\/\/aargauermuslime.ch\/de\/wp-json\/wp\/v2\/media\/3115"}],"wp:attachment":[{"href":"https:\/\/aargauermuslime.ch\/de\/wp-json\/wp\/v2\/media?parent=3113"}],"wp:term":[{"taxonomy":"category","embeddable":true,"href":"https:\/\/aargauermuslime.ch\/de\/wp-json\/wp\/v2\/categories?post=3113"},{"taxonomy":"post_tag","embeddable":true,"href":"https:\/\/aargauermuslime.ch\/de\/wp-json\/wp\/v2\/tags?post=3113"}],"curies":[{"name":"wp","href":"https:\/\/api.w.org\/{rel}","templated":true}]}}