{"id":3252,"date":"2021-08-18T20:36:23","date_gmt":"2021-08-18T18:36:23","guid":{"rendered":"https:\/\/aargauermuslime.ch\/de\/?p=3252"},"modified":"2021-08-18T20:39:04","modified_gmt":"2021-08-18T18:39:04","slug":"ein-filmportrait-die-unbenannten","status":"publish","type":"post","link":"https:\/\/aargauermuslime.ch\/de\/ein-filmportrait-die-unbenannten\/","title":{"rendered":"Ein Filmportrait: \u00abDie (Un)benannten\u00bb"},"content":{"rendered":"\n<p>Im Film \u00abDie (Un)benannten\u00bb werden die Musliminnen Yasemin Duran aus dem Aargau und Fatime Aljija aus Luzern, welche beide ein Kopftuch tragen, portr\u00e4tiert. <\/p>\n\n\n\n<p>Lea Bloch, die an der Universit\u00e4t Z\u00fcrich Kommunikationswissenschaften und Religionswissenschaften studiert hat, hat diesen Film im Rahmen des Projektes \u00ab<a href=\"https:\/\/www.religion.ch\/\" target=\"_blank\" rel=\"noreferrer noopener\">religion.ch<\/a>\u00bb von IRAS COTIS (Interreligi\u00f6se Arbeitsgemeinschaft in der Schweiz) realisiert. Durch das Portraitieren der beiden Frauen versucht sie, ihnen ihre entzogene Individualit\u00e4t gewissermassen zur\u00fcckzugeben.<\/p>\n\n\n\n<p>Lesen Sie <a href=\"https:\/\/www.religion.ch\/blog\/die-unbenannten\/\" target=\"_blank\" rel=\"noreferrer noopener\">hier<\/a> den <strong>Kommentar <\/strong>von Lea Bloch. Der Film selbst kann <a href=\"https:\/\/www.youtube.com\/watch?v=Wiy0B4_c8zA\" target=\"_blank\" rel=\"noreferrer noopener\">hier<\/a> auf <strong>Youtube <\/strong>angesehen werden.<\/p>\n","protected":false},"excerpt":{"rendered":"<p>Im Film \u00abDie (Un)benannten\u00bb werden die Musliminnen Yasemin Duran aus dem Aargau und Fatime Aljija aus Luzern, welche beide ein Kopftuch tragen, portr\u00e4tiert. Lea Bloch, die an der Universit\u00e4t Z\u00fcrich [&hellip;]<\/p>\n","protected":false},"author":4,"featured_media":3253,"comment_status":"closed","ping_status":"closed","sticky":false,"template":"","format":"standard","meta":{"_et_pb_use_builder":"","_et_pb_old_content":"","_et_gb_content_width":"","ngg_post_thumbnail":0,"footnotes":""},"categories":[3,8],"tags":[],"class_list":["post-3252","post","type-post","status-publish","format-standard","has-post-thumbnail","hentry","category-news","category-pinocchio"],"yoast_head":"<!-- This site is optimized with the Yoast SEO plugin v27.4 - https:\/\/yoast.com\/product\/yoast-seo-wordpress\/ -->\n<title>Ein Filmportrait: \u00abDie (Un)benannten\u00bb - Verband Aargauer Muslime (VAM)<\/title>\n<meta name=\"robots\" content=\"index, follow, max-snippet:-1, max-image-preview:large, max-video-preview:-1\" \/>\n<link rel=\"canonical\" href=\"https:\/\/aargauermuslime.ch\/de\/ein-filmportrait-die-unbenannten\/\" \/>\n<meta property=\"og:locale\" content=\"de_DE\" \/>\n<meta property=\"og:type\" content=\"article\" \/>\n<meta property=\"og:title\" content=\"Ein Filmportrait: \u00abDie (Un)benannten\u00bb - Verband Aargauer Muslime (VAM)\" \/>\n<meta property=\"og:description\" content=\"Im Film \u00abDie (Un)benannten\u00bb werden die Musliminnen Yasemin Duran aus dem Aargau und Fatime Aljija aus Luzern, welche beide ein Kopftuch tragen, portr\u00e4tiert. Lea Bloch, die an der Universit\u00e4t Z\u00fcrich [&hellip;]\" \/>\n<meta property=\"og:url\" content=\"https:\/\/aargauermuslime.ch\/de\/ein-filmportrait-die-unbenannten\/\" \/>\n<meta property=\"og:site_name\" content=\"Verband Aargauer Muslime (VAM)\" \/>\n<meta property=\"article:publisher\" content=\"https:\/\/www.facebook.com\/groups\/aargauermuslime\" \/>\n<meta property=\"article:published_time\" content=\"2021-08-18T18:36:23+00:00\" \/>\n<meta property=\"article:modified_time\" content=\"2021-08-18T18:39:04+00:00\" \/>\n<meta property=\"og:image\" content=\"https:\/\/aargauermuslime.ch\/de\/wp-content\/uploads\/2021\/08\/Filmportrit_Die_Unbenannten.jpg\" \/>\n\t<meta property=\"og:image:width\" content=\"1277\" \/>\n\t<meta property=\"og:image:height\" content=\"712\" \/>\n\t<meta property=\"og:image:type\" content=\"image\/jpeg\" \/>\n<meta name=\"author\" content=\"Verwalter5\" \/>\n<meta name=\"twitter:card\" content=\"summary_large_image\" \/>\n<meta name=\"twitter:label1\" content=\"Verfasst von\" \/>\n\t<meta name=\"twitter:data1\" content=\"Verwalter5\" \/>\n\t<meta name=\"twitter:label2\" content=\"Gesch\u00e4tzte Lesezeit\" \/>\n\t<meta name=\"twitter:data2\" content=\"1\u00a0Minute\" \/>\n<script type=\"application\/ld+json\" class=\"yoast-schema-graph\">{\"@context\":\"https:\\\/\\\/schema.org\",\"@graph\":[{\"@type\":\"Article\",\"@id\":\"https:\\\/\\\/aargauermuslime.ch\\\/de\\\/ein-filmportrait-die-unbenannten\\\/#article\",\"isPartOf\":{\"@id\":\"https:\\\/\\\/aargauermuslime.ch\\\/de\\\/ein-filmportrait-die-unbenannten\\\/\"},\"author\":{\"name\":\"Verwalter5\",\"@id\":\"https:\\\/\\\/aargauermuslime.ch\\\/de\\\/#\\\/schema\\\/person\\\/310e6c317a37722ccc1fb5815f4bb122\"},\"headline\":\"Ein Filmportrait: \u00abDie (Un)benannten\u00bb\",\"datePublished\":\"2021-08-18T18:36:23+00:00\",\"dateModified\":\"2021-08-18T18:39:04+00:00\",\"mainEntityOfPage\":{\"@id\":\"https:\\\/\\\/aargauermuslime.ch\\\/de\\\/ein-filmportrait-die-unbenannten\\\/\"},\"wordCount\":96,\"publisher\":{\"@id\":\"https:\\\/\\\/aargauermuslime.ch\\\/de\\\/#organization\"},\"image\":{\"@id\":\"https:\\\/\\\/aargauermuslime.ch\\\/de\\\/ein-filmportrait-die-unbenannten\\\/#primaryimage\"},\"thumbnailUrl\":\"https:\\\/\\\/aargauermuslime.ch\\\/de\\\/wp-content\\\/uploads\\\/2021\\\/08\\\/Filmportrit_Die_Unbenannten.jpg\",\"articleSection\":[\"News\",\"Pinocchio\"],\"inLanguage\":\"de\"},{\"@type\":\"WebPage\",\"@id\":\"https:\\\/\\\/aargauermuslime.ch\\\/de\\\/ein-filmportrait-die-unbenannten\\\/\",\"url\":\"https:\\\/\\\/aargauermuslime.ch\\\/de\\\/ein-filmportrait-die-unbenannten\\\/\",\"name\":\"Ein Filmportrait: \u00abDie (Un)benannten\u00bb - Verband Aargauer Muslime (VAM)\",\"isPartOf\":{\"@id\":\"https:\\\/\\\/aargauermuslime.ch\\\/de\\\/#website\"},\"primaryImageOfPage\":{\"@id\":\"https:\\\/\\\/aargauermuslime.ch\\\/de\\\/ein-filmportrait-die-unbenannten\\\/#primaryimage\"},\"image\":{\"@id\":\"https:\\\/\\\/aargauermuslime.ch\\\/de\\\/ein-filmportrait-die-unbenannten\\\/#primaryimage\"},\"thumbnailUrl\":\"https:\\\/\\\/aargauermuslime.ch\\\/de\\\/wp-content\\\/uploads\\\/2021\\\/08\\\/Filmportrit_Die_Unbenannten.jpg\",\"datePublished\":\"2021-08-18T18:36:23+00:00\",\"dateModified\":\"2021-08-18T18:39:04+00:00\",\"breadcrumb\":{\"@id\":\"https:\\\/\\\/aargauermuslime.ch\\\/de\\\/ein-filmportrait-die-unbenannten\\\/#breadcrumb\"},\"inLanguage\":\"de\",\"potentialAction\":[{\"@type\":\"ReadAction\",\"target\":[\"https:\\\/\\\/aargauermuslime.ch\\\/de\\\/ein-filmportrait-die-unbenannten\\\/\"]}]},{\"@type\":\"ImageObject\",\"inLanguage\":\"de\",\"@id\":\"https:\\\/\\\/aargauermuslime.ch\\\/de\\\/ein-filmportrait-die-unbenannten\\\/#primaryimage\",\"url\":\"https:\\\/\\\/aargauermuslime.ch\\\/de\\\/wp-content\\\/uploads\\\/2021\\\/08\\\/Filmportrit_Die_Unbenannten.jpg\",\"contentUrl\":\"https:\\\/\\\/aargauermuslime.ch\\\/de\\\/wp-content\\\/uploads\\\/2021\\\/08\\\/Filmportrit_Die_Unbenannten.jpg\",\"width\":1277,\"height\":712},{\"@type\":\"BreadcrumbList\",\"@id\":\"https:\\\/\\\/aargauermuslime.ch\\\/de\\\/ein-filmportrait-die-unbenannten\\\/#breadcrumb\",\"itemListElement\":[{\"@type\":\"ListItem\",\"position\":1,\"name\":\"Startseite\",\"item\":\"https:\\\/\\\/aargauermuslime.ch\\\/de\\\/\"},{\"@type\":\"ListItem\",\"position\":2,\"name\":\"Ein Filmportrait: \u00abDie (Un)benannten\u00bb\"}]},{\"@type\":\"WebSite\",\"@id\":\"https:\\\/\\\/aargauermuslime.ch\\\/de\\\/#website\",\"url\":\"https:\\\/\\\/aargauermuslime.ch\\\/de\\\/\",\"name\":\"Verband Aargauer Muslime (VAM)\",\"description\":\"Dachverband der muslimischen Institutionen im Aargau\",\"publisher\":{\"@id\":\"https:\\\/\\\/aargauermuslime.ch\\\/de\\\/#organization\"},\"potentialAction\":[{\"@type\":\"SearchAction\",\"target\":{\"@type\":\"EntryPoint\",\"urlTemplate\":\"https:\\\/\\\/aargauermuslime.ch\\\/de\\\/?s={search_term_string}\"},\"query-input\":{\"@type\":\"PropertyValueSpecification\",\"valueRequired\":true,\"valueName\":\"search_term_string\"}}],\"inLanguage\":\"de\"},{\"@type\":\"Organization\",\"@id\":\"https:\\\/\\\/aargauermuslime.ch\\\/de\\\/#organization\",\"name\":\"Verband Aargauer Muslime\",\"alternateName\":\"VAM\",\"url\":\"https:\\\/\\\/aargauermuslime.ch\\\/de\\\/\",\"logo\":{\"@type\":\"ImageObject\",\"inLanguage\":\"de\",\"@id\":\"https:\\\/\\\/aargauermuslime.ch\\\/de\\\/#\\\/schema\\\/logo\\\/image\\\/\",\"url\":\"https:\\\/\\\/aargauermuslime.ch\\\/de\\\/wp-content\\\/uploads\\\/2019\\\/07\\\/VAM-Logo_web.jpg\",\"contentUrl\":\"https:\\\/\\\/aargauermuslime.ch\\\/de\\\/wp-content\\\/uploads\\\/2019\\\/07\\\/VAM-Logo_web.jpg\",\"width\":800,\"height\":181,\"caption\":\"Verband Aargauer Muslime\"},\"image\":{\"@id\":\"https:\\\/\\\/aargauermuslime.ch\\\/de\\\/#\\\/schema\\\/logo\\\/image\\\/\"},\"sameAs\":[\"https:\\\/\\\/www.facebook.com\\\/groups\\\/aargauermuslime\"]},{\"@type\":\"Person\",\"@id\":\"https:\\\/\\\/aargauermuslime.ch\\\/de\\\/#\\\/schema\\\/person\\\/310e6c317a37722ccc1fb5815f4bb122\",\"name\":\"Verwalter5\",\"image\":{\"@type\":\"ImageObject\",\"inLanguage\":\"de\",\"@id\":\"https:\\\/\\\/secure.gravatar.com\\\/avatar\\\/65ee8be834871e73d854ad00dfc4031afc2b5c926eac730b926dfe8fee7021c0?s=96&d=mm&r=g\",\"url\":\"https:\\\/\\\/secure.gravatar.com\\\/avatar\\\/65ee8be834871e73d854ad00dfc4031afc2b5c926eac730b926dfe8fee7021c0?s=96&d=mm&r=g\",\"contentUrl\":\"https:\\\/\\\/secure.gravatar.com\\\/avatar\\\/65ee8be834871e73d854ad00dfc4031afc2b5c926eac730b926dfe8fee7021c0?s=96&d=mm&r=g\",\"caption\":\"Verwalter5\"}}]}<\/script>\n<!-- \/ Yoast SEO plugin. -->","yoast_head_json":{"title":"Ein Filmportrait: \u00abDie (Un)benannten\u00bb - Verband Aargauer Muslime (VAM)","robots":{"index":"index","follow":"follow","max-snippet":"max-snippet:-1","max-image-preview":"max-image-preview:large","max-video-preview":"max-video-preview:-1"},"canonical":"https:\/\/aargauermuslime.ch\/de\/ein-filmportrait-die-unbenannten\/","og_locale":"de_DE","og_type":"article","og_title":"Ein Filmportrait: \u00abDie (Un)benannten\u00bb - Verband Aargauer Muslime (VAM)","og_description":"Im Film \u00abDie (Un)benannten\u00bb werden die Musliminnen Yasemin Duran aus dem Aargau und Fatime Aljija aus Luzern, welche beide ein Kopftuch tragen, portr\u00e4tiert. Lea Bloch, die an der Universit\u00e4t Z\u00fcrich [&hellip;]","og_url":"https:\/\/aargauermuslime.ch\/de\/ein-filmportrait-die-unbenannten\/","og_site_name":"Verband Aargauer Muslime (VAM)","article_publisher":"https:\/\/www.facebook.com\/groups\/aargauermuslime","article_published_time":"2021-08-18T18:36:23+00:00","article_modified_time":"2021-08-18T18:39:04+00:00","og_image":[{"width":1277,"height":712,"url":"https:\/\/aargauermuslime.ch\/de\/wp-content\/uploads\/2021\/08\/Filmportrit_Die_Unbenannten.jpg","type":"image\/jpeg"}],"author":"Verwalter5","twitter_card":"summary_large_image","twitter_misc":{"Verfasst von":"Verwalter5","Gesch\u00e4tzte Lesezeit":"1\u00a0Minute"},"schema":{"@context":"https:\/\/schema.org","@graph":[{"@type":"Article","@id":"https:\/\/aargauermuslime.ch\/de\/ein-filmportrait-die-unbenannten\/#article","isPartOf":{"@id":"https:\/\/aargauermuslime.ch\/de\/ein-filmportrait-die-unbenannten\/"},"author":{"name":"Verwalter5","@id":"https:\/\/aargauermuslime.ch\/de\/#\/schema\/person\/310e6c317a37722ccc1fb5815f4bb122"},"headline":"Ein Filmportrait: \u00abDie (Un)benannten\u00bb","datePublished":"2021-08-18T18:36:23+00:00","dateModified":"2021-08-18T18:39:04+00:00","mainEntityOfPage":{"@id":"https:\/\/aargauermuslime.ch\/de\/ein-filmportrait-die-unbenannten\/"},"wordCount":96,"publisher":{"@id":"https:\/\/aargauermuslime.ch\/de\/#organization"},"image":{"@id":"https:\/\/aargauermuslime.ch\/de\/ein-filmportrait-die-unbenannten\/#primaryimage"},"thumbnailUrl":"https:\/\/aargauermuslime.ch\/de\/wp-content\/uploads\/2021\/08\/Filmportrit_Die_Unbenannten.jpg","articleSection":["News","Pinocchio"],"inLanguage":"de"},{"@type":"WebPage","@id":"https:\/\/aargauermuslime.ch\/de\/ein-filmportrait-die-unbenannten\/","url":"https:\/\/aargauermuslime.ch\/de\/ein-filmportrait-die-unbenannten\/","name":"Ein Filmportrait: \u00abDie (Un)benannten\u00bb - Verband Aargauer Muslime (VAM)","isPartOf":{"@id":"https:\/\/aargauermuslime.ch\/de\/#website"},"primaryImageOfPage":{"@id":"https:\/\/aargauermuslime.ch\/de\/ein-filmportrait-die-unbenannten\/#primaryimage"},"image":{"@id":"https:\/\/aargauermuslime.ch\/de\/ein-filmportrait-die-unbenannten\/#primaryimage"},"thumbnailUrl":"https:\/\/aargauermuslime.ch\/de\/wp-content\/uploads\/2021\/08\/Filmportrit_Die_Unbenannten.jpg","datePublished":"2021-08-18T18:36:23+00:00","dateModified":"2021-08-18T18:39:04+00:00","breadcrumb":{"@id":"https:\/\/aargauermuslime.ch\/de\/ein-filmportrait-die-unbenannten\/#breadcrumb"},"inLanguage":"de","potentialAction":[{"@type":"ReadAction","target":["https:\/\/aargauermuslime.ch\/de\/ein-filmportrait-die-unbenannten\/"]}]},{"@type":"ImageObject","inLanguage":"de","@id":"https:\/\/aargauermuslime.ch\/de\/ein-filmportrait-die-unbenannten\/#primaryimage","url":"https:\/\/aargauermuslime.ch\/de\/wp-content\/uploads\/2021\/08\/Filmportrit_Die_Unbenannten.jpg","contentUrl":"https:\/\/aargauermuslime.ch\/de\/wp-content\/uploads\/2021\/08\/Filmportrit_Die_Unbenannten.jpg","width":1277,"height":712},{"@type":"BreadcrumbList","@id":"https:\/\/aargauermuslime.ch\/de\/ein-filmportrait-die-unbenannten\/#breadcrumb","itemListElement":[{"@type":"ListItem","position":1,"name":"Startseite","item":"https:\/\/aargauermuslime.ch\/de\/"},{"@type":"ListItem","position":2,"name":"Ein Filmportrait: \u00abDie (Un)benannten\u00bb"}]},{"@type":"WebSite","@id":"https:\/\/aargauermuslime.ch\/de\/#website","url":"https:\/\/aargauermuslime.ch\/de\/","name":"Verband Aargauer Muslime (VAM)","description":"Dachverband der muslimischen Institutionen im Aargau","publisher":{"@id":"https:\/\/aargauermuslime.ch\/de\/#organization"},"potentialAction":[{"@type":"SearchAction","target":{"@type":"EntryPoint","urlTemplate":"https:\/\/aargauermuslime.ch\/de\/?s={search_term_string}"},"query-input":{"@type":"PropertyValueSpecification","valueRequired":true,"valueName":"search_term_string"}}],"inLanguage":"de"},{"@type":"Organization","@id":"https:\/\/aargauermuslime.ch\/de\/#organization","name":"Verband Aargauer Muslime","alternateName":"VAM","url":"https:\/\/aargauermuslime.ch\/de\/","logo":{"@type":"ImageObject","inLanguage":"de","@id":"https:\/\/aargauermuslime.ch\/de\/#\/schema\/logo\/image\/","url":"https:\/\/aargauermuslime.ch\/de\/wp-content\/uploads\/2019\/07\/VAM-Logo_web.jpg","contentUrl":"https:\/\/aargauermuslime.ch\/de\/wp-content\/uploads\/2019\/07\/VAM-Logo_web.jpg","width":800,"height":181,"caption":"Verband Aargauer Muslime"},"image":{"@id":"https:\/\/aargauermuslime.ch\/de\/#\/schema\/logo\/image\/"},"sameAs":["https:\/\/www.facebook.com\/groups\/aargauermuslime"]},{"@type":"Person","@id":"https:\/\/aargauermuslime.ch\/de\/#\/schema\/person\/310e6c317a37722ccc1fb5815f4bb122","name":"Verwalter5","image":{"@type":"ImageObject","inLanguage":"de","@id":"https:\/\/secure.gravatar.com\/avatar\/65ee8be834871e73d854ad00dfc4031afc2b5c926eac730b926dfe8fee7021c0?s=96&d=mm&r=g","url":"https:\/\/secure.gravatar.com\/avatar\/65ee8be834871e73d854ad00dfc4031afc2b5c926eac730b926dfe8fee7021c0?s=96&d=mm&r=g","contentUrl":"https:\/\/secure.gravatar.com\/avatar\/65ee8be834871e73d854ad00dfc4031afc2b5c926eac730b926dfe8fee7021c0?s=96&d=mm&r=g","caption":"Verwalter5"}}]}},"_links":{"self":[{"href":"https:\/\/aargauermuslime.ch\/de\/wp-json\/wp\/v2\/posts\/3252","targetHints":{"allow":["GET"]}}],"collection":[{"href":"https:\/\/aargauermuslime.ch\/de\/wp-json\/wp\/v2\/posts"}],"about":[{"href":"https:\/\/aargauermuslime.ch\/de\/wp-json\/wp\/v2\/types\/post"}],"author":[{"embeddable":true,"href":"https:\/\/aargauermuslime.ch\/de\/wp-json\/wp\/v2\/users\/4"}],"replies":[{"embeddable":true,"href":"https:\/\/aargauermuslime.ch\/de\/wp-json\/wp\/v2\/comments?post=3252"}],"version-history":[{"count":2,"href":"https:\/\/aargauermuslime.ch\/de\/wp-json\/wp\/v2\/posts\/3252\/revisions"}],"predecessor-version":[{"id":3256,"href":"https:\/\/aargauermuslime.ch\/de\/wp-json\/wp\/v2\/posts\/3252\/revisions\/3256"}],"wp:featuredmedia":[{"embeddable":true,"href":"https:\/\/aargauermuslime.ch\/de\/wp-json\/wp\/v2\/media\/3253"}],"wp:attachment":[{"href":"https:\/\/aargauermuslime.ch\/de\/wp-json\/wp\/v2\/media?parent=3252"}],"wp:term":[{"taxonomy":"category","embeddable":true,"href":"https:\/\/aargauermuslime.ch\/de\/wp-json\/wp\/v2\/categories?post=3252"},{"taxonomy":"post_tag","embeddable":true,"href":"https:\/\/aargauermuslime.ch\/de\/wp-json\/wp\/v2\/tags?post=3252"}],"curies":[{"name":"wp","href":"https:\/\/api.w.org\/{rel}","templated":true}]}}