{"id":3318,"date":"2021-10-15T21:49:24","date_gmt":"2021-10-15T19:49:24","guid":{"rendered":"https:\/\/aargauermuslime.ch\/de\/?p=3318"},"modified":"2021-10-16T10:40:45","modified_gmt":"2021-10-16T08:40:45","slug":"abschluss-der-dreharbeiten-zum-vam-filmprojekt","status":"publish","type":"post","link":"https:\/\/aargauermuslime.ch\/de\/abschluss-der-dreharbeiten-zum-vam-filmprojekt\/","title":{"rendered":"Abschluss der Dreharbeiten zum VAM-Filmprojekt"},"content":{"rendered":"\n<p>Seit Januar 2021 arbeitet ein kleines Team intensiv am VAM-Filmprojekt, das wir im Rahmen des &nbsp;<a href=\"https:\/\/www.ejpd.admin.ch\/ejpd\/de\/home\/aktuell\/news\/2017\/2017-12-04.html\" target=\"_blank\" rel=\"noreferrer noopener\">Nationalen Aktionsplans zur Verhinderung und Bek\u00e4mpfung von Radikalisierung und gewaltt\u00e4tigem Extremismus<\/a>&nbsp;lanciert hatten (wir <a href=\"https:\/\/aargauermuslime.ch\/de\/bund-und-kanton-unterstuetzen-vam-projekt-zur-bekaempfung-von-radikalisierung\/\" target=\"_blank\" rel=\"noreferrer noopener\">berichteten<\/a>, siehe auch <a href=\"https:\/\/www.fedpol.admin.ch\/fedpol\/de\/home\/terrorismus\/terrorismus-aktuelle-lage\/unterstuetzte-projekte.html\" target=\"_blank\" rel=\"noreferrer noopener\">Liste der unterst\u00fctzten NAP-Projekte<\/a> auf der fedpol-Webseite). <\/p>\n\n\n\n<p>In mehreren Runden wurde das von uns erstellte initiale <strong>Drehbuch <\/strong>durch ein professionelles Team, bestehend aus einer Regisseurin, einem Produktionsleiter und einer Drehbuchautorin, \u00fcberarbeit und finalisiert. Damit konnte die konkrete <strong>Planung der Dreharbeiten<\/strong> in Angriff genommen werden.<\/p>\n\n\n\n<p>Dies gestaltete sich aber deutlich schwieriger als gedacht. Insbesondere die Suche nach geeigneten Kandidatinnen und Kandidaten f\u00fcr Haupt- und Nebenrollen sowie Statisten war sehr aufw\u00e4ndig und mit vielen Entt\u00e4uschungen und R\u00fcckschl\u00e4gen verbunden. Nach <strong>zwei Castings <\/strong>war es dann aber endlich soweit.<\/p>\n\n\n\n<p>Gedreht wurde vom 11. bis 15. Oktober 2021 an verschiedenen Locations im Bezirk Baden. Die <strong>Drehtage <\/strong>waren sehr anstrengend und dauerten teilweise zehn und mehr Stunden. Aber das professionelle Team, bestehend aus Kamerafrau, Tonmeister, Regisseurin,  Produktionsleiter und verschiendenen Assistenten, hat sehr gute Arbeit geleistet, so dass am Ende alle Szenen \u00abim Kasten\u00bb waren. Damit haben wir einen wichtigen <strong>Meilenstein <\/strong>in unserem Projekt erreicht, alhamdulillah. <\/p>\n\n\n\n<p>Uns wurde dadurch auch zum ersten Mal richtig bewusst, wie viel Organisationsaufwand, Hartn\u00e4ckigkeit und vor allem Geduld es f\u00fcr einen Filmdreh braucht; und, nicht zu vergessen, ein gutes, eingespieltes Filmteam. An dieser Stelle nochmals ein <strong>herzliches Dankesch\u00f6n <\/strong>an alle Beteiligten.<\/p>\n\n\n\n<p>Nun beginnt die <strong>Produktion des Films<\/strong>, die nochmals mehrere Monate in Anspruch nehmen wird. Wir sind selbst schon sehr gespannt, wie das Endergebnis aussehen wird. Soviel sei aber verraten: Die <strong>Filmpremiere <\/strong>wird inshaa&#8217;Allah Mitte M\u00e4rz 2022 in einem renommierten Kino in Baden stattfinden.<\/p>\n","protected":false},"excerpt":{"rendered":"<p>Seit Januar 2021 arbeitet ein kleines Team intensiv am VAM-Filmprojekt, das wir im Rahmen des &nbsp;Nationalen Aktionsplans zur Verhinderung und Bek\u00e4mpfung von Radikalisierung und gewaltt\u00e4tigem Extremismus&nbsp;lanciert hatten (wir berichteten, siehe [&hellip;]<\/p>\n","protected":false},"author":4,"featured_media":3319,"comment_status":"closed","ping_status":"closed","sticky":false,"template":"","format":"standard","meta":{"_et_pb_use_builder":"","_et_pb_old_content":"","_et_gb_content_width":"","ngg_post_thumbnail":0,"footnotes":""},"categories":[3,59],"tags":[],"class_list":["post-3318","post","type-post","status-publish","format-standard","has-post-thumbnail","hentry","category-news","category-vam-filmprojekt"],"yoast_head":"<!-- This site is optimized with the Yoast SEO plugin v27.4 - https:\/\/yoast.com\/product\/yoast-seo-wordpress\/ -->\n<title>Abschluss der Dreharbeiten zum VAM-Filmprojekt - Verband Aargauer Muslime (VAM)<\/title>\n<meta name=\"robots\" content=\"index, follow, max-snippet:-1, max-image-preview:large, max-video-preview:-1\" \/>\n<link rel=\"canonical\" href=\"https:\/\/aargauermuslime.ch\/de\/abschluss-der-dreharbeiten-zum-vam-filmprojekt\/\" \/>\n<meta property=\"og:locale\" content=\"de_DE\" \/>\n<meta property=\"og:type\" content=\"article\" \/>\n<meta property=\"og:title\" content=\"Abschluss der Dreharbeiten zum VAM-Filmprojekt - Verband Aargauer Muslime (VAM)\" \/>\n<meta property=\"og:description\" content=\"Seit Januar 2021 arbeitet ein kleines Team intensiv am VAM-Filmprojekt, das wir im Rahmen des &nbsp;Nationalen Aktionsplans zur Verhinderung und Bek\u00e4mpfung von Radikalisierung und gewaltt\u00e4tigem Extremismus&nbsp;lanciert hatten (wir berichteten, siehe [&hellip;]\" \/>\n<meta property=\"og:url\" content=\"https:\/\/aargauermuslime.ch\/de\/abschluss-der-dreharbeiten-zum-vam-filmprojekt\/\" \/>\n<meta property=\"og:site_name\" content=\"Verband Aargauer Muslime (VAM)\" \/>\n<meta property=\"article:publisher\" content=\"https:\/\/www.facebook.com\/groups\/aargauermuslime\" \/>\n<meta property=\"article:published_time\" content=\"2021-10-15T19:49:24+00:00\" \/>\n<meta property=\"article:modified_time\" content=\"2021-10-16T08:40:45+00:00\" \/>\n<meta property=\"og:image\" content=\"https:\/\/aargauermuslime.ch\/de\/wp-content\/uploads\/2021\/10\/VAM-Filmprojekt_Klappe-scaled.jpg\" \/>\n\t<meta property=\"og:image:width\" content=\"2560\" \/>\n\t<meta property=\"og:image:height\" content=\"1920\" \/>\n\t<meta property=\"og:image:type\" content=\"image\/jpeg\" \/>\n<meta name=\"author\" content=\"Verwalter5\" \/>\n<meta name=\"twitter:card\" content=\"summary_large_image\" \/>\n<meta name=\"twitter:label1\" content=\"Verfasst von\" \/>\n\t<meta name=\"twitter:data1\" content=\"Verwalter5\" \/>\n\t<meta name=\"twitter:label2\" content=\"Gesch\u00e4tzte Lesezeit\" \/>\n\t<meta name=\"twitter:data2\" content=\"2\u00a0Minuten\" \/>\n<script type=\"application\/ld+json\" class=\"yoast-schema-graph\">{\"@context\":\"https:\\\/\\\/schema.org\",\"@graph\":[{\"@type\":\"Article\",\"@id\":\"https:\\\/\\\/aargauermuslime.ch\\\/de\\\/abschluss-der-dreharbeiten-zum-vam-filmprojekt\\\/#article\",\"isPartOf\":{\"@id\":\"https:\\\/\\\/aargauermuslime.ch\\\/de\\\/abschluss-der-dreharbeiten-zum-vam-filmprojekt\\\/\"},\"author\":{\"name\":\"Verwalter5\",\"@id\":\"https:\\\/\\\/aargauermuslime.ch\\\/de\\\/#\\\/schema\\\/person\\\/310e6c317a37722ccc1fb5815f4bb122\"},\"headline\":\"Abschluss der Dreharbeiten zum VAM-Filmprojekt\",\"datePublished\":\"2021-10-15T19:49:24+00:00\",\"dateModified\":\"2021-10-16T08:40:45+00:00\",\"mainEntityOfPage\":{\"@id\":\"https:\\\/\\\/aargauermuslime.ch\\\/de\\\/abschluss-der-dreharbeiten-zum-vam-filmprojekt\\\/\"},\"wordCount\":278,\"publisher\":{\"@id\":\"https:\\\/\\\/aargauermuslime.ch\\\/de\\\/#organization\"},\"image\":{\"@id\":\"https:\\\/\\\/aargauermuslime.ch\\\/de\\\/abschluss-der-dreharbeiten-zum-vam-filmprojekt\\\/#primaryimage\"},\"thumbnailUrl\":\"https:\\\/\\\/aargauermuslime.ch\\\/de\\\/wp-content\\\/uploads\\\/2021\\\/10\\\/VAM-Filmprojekt_Klappe-scaled.jpg\",\"articleSection\":[\"News\",\"VAM-Filmprojekt\"],\"inLanguage\":\"de\"},{\"@type\":\"WebPage\",\"@id\":\"https:\\\/\\\/aargauermuslime.ch\\\/de\\\/abschluss-der-dreharbeiten-zum-vam-filmprojekt\\\/\",\"url\":\"https:\\\/\\\/aargauermuslime.ch\\\/de\\\/abschluss-der-dreharbeiten-zum-vam-filmprojekt\\\/\",\"name\":\"Abschluss der Dreharbeiten zum VAM-Filmprojekt - Verband Aargauer Muslime (VAM)\",\"isPartOf\":{\"@id\":\"https:\\\/\\\/aargauermuslime.ch\\\/de\\\/#website\"},\"primaryImageOfPage\":{\"@id\":\"https:\\\/\\\/aargauermuslime.ch\\\/de\\\/abschluss-der-dreharbeiten-zum-vam-filmprojekt\\\/#primaryimage\"},\"image\":{\"@id\":\"https:\\\/\\\/aargauermuslime.ch\\\/de\\\/abschluss-der-dreharbeiten-zum-vam-filmprojekt\\\/#primaryimage\"},\"thumbnailUrl\":\"https:\\\/\\\/aargauermuslime.ch\\\/de\\\/wp-content\\\/uploads\\\/2021\\\/10\\\/VAM-Filmprojekt_Klappe-scaled.jpg\",\"datePublished\":\"2021-10-15T19:49:24+00:00\",\"dateModified\":\"2021-10-16T08:40:45+00:00\",\"breadcrumb\":{\"@id\":\"https:\\\/\\\/aargauermuslime.ch\\\/de\\\/abschluss-der-dreharbeiten-zum-vam-filmprojekt\\\/#breadcrumb\"},\"inLanguage\":\"de\",\"potentialAction\":[{\"@type\":\"ReadAction\",\"target\":[\"https:\\\/\\\/aargauermuslime.ch\\\/de\\\/abschluss-der-dreharbeiten-zum-vam-filmprojekt\\\/\"]}]},{\"@type\":\"ImageObject\",\"inLanguage\":\"de\",\"@id\":\"https:\\\/\\\/aargauermuslime.ch\\\/de\\\/abschluss-der-dreharbeiten-zum-vam-filmprojekt\\\/#primaryimage\",\"url\":\"https:\\\/\\\/aargauermuslime.ch\\\/de\\\/wp-content\\\/uploads\\\/2021\\\/10\\\/VAM-Filmprojekt_Klappe-scaled.jpg\",\"contentUrl\":\"https:\\\/\\\/aargauermuslime.ch\\\/de\\\/wp-content\\\/uploads\\\/2021\\\/10\\\/VAM-Filmprojekt_Klappe-scaled.jpg\",\"width\":2560,\"height\":1920},{\"@type\":\"BreadcrumbList\",\"@id\":\"https:\\\/\\\/aargauermuslime.ch\\\/de\\\/abschluss-der-dreharbeiten-zum-vam-filmprojekt\\\/#breadcrumb\",\"itemListElement\":[{\"@type\":\"ListItem\",\"position\":1,\"name\":\"Startseite\",\"item\":\"https:\\\/\\\/aargauermuslime.ch\\\/de\\\/\"},{\"@type\":\"ListItem\",\"position\":2,\"name\":\"Abschluss der Dreharbeiten zum VAM-Filmprojekt\"}]},{\"@type\":\"WebSite\",\"@id\":\"https:\\\/\\\/aargauermuslime.ch\\\/de\\\/#website\",\"url\":\"https:\\\/\\\/aargauermuslime.ch\\\/de\\\/\",\"name\":\"Verband Aargauer Muslime (VAM)\",\"description\":\"Dachverband der muslimischen Institutionen im Aargau\",\"publisher\":{\"@id\":\"https:\\\/\\\/aargauermuslime.ch\\\/de\\\/#organization\"},\"potentialAction\":[{\"@type\":\"SearchAction\",\"target\":{\"@type\":\"EntryPoint\",\"urlTemplate\":\"https:\\\/\\\/aargauermuslime.ch\\\/de\\\/?s={search_term_string}\"},\"query-input\":{\"@type\":\"PropertyValueSpecification\",\"valueRequired\":true,\"valueName\":\"search_term_string\"}}],\"inLanguage\":\"de\"},{\"@type\":\"Organization\",\"@id\":\"https:\\\/\\\/aargauermuslime.ch\\\/de\\\/#organization\",\"name\":\"Verband Aargauer Muslime\",\"alternateName\":\"VAM\",\"url\":\"https:\\\/\\\/aargauermuslime.ch\\\/de\\\/\",\"logo\":{\"@type\":\"ImageObject\",\"inLanguage\":\"de\",\"@id\":\"https:\\\/\\\/aargauermuslime.ch\\\/de\\\/#\\\/schema\\\/logo\\\/image\\\/\",\"url\":\"https:\\\/\\\/aargauermuslime.ch\\\/de\\\/wp-content\\\/uploads\\\/2019\\\/07\\\/VAM-Logo_web.jpg\",\"contentUrl\":\"https:\\\/\\\/aargauermuslime.ch\\\/de\\\/wp-content\\\/uploads\\\/2019\\\/07\\\/VAM-Logo_web.jpg\",\"width\":800,\"height\":181,\"caption\":\"Verband Aargauer Muslime\"},\"image\":{\"@id\":\"https:\\\/\\\/aargauermuslime.ch\\\/de\\\/#\\\/schema\\\/logo\\\/image\\\/\"},\"sameAs\":[\"https:\\\/\\\/www.facebook.com\\\/groups\\\/aargauermuslime\"]},{\"@type\":\"Person\",\"@id\":\"https:\\\/\\\/aargauermuslime.ch\\\/de\\\/#\\\/schema\\\/person\\\/310e6c317a37722ccc1fb5815f4bb122\",\"name\":\"Verwalter5\",\"image\":{\"@type\":\"ImageObject\",\"inLanguage\":\"de\",\"@id\":\"https:\\\/\\\/secure.gravatar.com\\\/avatar\\\/65ee8be834871e73d854ad00dfc4031afc2b5c926eac730b926dfe8fee7021c0?s=96&d=mm&r=g\",\"url\":\"https:\\\/\\\/secure.gravatar.com\\\/avatar\\\/65ee8be834871e73d854ad00dfc4031afc2b5c926eac730b926dfe8fee7021c0?s=96&d=mm&r=g\",\"contentUrl\":\"https:\\\/\\\/secure.gravatar.com\\\/avatar\\\/65ee8be834871e73d854ad00dfc4031afc2b5c926eac730b926dfe8fee7021c0?s=96&d=mm&r=g\",\"caption\":\"Verwalter5\"}}]}<\/script>\n<!-- \/ Yoast SEO plugin. -->","yoast_head_json":{"title":"Abschluss der Dreharbeiten zum VAM-Filmprojekt - Verband Aargauer Muslime (VAM)","robots":{"index":"index","follow":"follow","max-snippet":"max-snippet:-1","max-image-preview":"max-image-preview:large","max-video-preview":"max-video-preview:-1"},"canonical":"https:\/\/aargauermuslime.ch\/de\/abschluss-der-dreharbeiten-zum-vam-filmprojekt\/","og_locale":"de_DE","og_type":"article","og_title":"Abschluss der Dreharbeiten zum VAM-Filmprojekt - Verband Aargauer Muslime (VAM)","og_description":"Seit Januar 2021 arbeitet ein kleines Team intensiv am VAM-Filmprojekt, das wir im Rahmen des &nbsp;Nationalen Aktionsplans zur Verhinderung und Bek\u00e4mpfung von Radikalisierung und gewaltt\u00e4tigem Extremismus&nbsp;lanciert hatten (wir berichteten, siehe [&hellip;]","og_url":"https:\/\/aargauermuslime.ch\/de\/abschluss-der-dreharbeiten-zum-vam-filmprojekt\/","og_site_name":"Verband Aargauer Muslime (VAM)","article_publisher":"https:\/\/www.facebook.com\/groups\/aargauermuslime","article_published_time":"2021-10-15T19:49:24+00:00","article_modified_time":"2021-10-16T08:40:45+00:00","og_image":[{"width":2560,"height":1920,"url":"https:\/\/aargauermuslime.ch\/de\/wp-content\/uploads\/2021\/10\/VAM-Filmprojekt_Klappe-scaled.jpg","type":"image\/jpeg"}],"author":"Verwalter5","twitter_card":"summary_large_image","twitter_misc":{"Verfasst von":"Verwalter5","Gesch\u00e4tzte Lesezeit":"2\u00a0Minuten"},"schema":{"@context":"https:\/\/schema.org","@graph":[{"@type":"Article","@id":"https:\/\/aargauermuslime.ch\/de\/abschluss-der-dreharbeiten-zum-vam-filmprojekt\/#article","isPartOf":{"@id":"https:\/\/aargauermuslime.ch\/de\/abschluss-der-dreharbeiten-zum-vam-filmprojekt\/"},"author":{"name":"Verwalter5","@id":"https:\/\/aargauermuslime.ch\/de\/#\/schema\/person\/310e6c317a37722ccc1fb5815f4bb122"},"headline":"Abschluss der Dreharbeiten zum VAM-Filmprojekt","datePublished":"2021-10-15T19:49:24+00:00","dateModified":"2021-10-16T08:40:45+00:00","mainEntityOfPage":{"@id":"https:\/\/aargauermuslime.ch\/de\/abschluss-der-dreharbeiten-zum-vam-filmprojekt\/"},"wordCount":278,"publisher":{"@id":"https:\/\/aargauermuslime.ch\/de\/#organization"},"image":{"@id":"https:\/\/aargauermuslime.ch\/de\/abschluss-der-dreharbeiten-zum-vam-filmprojekt\/#primaryimage"},"thumbnailUrl":"https:\/\/aargauermuslime.ch\/de\/wp-content\/uploads\/2021\/10\/VAM-Filmprojekt_Klappe-scaled.jpg","articleSection":["News","VAM-Filmprojekt"],"inLanguage":"de"},{"@type":"WebPage","@id":"https:\/\/aargauermuslime.ch\/de\/abschluss-der-dreharbeiten-zum-vam-filmprojekt\/","url":"https:\/\/aargauermuslime.ch\/de\/abschluss-der-dreharbeiten-zum-vam-filmprojekt\/","name":"Abschluss der Dreharbeiten zum VAM-Filmprojekt - Verband Aargauer Muslime (VAM)","isPartOf":{"@id":"https:\/\/aargauermuslime.ch\/de\/#website"},"primaryImageOfPage":{"@id":"https:\/\/aargauermuslime.ch\/de\/abschluss-der-dreharbeiten-zum-vam-filmprojekt\/#primaryimage"},"image":{"@id":"https:\/\/aargauermuslime.ch\/de\/abschluss-der-dreharbeiten-zum-vam-filmprojekt\/#primaryimage"},"thumbnailUrl":"https:\/\/aargauermuslime.ch\/de\/wp-content\/uploads\/2021\/10\/VAM-Filmprojekt_Klappe-scaled.jpg","datePublished":"2021-10-15T19:49:24+00:00","dateModified":"2021-10-16T08:40:45+00:00","breadcrumb":{"@id":"https:\/\/aargauermuslime.ch\/de\/abschluss-der-dreharbeiten-zum-vam-filmprojekt\/#breadcrumb"},"inLanguage":"de","potentialAction":[{"@type":"ReadAction","target":["https:\/\/aargauermuslime.ch\/de\/abschluss-der-dreharbeiten-zum-vam-filmprojekt\/"]}]},{"@type":"ImageObject","inLanguage":"de","@id":"https:\/\/aargauermuslime.ch\/de\/abschluss-der-dreharbeiten-zum-vam-filmprojekt\/#primaryimage","url":"https:\/\/aargauermuslime.ch\/de\/wp-content\/uploads\/2021\/10\/VAM-Filmprojekt_Klappe-scaled.jpg","contentUrl":"https:\/\/aargauermuslime.ch\/de\/wp-content\/uploads\/2021\/10\/VAM-Filmprojekt_Klappe-scaled.jpg","width":2560,"height":1920},{"@type":"BreadcrumbList","@id":"https:\/\/aargauermuslime.ch\/de\/abschluss-der-dreharbeiten-zum-vam-filmprojekt\/#breadcrumb","itemListElement":[{"@type":"ListItem","position":1,"name":"Startseite","item":"https:\/\/aargauermuslime.ch\/de\/"},{"@type":"ListItem","position":2,"name":"Abschluss der Dreharbeiten zum VAM-Filmprojekt"}]},{"@type":"WebSite","@id":"https:\/\/aargauermuslime.ch\/de\/#website","url":"https:\/\/aargauermuslime.ch\/de\/","name":"Verband Aargauer Muslime (VAM)","description":"Dachverband der muslimischen Institutionen im Aargau","publisher":{"@id":"https:\/\/aargauermuslime.ch\/de\/#organization"},"potentialAction":[{"@type":"SearchAction","target":{"@type":"EntryPoint","urlTemplate":"https:\/\/aargauermuslime.ch\/de\/?s={search_term_string}"},"query-input":{"@type":"PropertyValueSpecification","valueRequired":true,"valueName":"search_term_string"}}],"inLanguage":"de"},{"@type":"Organization","@id":"https:\/\/aargauermuslime.ch\/de\/#organization","name":"Verband Aargauer Muslime","alternateName":"VAM","url":"https:\/\/aargauermuslime.ch\/de\/","logo":{"@type":"ImageObject","inLanguage":"de","@id":"https:\/\/aargauermuslime.ch\/de\/#\/schema\/logo\/image\/","url":"https:\/\/aargauermuslime.ch\/de\/wp-content\/uploads\/2019\/07\/VAM-Logo_web.jpg","contentUrl":"https:\/\/aargauermuslime.ch\/de\/wp-content\/uploads\/2019\/07\/VAM-Logo_web.jpg","width":800,"height":181,"caption":"Verband Aargauer Muslime"},"image":{"@id":"https:\/\/aargauermuslime.ch\/de\/#\/schema\/logo\/image\/"},"sameAs":["https:\/\/www.facebook.com\/groups\/aargauermuslime"]},{"@type":"Person","@id":"https:\/\/aargauermuslime.ch\/de\/#\/schema\/person\/310e6c317a37722ccc1fb5815f4bb122","name":"Verwalter5","image":{"@type":"ImageObject","inLanguage":"de","@id":"https:\/\/secure.gravatar.com\/avatar\/65ee8be834871e73d854ad00dfc4031afc2b5c926eac730b926dfe8fee7021c0?s=96&d=mm&r=g","url":"https:\/\/secure.gravatar.com\/avatar\/65ee8be834871e73d854ad00dfc4031afc2b5c926eac730b926dfe8fee7021c0?s=96&d=mm&r=g","contentUrl":"https:\/\/secure.gravatar.com\/avatar\/65ee8be834871e73d854ad00dfc4031afc2b5c926eac730b926dfe8fee7021c0?s=96&d=mm&r=g","caption":"Verwalter5"}}]}},"_links":{"self":[{"href":"https:\/\/aargauermuslime.ch\/de\/wp-json\/wp\/v2\/posts\/3318","targetHints":{"allow":["GET"]}}],"collection":[{"href":"https:\/\/aargauermuslime.ch\/de\/wp-json\/wp\/v2\/posts"}],"about":[{"href":"https:\/\/aargauermuslime.ch\/de\/wp-json\/wp\/v2\/types\/post"}],"author":[{"embeddable":true,"href":"https:\/\/aargauermuslime.ch\/de\/wp-json\/wp\/v2\/users\/4"}],"replies":[{"embeddable":true,"href":"https:\/\/aargauermuslime.ch\/de\/wp-json\/wp\/v2\/comments?post=3318"}],"version-history":[{"count":6,"href":"https:\/\/aargauermuslime.ch\/de\/wp-json\/wp\/v2\/posts\/3318\/revisions"}],"predecessor-version":[{"id":3403,"href":"https:\/\/aargauermuslime.ch\/de\/wp-json\/wp\/v2\/posts\/3318\/revisions\/3403"}],"wp:featuredmedia":[{"embeddable":true,"href":"https:\/\/aargauermuslime.ch\/de\/wp-json\/wp\/v2\/media\/3319"}],"wp:attachment":[{"href":"https:\/\/aargauermuslime.ch\/de\/wp-json\/wp\/v2\/media?parent=3318"}],"wp:term":[{"taxonomy":"category","embeddable":true,"href":"https:\/\/aargauermuslime.ch\/de\/wp-json\/wp\/v2\/categories?post=3318"},{"taxonomy":"post_tag","embeddable":true,"href":"https:\/\/aargauermuslime.ch\/de\/wp-json\/wp\/v2\/tags?post=3318"}],"curies":[{"name":"wp","href":"https:\/\/api.w.org\/{rel}","templated":true}]}}