{"id":3605,"date":"2022-05-01T23:51:58","date_gmt":"2022-05-01T21:51:58","guid":{"rendered":"https:\/\/aargauermuslime.ch\/de\/?p=3605"},"modified":"2022-05-01T23:58:13","modified_gmt":"2022-05-01T21:58:13","slug":"programm-fuer-den-vam-familientag-2022-steht","status":"publish","type":"post","link":"https:\/\/aargauermuslime.ch\/de\/programm-fuer-den-vam-familientag-2022-steht\/","title":{"rendered":"Programm f\u00fcr den VAM-Familientag 2022 steht"},"content":{"rendered":"<p>Das Programm des diesj\u00e4hrigen VAM-Familientags, der am 22. Mai 2022 in der L\u00f6wenscheune in Wettingen stattfinden wird, steht. Neben dem traditionellen <strong>Qur&#8217;an-Wettbewerb f\u00fcr Kinder<\/strong> geh\u00f6rt der bekannte Hafiz <a href=\"https:\/\/www.selmanokumus.com\/biyografi\/\" target=\"_blank\" rel=\"noopener\">Selman Okumus<\/a> aus der T\u00fcrkei zu den H\u00f6hepunkten des Anlasses. Er ist Gewinner zahlreicher Wettbewerbe und wurde mehrfach ausgezeichnet. Auch verf\u00fcgt er \u00fcber einen eigenen <a href=\"https:\/\/www.youtube.com\/channel\/UC1xe4cyHBUTX15RDyy0AWbw\" target=\"_blank\" rel=\"noopener\">YouTube-Kanal<\/a>.<\/p>\r\n<p>Daneben werden Imam <strong>Muris Begovi\u00e7<\/strong> aus Z\u00fcrich kurze Inputs zum Thema \u00abHaben wir alles unter Kontrolle?\u00bb und Schwester <strong>Yasemin Duran<\/strong> aus Turgi \u00fcber die muslimische Seelsorge im Aargau liefern.<\/p>\r\n<p>Das Programm, durch das Schwester <strong>Aida Hodzic<\/strong> f\u00fchren wird, wird durch einen Beitrag von <strong>Harbin Jakupi<\/strong> zum Thema \u00abHadith Qudsi\u00bb und einen <strong>Zuschauerwettbewerb<\/strong>, bei dem ein Tablet-Computer gewonnen werden kann, abgerundet. Aber auch f\u00fcr das leibliche Wohl wird gesorgt sein. Verschiedene <strong>kulinarische Leckereien<\/strong> werden bereitstehen, um gekostet zu werden.<\/p>\r\n<!-- \/wp:post-content -->\r\n\r\n<!-- wp:paragraph -->\r\n<p>Weitere Informationen k\u00f6nnen dem <a href=\"https:\/\/aargauermuslime.ch\/de\/wp-content\/uploads\/2022\/05\/VAM-Familientag_2022_Flyer_Final.pdf\" target=\"_blank\" rel=\"noreferrer noopener\" aria-label=\"Flyer (\u00f6ffnet in neuem Tab)\">Flyer<\/a> entnommen werden. Wir freuen uns auf zahlreiche Teilnahme.<\/p>","protected":false},"excerpt":{"rendered":"<p>Das Programm des diesj\u00e4hrigen VAM-Familientags, der am 22. Mai 2022 in der L\u00f6wenscheune in Wettingen stattfinden wird, steht. Neben dem traditionellen Qur&#8217;an-Wettbewerb f\u00fcr Kinder geh\u00f6rt der bekannte Hafiz Selman Okumus [&hellip;]<\/p>\n","protected":false},"author":4,"featured_media":3221,"comment_status":"closed","ping_status":"closed","sticky":false,"template":"","format":"standard","meta":{"_et_pb_use_builder":"","_et_pb_old_content":"","_et_gb_content_width":"","ngg_post_thumbnail":0,"footnotes":""},"categories":[3],"tags":[],"class_list":["post-3605","post","type-post","status-publish","format-standard","has-post-thumbnail","hentry","category-news"],"yoast_head":"<!-- This site is optimized with the Yoast SEO plugin v27.4 - https:\/\/yoast.com\/product\/yoast-seo-wordpress\/ -->\n<title>Programm f\u00fcr den VAM-Familientag 2022 steht - Verband Aargauer Muslime (VAM)<\/title>\n<meta name=\"robots\" content=\"index, follow, max-snippet:-1, max-image-preview:large, max-video-preview:-1\" \/>\n<link rel=\"canonical\" href=\"https:\/\/aargauermuslime.ch\/de\/programm-fuer-den-vam-familientag-2022-steht\/\" \/>\n<meta property=\"og:locale\" content=\"de_DE\" \/>\n<meta property=\"og:type\" content=\"article\" \/>\n<meta property=\"og:title\" content=\"Programm f\u00fcr den VAM-Familientag 2022 steht - Verband Aargauer Muslime (VAM)\" \/>\n<meta property=\"og:description\" content=\"Das Programm des diesj\u00e4hrigen VAM-Familientags, der am 22. Mai 2022 in der L\u00f6wenscheune in Wettingen stattfinden wird, steht. Neben dem traditionellen Qur&#8217;an-Wettbewerb f\u00fcr Kinder geh\u00f6rt der bekannte Hafiz Selman Okumus [&hellip;]\" \/>\n<meta property=\"og:url\" content=\"https:\/\/aargauermuslime.ch\/de\/programm-fuer-den-vam-familientag-2022-steht\/\" \/>\n<meta property=\"og:site_name\" content=\"Verband Aargauer Muslime (VAM)\" \/>\n<meta property=\"article:publisher\" content=\"https:\/\/www.facebook.com\/groups\/aargauermuslime\" \/>\n<meta property=\"article:published_time\" content=\"2022-05-01T21:51:58+00:00\" \/>\n<meta property=\"article:modified_time\" content=\"2022-05-01T21:58:13+00:00\" \/>\n<meta property=\"og:image\" content=\"https:\/\/aargauermuslime.ch\/de\/wp-content\/uploads\/2021\/06\/VAM-Familientag_2022_Banner.jpg\" \/>\n\t<meta property=\"og:image:width\" content=\"1000\" \/>\n\t<meta property=\"og:image:height\" content=\"706\" \/>\n\t<meta property=\"og:image:type\" content=\"image\/jpeg\" \/>\n<meta name=\"author\" content=\"Verwalter5\" \/>\n<meta name=\"twitter:card\" content=\"summary_large_image\" \/>\n<meta name=\"twitter:label1\" content=\"Verfasst von\" \/>\n\t<meta name=\"twitter:data1\" content=\"Verwalter5\" \/>\n\t<meta name=\"twitter:label2\" content=\"Gesch\u00e4tzte Lesezeit\" \/>\n\t<meta name=\"twitter:data2\" content=\"1\u00a0Minute\" \/>\n<script type=\"application\/ld+json\" class=\"yoast-schema-graph\">{\"@context\":\"https:\\\/\\\/schema.org\",\"@graph\":[{\"@type\":\"Article\",\"@id\":\"https:\\\/\\\/aargauermuslime.ch\\\/de\\\/programm-fuer-den-vam-familientag-2022-steht\\\/#article\",\"isPartOf\":{\"@id\":\"https:\\\/\\\/aargauermuslime.ch\\\/de\\\/programm-fuer-den-vam-familientag-2022-steht\\\/\"},\"author\":{\"name\":\"Verwalter5\",\"@id\":\"https:\\\/\\\/aargauermuslime.ch\\\/de\\\/#\\\/schema\\\/person\\\/310e6c317a37722ccc1fb5815f4bb122\"},\"headline\":\"Programm f\u00fcr den VAM-Familientag 2022 steht\",\"datePublished\":\"2022-05-01T21:51:58+00:00\",\"dateModified\":\"2022-05-01T21:58:13+00:00\",\"mainEntityOfPage\":{\"@id\":\"https:\\\/\\\/aargauermuslime.ch\\\/de\\\/programm-fuer-den-vam-familientag-2022-steht\\\/\"},\"wordCount\":160,\"publisher\":{\"@id\":\"https:\\\/\\\/aargauermuslime.ch\\\/de\\\/#organization\"},\"image\":{\"@id\":\"https:\\\/\\\/aargauermuslime.ch\\\/de\\\/programm-fuer-den-vam-familientag-2022-steht\\\/#primaryimage\"},\"thumbnailUrl\":\"https:\\\/\\\/aargauermuslime.ch\\\/de\\\/wp-content\\\/uploads\\\/2021\\\/06\\\/VAM-Familientag_2022_Banner.jpg\",\"articleSection\":[\"News\"],\"inLanguage\":\"de\"},{\"@type\":\"WebPage\",\"@id\":\"https:\\\/\\\/aargauermuslime.ch\\\/de\\\/programm-fuer-den-vam-familientag-2022-steht\\\/\",\"url\":\"https:\\\/\\\/aargauermuslime.ch\\\/de\\\/programm-fuer-den-vam-familientag-2022-steht\\\/\",\"name\":\"Programm f\u00fcr den VAM-Familientag 2022 steht - Verband Aargauer Muslime (VAM)\",\"isPartOf\":{\"@id\":\"https:\\\/\\\/aargauermuslime.ch\\\/de\\\/#website\"},\"primaryImageOfPage\":{\"@id\":\"https:\\\/\\\/aargauermuslime.ch\\\/de\\\/programm-fuer-den-vam-familientag-2022-steht\\\/#primaryimage\"},\"image\":{\"@id\":\"https:\\\/\\\/aargauermuslime.ch\\\/de\\\/programm-fuer-den-vam-familientag-2022-steht\\\/#primaryimage\"},\"thumbnailUrl\":\"https:\\\/\\\/aargauermuslime.ch\\\/de\\\/wp-content\\\/uploads\\\/2021\\\/06\\\/VAM-Familientag_2022_Banner.jpg\",\"datePublished\":\"2022-05-01T21:51:58+00:00\",\"dateModified\":\"2022-05-01T21:58:13+00:00\",\"breadcrumb\":{\"@id\":\"https:\\\/\\\/aargauermuslime.ch\\\/de\\\/programm-fuer-den-vam-familientag-2022-steht\\\/#breadcrumb\"},\"inLanguage\":\"de\",\"potentialAction\":[{\"@type\":\"ReadAction\",\"target\":[\"https:\\\/\\\/aargauermuslime.ch\\\/de\\\/programm-fuer-den-vam-familientag-2022-steht\\\/\"]}]},{\"@type\":\"ImageObject\",\"inLanguage\":\"de\",\"@id\":\"https:\\\/\\\/aargauermuslime.ch\\\/de\\\/programm-fuer-den-vam-familientag-2022-steht\\\/#primaryimage\",\"url\":\"https:\\\/\\\/aargauermuslime.ch\\\/de\\\/wp-content\\\/uploads\\\/2021\\\/06\\\/VAM-Familientag_2022_Banner.jpg\",\"contentUrl\":\"https:\\\/\\\/aargauermuslime.ch\\\/de\\\/wp-content\\\/uploads\\\/2021\\\/06\\\/VAM-Familientag_2022_Banner.jpg\",\"width\":1000,\"height\":706},{\"@type\":\"BreadcrumbList\",\"@id\":\"https:\\\/\\\/aargauermuslime.ch\\\/de\\\/programm-fuer-den-vam-familientag-2022-steht\\\/#breadcrumb\",\"itemListElement\":[{\"@type\":\"ListItem\",\"position\":1,\"name\":\"Startseite\",\"item\":\"https:\\\/\\\/aargauermuslime.ch\\\/de\\\/\"},{\"@type\":\"ListItem\",\"position\":2,\"name\":\"Programm f\u00fcr den VAM-Familientag 2022 steht\"}]},{\"@type\":\"WebSite\",\"@id\":\"https:\\\/\\\/aargauermuslime.ch\\\/de\\\/#website\",\"url\":\"https:\\\/\\\/aargauermuslime.ch\\\/de\\\/\",\"name\":\"Verband Aargauer Muslime (VAM)\",\"description\":\"Dachverband der muslimischen Institutionen im Aargau\",\"publisher\":{\"@id\":\"https:\\\/\\\/aargauermuslime.ch\\\/de\\\/#organization\"},\"potentialAction\":[{\"@type\":\"SearchAction\",\"target\":{\"@type\":\"EntryPoint\",\"urlTemplate\":\"https:\\\/\\\/aargauermuslime.ch\\\/de\\\/?s={search_term_string}\"},\"query-input\":{\"@type\":\"PropertyValueSpecification\",\"valueRequired\":true,\"valueName\":\"search_term_string\"}}],\"inLanguage\":\"de\"},{\"@type\":\"Organization\",\"@id\":\"https:\\\/\\\/aargauermuslime.ch\\\/de\\\/#organization\",\"name\":\"Verband Aargauer Muslime\",\"alternateName\":\"VAM\",\"url\":\"https:\\\/\\\/aargauermuslime.ch\\\/de\\\/\",\"logo\":{\"@type\":\"ImageObject\",\"inLanguage\":\"de\",\"@id\":\"https:\\\/\\\/aargauermuslime.ch\\\/de\\\/#\\\/schema\\\/logo\\\/image\\\/\",\"url\":\"https:\\\/\\\/aargauermuslime.ch\\\/de\\\/wp-content\\\/uploads\\\/2019\\\/07\\\/VAM-Logo_web.jpg\",\"contentUrl\":\"https:\\\/\\\/aargauermuslime.ch\\\/de\\\/wp-content\\\/uploads\\\/2019\\\/07\\\/VAM-Logo_web.jpg\",\"width\":800,\"height\":181,\"caption\":\"Verband Aargauer Muslime\"},\"image\":{\"@id\":\"https:\\\/\\\/aargauermuslime.ch\\\/de\\\/#\\\/schema\\\/logo\\\/image\\\/\"},\"sameAs\":[\"https:\\\/\\\/www.facebook.com\\\/groups\\\/aargauermuslime\"]},{\"@type\":\"Person\",\"@id\":\"https:\\\/\\\/aargauermuslime.ch\\\/de\\\/#\\\/schema\\\/person\\\/310e6c317a37722ccc1fb5815f4bb122\",\"name\":\"Verwalter5\",\"image\":{\"@type\":\"ImageObject\",\"inLanguage\":\"de\",\"@id\":\"https:\\\/\\\/secure.gravatar.com\\\/avatar\\\/65ee8be834871e73d854ad00dfc4031afc2b5c926eac730b926dfe8fee7021c0?s=96&d=mm&r=g\",\"url\":\"https:\\\/\\\/secure.gravatar.com\\\/avatar\\\/65ee8be834871e73d854ad00dfc4031afc2b5c926eac730b926dfe8fee7021c0?s=96&d=mm&r=g\",\"contentUrl\":\"https:\\\/\\\/secure.gravatar.com\\\/avatar\\\/65ee8be834871e73d854ad00dfc4031afc2b5c926eac730b926dfe8fee7021c0?s=96&d=mm&r=g\",\"caption\":\"Verwalter5\"}}]}<\/script>\n<!-- \/ Yoast SEO plugin. -->","yoast_head_json":{"title":"Programm f\u00fcr den VAM-Familientag 2022 steht - Verband Aargauer Muslime (VAM)","robots":{"index":"index","follow":"follow","max-snippet":"max-snippet:-1","max-image-preview":"max-image-preview:large","max-video-preview":"max-video-preview:-1"},"canonical":"https:\/\/aargauermuslime.ch\/de\/programm-fuer-den-vam-familientag-2022-steht\/","og_locale":"de_DE","og_type":"article","og_title":"Programm f\u00fcr den VAM-Familientag 2022 steht - Verband Aargauer Muslime (VAM)","og_description":"Das Programm des diesj\u00e4hrigen VAM-Familientags, der am 22. Mai 2022 in der L\u00f6wenscheune in Wettingen stattfinden wird, steht. Neben dem traditionellen Qur&#8217;an-Wettbewerb f\u00fcr Kinder geh\u00f6rt der bekannte Hafiz Selman Okumus [&hellip;]","og_url":"https:\/\/aargauermuslime.ch\/de\/programm-fuer-den-vam-familientag-2022-steht\/","og_site_name":"Verband Aargauer Muslime (VAM)","article_publisher":"https:\/\/www.facebook.com\/groups\/aargauermuslime","article_published_time":"2022-05-01T21:51:58+00:00","article_modified_time":"2022-05-01T21:58:13+00:00","og_image":[{"width":1000,"height":706,"url":"https:\/\/aargauermuslime.ch\/de\/wp-content\/uploads\/2021\/06\/VAM-Familientag_2022_Banner.jpg","type":"image\/jpeg"}],"author":"Verwalter5","twitter_card":"summary_large_image","twitter_misc":{"Verfasst von":"Verwalter5","Gesch\u00e4tzte Lesezeit":"1\u00a0Minute"},"schema":{"@context":"https:\/\/schema.org","@graph":[{"@type":"Article","@id":"https:\/\/aargauermuslime.ch\/de\/programm-fuer-den-vam-familientag-2022-steht\/#article","isPartOf":{"@id":"https:\/\/aargauermuslime.ch\/de\/programm-fuer-den-vam-familientag-2022-steht\/"},"author":{"name":"Verwalter5","@id":"https:\/\/aargauermuslime.ch\/de\/#\/schema\/person\/310e6c317a37722ccc1fb5815f4bb122"},"headline":"Programm f\u00fcr den VAM-Familientag 2022 steht","datePublished":"2022-05-01T21:51:58+00:00","dateModified":"2022-05-01T21:58:13+00:00","mainEntityOfPage":{"@id":"https:\/\/aargauermuslime.ch\/de\/programm-fuer-den-vam-familientag-2022-steht\/"},"wordCount":160,"publisher":{"@id":"https:\/\/aargauermuslime.ch\/de\/#organization"},"image":{"@id":"https:\/\/aargauermuslime.ch\/de\/programm-fuer-den-vam-familientag-2022-steht\/#primaryimage"},"thumbnailUrl":"https:\/\/aargauermuslime.ch\/de\/wp-content\/uploads\/2021\/06\/VAM-Familientag_2022_Banner.jpg","articleSection":["News"],"inLanguage":"de"},{"@type":"WebPage","@id":"https:\/\/aargauermuslime.ch\/de\/programm-fuer-den-vam-familientag-2022-steht\/","url":"https:\/\/aargauermuslime.ch\/de\/programm-fuer-den-vam-familientag-2022-steht\/","name":"Programm f\u00fcr den VAM-Familientag 2022 steht - Verband Aargauer Muslime (VAM)","isPartOf":{"@id":"https:\/\/aargauermuslime.ch\/de\/#website"},"primaryImageOfPage":{"@id":"https:\/\/aargauermuslime.ch\/de\/programm-fuer-den-vam-familientag-2022-steht\/#primaryimage"},"image":{"@id":"https:\/\/aargauermuslime.ch\/de\/programm-fuer-den-vam-familientag-2022-steht\/#primaryimage"},"thumbnailUrl":"https:\/\/aargauermuslime.ch\/de\/wp-content\/uploads\/2021\/06\/VAM-Familientag_2022_Banner.jpg","datePublished":"2022-05-01T21:51:58+00:00","dateModified":"2022-05-01T21:58:13+00:00","breadcrumb":{"@id":"https:\/\/aargauermuslime.ch\/de\/programm-fuer-den-vam-familientag-2022-steht\/#breadcrumb"},"inLanguage":"de","potentialAction":[{"@type":"ReadAction","target":["https:\/\/aargauermuslime.ch\/de\/programm-fuer-den-vam-familientag-2022-steht\/"]}]},{"@type":"ImageObject","inLanguage":"de","@id":"https:\/\/aargauermuslime.ch\/de\/programm-fuer-den-vam-familientag-2022-steht\/#primaryimage","url":"https:\/\/aargauermuslime.ch\/de\/wp-content\/uploads\/2021\/06\/VAM-Familientag_2022_Banner.jpg","contentUrl":"https:\/\/aargauermuslime.ch\/de\/wp-content\/uploads\/2021\/06\/VAM-Familientag_2022_Banner.jpg","width":1000,"height":706},{"@type":"BreadcrumbList","@id":"https:\/\/aargauermuslime.ch\/de\/programm-fuer-den-vam-familientag-2022-steht\/#breadcrumb","itemListElement":[{"@type":"ListItem","position":1,"name":"Startseite","item":"https:\/\/aargauermuslime.ch\/de\/"},{"@type":"ListItem","position":2,"name":"Programm f\u00fcr den VAM-Familientag 2022 steht"}]},{"@type":"WebSite","@id":"https:\/\/aargauermuslime.ch\/de\/#website","url":"https:\/\/aargauermuslime.ch\/de\/","name":"Verband Aargauer Muslime (VAM)","description":"Dachverband der muslimischen Institutionen im Aargau","publisher":{"@id":"https:\/\/aargauermuslime.ch\/de\/#organization"},"potentialAction":[{"@type":"SearchAction","target":{"@type":"EntryPoint","urlTemplate":"https:\/\/aargauermuslime.ch\/de\/?s={search_term_string}"},"query-input":{"@type":"PropertyValueSpecification","valueRequired":true,"valueName":"search_term_string"}}],"inLanguage":"de"},{"@type":"Organization","@id":"https:\/\/aargauermuslime.ch\/de\/#organization","name":"Verband Aargauer Muslime","alternateName":"VAM","url":"https:\/\/aargauermuslime.ch\/de\/","logo":{"@type":"ImageObject","inLanguage":"de","@id":"https:\/\/aargauermuslime.ch\/de\/#\/schema\/logo\/image\/","url":"https:\/\/aargauermuslime.ch\/de\/wp-content\/uploads\/2019\/07\/VAM-Logo_web.jpg","contentUrl":"https:\/\/aargauermuslime.ch\/de\/wp-content\/uploads\/2019\/07\/VAM-Logo_web.jpg","width":800,"height":181,"caption":"Verband Aargauer Muslime"},"image":{"@id":"https:\/\/aargauermuslime.ch\/de\/#\/schema\/logo\/image\/"},"sameAs":["https:\/\/www.facebook.com\/groups\/aargauermuslime"]},{"@type":"Person","@id":"https:\/\/aargauermuslime.ch\/de\/#\/schema\/person\/310e6c317a37722ccc1fb5815f4bb122","name":"Verwalter5","image":{"@type":"ImageObject","inLanguage":"de","@id":"https:\/\/secure.gravatar.com\/avatar\/65ee8be834871e73d854ad00dfc4031afc2b5c926eac730b926dfe8fee7021c0?s=96&d=mm&r=g","url":"https:\/\/secure.gravatar.com\/avatar\/65ee8be834871e73d854ad00dfc4031afc2b5c926eac730b926dfe8fee7021c0?s=96&d=mm&r=g","contentUrl":"https:\/\/secure.gravatar.com\/avatar\/65ee8be834871e73d854ad00dfc4031afc2b5c926eac730b926dfe8fee7021c0?s=96&d=mm&r=g","caption":"Verwalter5"}}]}},"_links":{"self":[{"href":"https:\/\/aargauermuslime.ch\/de\/wp-json\/wp\/v2\/posts\/3605","targetHints":{"allow":["GET"]}}],"collection":[{"href":"https:\/\/aargauermuslime.ch\/de\/wp-json\/wp\/v2\/posts"}],"about":[{"href":"https:\/\/aargauermuslime.ch\/de\/wp-json\/wp\/v2\/types\/post"}],"author":[{"embeddable":true,"href":"https:\/\/aargauermuslime.ch\/de\/wp-json\/wp\/v2\/users\/4"}],"replies":[{"embeddable":true,"href":"https:\/\/aargauermuslime.ch\/de\/wp-json\/wp\/v2\/comments?post=3605"}],"version-history":[{"count":5,"href":"https:\/\/aargauermuslime.ch\/de\/wp-json\/wp\/v2\/posts\/3605\/revisions"}],"predecessor-version":[{"id":3614,"href":"https:\/\/aargauermuslime.ch\/de\/wp-json\/wp\/v2\/posts\/3605\/revisions\/3614"}],"wp:featuredmedia":[{"embeddable":true,"href":"https:\/\/aargauermuslime.ch\/de\/wp-json\/wp\/v2\/media\/3221"}],"wp:attachment":[{"href":"https:\/\/aargauermuslime.ch\/de\/wp-json\/wp\/v2\/media?parent=3605"}],"wp:term":[{"taxonomy":"category","embeddable":true,"href":"https:\/\/aargauermuslime.ch\/de\/wp-json\/wp\/v2\/categories?post=3605"},{"taxonomy":"post_tag","embeddable":true,"href":"https:\/\/aargauermuslime.ch\/de\/wp-json\/wp\/v2\/tags?post=3605"}],"curies":[{"name":"wp","href":"https:\/\/api.w.org\/{rel}","templated":true}]}}