{"id":3619,"date":"2022-05-13T15:55:38","date_gmt":"2022-05-13T13:55:38","guid":{"rendered":"https:\/\/aargauermuslime.ch\/de\/?p=3619"},"modified":"2022-05-13T21:48:20","modified_gmt":"2022-05-13T19:48:20","slug":"muslimische-seelsorge-im-aargau","status":"publish","type":"post","link":"https:\/\/aargauermuslime.ch\/de\/muslimische-seelsorge-im-aargau\/","title":{"rendered":"Muslimische Seelsorge im Aargau"},"content":{"rendered":"<p>Menschen k\u00f6nnen im Laufe ihres Lebens ungewollt in herausfordernde Situationen und Krisen geraten. Davor sind auch praktizierende Musliminnen und Muslime nicht gefeit.<\/p>\n<p>In solchen Situationen w\u00fcnscht man sich Beistand, Menschen die da sind und helfen, das Leid zu ertragen. Die Hilfesuchenden mit Trost und Beistand zu unterst\u00fctzen geh\u00f6rt zum Aufgabengebiet der Muslimischen Seelsorge Aargau. Ausgebildete Seelsorgerinnen und Imame begleiten Menschen vor Ort in \u00f6ffentlichen Institutionen wie Spit\u00e4ler oder Asylzentren. Sie k\u00f6nnen bei Gespr\u00e4chsbedarf auch direkt via Telefon kontaktiert werden.<\/p>\n<p>Unser Seelsorgeangebot steht 365 Tage im Jahr zu Verf\u00fcgung. Weitere Informationen k\u00f6nnen dem <a href=\"https:\/\/aargauermuslime.ch\/de\/wp-content\/uploads\/2022\/05\/Muslimische-Seelsorge-Aargau_Flyer.pdf\" target=\"_blank\" rel=\"noopener\">Flyer<\/a> entnommen werden.<\/p>\n<p><img loading=\"lazy\" decoding=\"async\" class=\"alignnone wp-image-3623\" src=\"https:\/\/aargauermuslime.ch\/de\/wp-content\/uploads\/2022\/05\/Muslimische-Seelsorge-Aargau_Flyer-724x1024.jpg\" alt=\"\" width=\"600\" height=\"848\"><\/p>\n","protected":false},"excerpt":{"rendered":"<p>Menschen k\u00f6nnen im Laufe ihres Lebens ungewollt in herausfordernde Situationen und Krisen geraten. Davor sind auch praktizierende Musliminnen und Muslime nicht gefeit. In solchen Situationen w\u00fcnscht man sich Beistand, Menschen [&hellip;]<\/p>\n","protected":false},"author":4,"featured_media":3617,"comment_status":"closed","ping_status":"closed","sticky":false,"template":"","format":"standard","meta":{"_et_pb_use_builder":"","_et_pb_old_content":"","_et_gb_content_width":"","ngg_post_thumbnail":0,"footnotes":""},"categories":[62,3],"tags":[],"class_list":["post-3619","post","type-post","status-publish","format-standard","has-post-thumbnail","hentry","category-muslimische-seelsorge","category-news"],"yoast_head":"<!-- This site is optimized with the Yoast SEO plugin v27.4 - https:\/\/yoast.com\/product\/yoast-seo-wordpress\/ -->\n<title>Muslimische Seelsorge im Aargau - Verband Aargauer Muslime (VAM)<\/title>\n<meta name=\"robots\" content=\"index, follow, max-snippet:-1, max-image-preview:large, max-video-preview:-1\" \/>\n<link rel=\"canonical\" href=\"https:\/\/aargauermuslime.ch\/de\/muslimische-seelsorge-im-aargau\/\" \/>\n<meta property=\"og:locale\" content=\"de_DE\" \/>\n<meta property=\"og:type\" content=\"article\" \/>\n<meta property=\"og:title\" content=\"Muslimische Seelsorge im Aargau - Verband Aargauer Muslime (VAM)\" \/>\n<meta property=\"og:description\" content=\"Menschen k\u00f6nnen im Laufe ihres Lebens ungewollt in herausfordernde Situationen und Krisen geraten. Davor sind auch praktizierende Musliminnen und Muslime nicht gefeit. In solchen Situationen w\u00fcnscht man sich Beistand, Menschen [&hellip;]\" \/>\n<meta property=\"og:url\" content=\"https:\/\/aargauermuslime.ch\/de\/muslimische-seelsorge-im-aargau\/\" \/>\n<meta property=\"og:site_name\" content=\"Verband Aargauer Muslime (VAM)\" \/>\n<meta property=\"article:publisher\" content=\"https:\/\/www.facebook.com\/groups\/aargauermuslime\" \/>\n<meta property=\"article:published_time\" content=\"2022-05-13T13:55:38+00:00\" \/>\n<meta property=\"article:modified_time\" content=\"2022-05-13T19:48:20+00:00\" \/>\n<meta property=\"og:image\" content=\"https:\/\/aargauermuslime.ch\/de\/wp-content\/uploads\/2022\/05\/Musliimische-Seelsorge-Aargau_Logo.jpg\" \/>\n\t<meta property=\"og:image:width\" content=\"1280\" \/>\n\t<meta property=\"og:image:height\" content=\"720\" \/>\n\t<meta property=\"og:image:type\" content=\"image\/jpeg\" \/>\n<meta name=\"author\" content=\"Verwalter5\" \/>\n<meta name=\"twitter:card\" content=\"summary_large_image\" \/>\n<meta name=\"twitter:label1\" content=\"Verfasst von\" \/>\n\t<meta name=\"twitter:data1\" content=\"Verwalter5\" \/>\n\t<meta name=\"twitter:label2\" content=\"Gesch\u00e4tzte Lesezeit\" \/>\n\t<meta name=\"twitter:data2\" content=\"1\u00a0Minute\" \/>\n<script type=\"application\/ld+json\" class=\"yoast-schema-graph\">{\"@context\":\"https:\\\/\\\/schema.org\",\"@graph\":[{\"@type\":\"Article\",\"@id\":\"https:\\\/\\\/aargauermuslime.ch\\\/de\\\/muslimische-seelsorge-im-aargau\\\/#article\",\"isPartOf\":{\"@id\":\"https:\\\/\\\/aargauermuslime.ch\\\/de\\\/muslimische-seelsorge-im-aargau\\\/\"},\"author\":{\"name\":\"Verwalter5\",\"@id\":\"https:\\\/\\\/aargauermuslime.ch\\\/de\\\/#\\\/schema\\\/person\\\/310e6c317a37722ccc1fb5815f4bb122\"},\"headline\":\"Muslimische Seelsorge im Aargau\",\"datePublished\":\"2022-05-13T13:55:38+00:00\",\"dateModified\":\"2022-05-13T19:48:20+00:00\",\"mainEntityOfPage\":{\"@id\":\"https:\\\/\\\/aargauermuslime.ch\\\/de\\\/muslimische-seelsorge-im-aargau\\\/\"},\"wordCount\":107,\"publisher\":{\"@id\":\"https:\\\/\\\/aargauermuslime.ch\\\/de\\\/#organization\"},\"image\":{\"@id\":\"https:\\\/\\\/aargauermuslime.ch\\\/de\\\/muslimische-seelsorge-im-aargau\\\/#primaryimage\"},\"thumbnailUrl\":\"https:\\\/\\\/aargauermuslime.ch\\\/de\\\/wp-content\\\/uploads\\\/2022\\\/05\\\/Musliimische-Seelsorge-Aargau_Logo.jpg\",\"articleSection\":[\"Muslimische Seelsorge im Aargau\",\"News\"],\"inLanguage\":\"de\"},{\"@type\":\"WebPage\",\"@id\":\"https:\\\/\\\/aargauermuslime.ch\\\/de\\\/muslimische-seelsorge-im-aargau\\\/\",\"url\":\"https:\\\/\\\/aargauermuslime.ch\\\/de\\\/muslimische-seelsorge-im-aargau\\\/\",\"name\":\"Muslimische Seelsorge im Aargau - Verband Aargauer Muslime (VAM)\",\"isPartOf\":{\"@id\":\"https:\\\/\\\/aargauermuslime.ch\\\/de\\\/#website\"},\"primaryImageOfPage\":{\"@id\":\"https:\\\/\\\/aargauermuslime.ch\\\/de\\\/muslimische-seelsorge-im-aargau\\\/#primaryimage\"},\"image\":{\"@id\":\"https:\\\/\\\/aargauermuslime.ch\\\/de\\\/muslimische-seelsorge-im-aargau\\\/#primaryimage\"},\"thumbnailUrl\":\"https:\\\/\\\/aargauermuslime.ch\\\/de\\\/wp-content\\\/uploads\\\/2022\\\/05\\\/Musliimische-Seelsorge-Aargau_Logo.jpg\",\"datePublished\":\"2022-05-13T13:55:38+00:00\",\"dateModified\":\"2022-05-13T19:48:20+00:00\",\"breadcrumb\":{\"@id\":\"https:\\\/\\\/aargauermuslime.ch\\\/de\\\/muslimische-seelsorge-im-aargau\\\/#breadcrumb\"},\"inLanguage\":\"de\",\"potentialAction\":[{\"@type\":\"ReadAction\",\"target\":[\"https:\\\/\\\/aargauermuslime.ch\\\/de\\\/muslimische-seelsorge-im-aargau\\\/\"]}]},{\"@type\":\"ImageObject\",\"inLanguage\":\"de\",\"@id\":\"https:\\\/\\\/aargauermuslime.ch\\\/de\\\/muslimische-seelsorge-im-aargau\\\/#primaryimage\",\"url\":\"https:\\\/\\\/aargauermuslime.ch\\\/de\\\/wp-content\\\/uploads\\\/2022\\\/05\\\/Musliimische-Seelsorge-Aargau_Logo.jpg\",\"contentUrl\":\"https:\\\/\\\/aargauermuslime.ch\\\/de\\\/wp-content\\\/uploads\\\/2022\\\/05\\\/Musliimische-Seelsorge-Aargau_Logo.jpg\",\"width\":1280,\"height\":720},{\"@type\":\"BreadcrumbList\",\"@id\":\"https:\\\/\\\/aargauermuslime.ch\\\/de\\\/muslimische-seelsorge-im-aargau\\\/#breadcrumb\",\"itemListElement\":[{\"@type\":\"ListItem\",\"position\":1,\"name\":\"Startseite\",\"item\":\"https:\\\/\\\/aargauermuslime.ch\\\/de\\\/\"},{\"@type\":\"ListItem\",\"position\":2,\"name\":\"Muslimische Seelsorge im Aargau\"}]},{\"@type\":\"WebSite\",\"@id\":\"https:\\\/\\\/aargauermuslime.ch\\\/de\\\/#website\",\"url\":\"https:\\\/\\\/aargauermuslime.ch\\\/de\\\/\",\"name\":\"Verband Aargauer Muslime (VAM)\",\"description\":\"Dachverband der muslimischen Institutionen im Aargau\",\"publisher\":{\"@id\":\"https:\\\/\\\/aargauermuslime.ch\\\/de\\\/#organization\"},\"potentialAction\":[{\"@type\":\"SearchAction\",\"target\":{\"@type\":\"EntryPoint\",\"urlTemplate\":\"https:\\\/\\\/aargauermuslime.ch\\\/de\\\/?s={search_term_string}\"},\"query-input\":{\"@type\":\"PropertyValueSpecification\",\"valueRequired\":true,\"valueName\":\"search_term_string\"}}],\"inLanguage\":\"de\"},{\"@type\":\"Organization\",\"@id\":\"https:\\\/\\\/aargauermuslime.ch\\\/de\\\/#organization\",\"name\":\"Verband Aargauer Muslime\",\"alternateName\":\"VAM\",\"url\":\"https:\\\/\\\/aargauermuslime.ch\\\/de\\\/\",\"logo\":{\"@type\":\"ImageObject\",\"inLanguage\":\"de\",\"@id\":\"https:\\\/\\\/aargauermuslime.ch\\\/de\\\/#\\\/schema\\\/logo\\\/image\\\/\",\"url\":\"https:\\\/\\\/aargauermuslime.ch\\\/de\\\/wp-content\\\/uploads\\\/2019\\\/07\\\/VAM-Logo_web.jpg\",\"contentUrl\":\"https:\\\/\\\/aargauermuslime.ch\\\/de\\\/wp-content\\\/uploads\\\/2019\\\/07\\\/VAM-Logo_web.jpg\",\"width\":800,\"height\":181,\"caption\":\"Verband Aargauer Muslime\"},\"image\":{\"@id\":\"https:\\\/\\\/aargauermuslime.ch\\\/de\\\/#\\\/schema\\\/logo\\\/image\\\/\"},\"sameAs\":[\"https:\\\/\\\/www.facebook.com\\\/groups\\\/aargauermuslime\"]},{\"@type\":\"Person\",\"@id\":\"https:\\\/\\\/aargauermuslime.ch\\\/de\\\/#\\\/schema\\\/person\\\/310e6c317a37722ccc1fb5815f4bb122\",\"name\":\"Verwalter5\",\"image\":{\"@type\":\"ImageObject\",\"inLanguage\":\"de\",\"@id\":\"https:\\\/\\\/secure.gravatar.com\\\/avatar\\\/65ee8be834871e73d854ad00dfc4031afc2b5c926eac730b926dfe8fee7021c0?s=96&d=mm&r=g\",\"url\":\"https:\\\/\\\/secure.gravatar.com\\\/avatar\\\/65ee8be834871e73d854ad00dfc4031afc2b5c926eac730b926dfe8fee7021c0?s=96&d=mm&r=g\",\"contentUrl\":\"https:\\\/\\\/secure.gravatar.com\\\/avatar\\\/65ee8be834871e73d854ad00dfc4031afc2b5c926eac730b926dfe8fee7021c0?s=96&d=mm&r=g\",\"caption\":\"Verwalter5\"}}]}<\/script>\n<!-- \/ Yoast SEO plugin. -->","yoast_head_json":{"title":"Muslimische Seelsorge im Aargau - Verband Aargauer Muslime (VAM)","robots":{"index":"index","follow":"follow","max-snippet":"max-snippet:-1","max-image-preview":"max-image-preview:large","max-video-preview":"max-video-preview:-1"},"canonical":"https:\/\/aargauermuslime.ch\/de\/muslimische-seelsorge-im-aargau\/","og_locale":"de_DE","og_type":"article","og_title":"Muslimische Seelsorge im Aargau - Verband Aargauer Muslime (VAM)","og_description":"Menschen k\u00f6nnen im Laufe ihres Lebens ungewollt in herausfordernde Situationen und Krisen geraten. Davor sind auch praktizierende Musliminnen und Muslime nicht gefeit. In solchen Situationen w\u00fcnscht man sich Beistand, Menschen [&hellip;]","og_url":"https:\/\/aargauermuslime.ch\/de\/muslimische-seelsorge-im-aargau\/","og_site_name":"Verband Aargauer Muslime (VAM)","article_publisher":"https:\/\/www.facebook.com\/groups\/aargauermuslime","article_published_time":"2022-05-13T13:55:38+00:00","article_modified_time":"2022-05-13T19:48:20+00:00","og_image":[{"width":1280,"height":720,"url":"https:\/\/aargauermuslime.ch\/de\/wp-content\/uploads\/2022\/05\/Musliimische-Seelsorge-Aargau_Logo.jpg","type":"image\/jpeg"}],"author":"Verwalter5","twitter_card":"summary_large_image","twitter_misc":{"Verfasst von":"Verwalter5","Gesch\u00e4tzte Lesezeit":"1\u00a0Minute"},"schema":{"@context":"https:\/\/schema.org","@graph":[{"@type":"Article","@id":"https:\/\/aargauermuslime.ch\/de\/muslimische-seelsorge-im-aargau\/#article","isPartOf":{"@id":"https:\/\/aargauermuslime.ch\/de\/muslimische-seelsorge-im-aargau\/"},"author":{"name":"Verwalter5","@id":"https:\/\/aargauermuslime.ch\/de\/#\/schema\/person\/310e6c317a37722ccc1fb5815f4bb122"},"headline":"Muslimische Seelsorge im Aargau","datePublished":"2022-05-13T13:55:38+00:00","dateModified":"2022-05-13T19:48:20+00:00","mainEntityOfPage":{"@id":"https:\/\/aargauermuslime.ch\/de\/muslimische-seelsorge-im-aargau\/"},"wordCount":107,"publisher":{"@id":"https:\/\/aargauermuslime.ch\/de\/#organization"},"image":{"@id":"https:\/\/aargauermuslime.ch\/de\/muslimische-seelsorge-im-aargau\/#primaryimage"},"thumbnailUrl":"https:\/\/aargauermuslime.ch\/de\/wp-content\/uploads\/2022\/05\/Musliimische-Seelsorge-Aargau_Logo.jpg","articleSection":["Muslimische Seelsorge im Aargau","News"],"inLanguage":"de"},{"@type":"WebPage","@id":"https:\/\/aargauermuslime.ch\/de\/muslimische-seelsorge-im-aargau\/","url":"https:\/\/aargauermuslime.ch\/de\/muslimische-seelsorge-im-aargau\/","name":"Muslimische Seelsorge im Aargau - Verband Aargauer Muslime (VAM)","isPartOf":{"@id":"https:\/\/aargauermuslime.ch\/de\/#website"},"primaryImageOfPage":{"@id":"https:\/\/aargauermuslime.ch\/de\/muslimische-seelsorge-im-aargau\/#primaryimage"},"image":{"@id":"https:\/\/aargauermuslime.ch\/de\/muslimische-seelsorge-im-aargau\/#primaryimage"},"thumbnailUrl":"https:\/\/aargauermuslime.ch\/de\/wp-content\/uploads\/2022\/05\/Musliimische-Seelsorge-Aargau_Logo.jpg","datePublished":"2022-05-13T13:55:38+00:00","dateModified":"2022-05-13T19:48:20+00:00","breadcrumb":{"@id":"https:\/\/aargauermuslime.ch\/de\/muslimische-seelsorge-im-aargau\/#breadcrumb"},"inLanguage":"de","potentialAction":[{"@type":"ReadAction","target":["https:\/\/aargauermuslime.ch\/de\/muslimische-seelsorge-im-aargau\/"]}]},{"@type":"ImageObject","inLanguage":"de","@id":"https:\/\/aargauermuslime.ch\/de\/muslimische-seelsorge-im-aargau\/#primaryimage","url":"https:\/\/aargauermuslime.ch\/de\/wp-content\/uploads\/2022\/05\/Musliimische-Seelsorge-Aargau_Logo.jpg","contentUrl":"https:\/\/aargauermuslime.ch\/de\/wp-content\/uploads\/2022\/05\/Musliimische-Seelsorge-Aargau_Logo.jpg","width":1280,"height":720},{"@type":"BreadcrumbList","@id":"https:\/\/aargauermuslime.ch\/de\/muslimische-seelsorge-im-aargau\/#breadcrumb","itemListElement":[{"@type":"ListItem","position":1,"name":"Startseite","item":"https:\/\/aargauermuslime.ch\/de\/"},{"@type":"ListItem","position":2,"name":"Muslimische Seelsorge im Aargau"}]},{"@type":"WebSite","@id":"https:\/\/aargauermuslime.ch\/de\/#website","url":"https:\/\/aargauermuslime.ch\/de\/","name":"Verband Aargauer Muslime (VAM)","description":"Dachverband der muslimischen Institutionen im Aargau","publisher":{"@id":"https:\/\/aargauermuslime.ch\/de\/#organization"},"potentialAction":[{"@type":"SearchAction","target":{"@type":"EntryPoint","urlTemplate":"https:\/\/aargauermuslime.ch\/de\/?s={search_term_string}"},"query-input":{"@type":"PropertyValueSpecification","valueRequired":true,"valueName":"search_term_string"}}],"inLanguage":"de"},{"@type":"Organization","@id":"https:\/\/aargauermuslime.ch\/de\/#organization","name":"Verband Aargauer Muslime","alternateName":"VAM","url":"https:\/\/aargauermuslime.ch\/de\/","logo":{"@type":"ImageObject","inLanguage":"de","@id":"https:\/\/aargauermuslime.ch\/de\/#\/schema\/logo\/image\/","url":"https:\/\/aargauermuslime.ch\/de\/wp-content\/uploads\/2019\/07\/VAM-Logo_web.jpg","contentUrl":"https:\/\/aargauermuslime.ch\/de\/wp-content\/uploads\/2019\/07\/VAM-Logo_web.jpg","width":800,"height":181,"caption":"Verband Aargauer Muslime"},"image":{"@id":"https:\/\/aargauermuslime.ch\/de\/#\/schema\/logo\/image\/"},"sameAs":["https:\/\/www.facebook.com\/groups\/aargauermuslime"]},{"@type":"Person","@id":"https:\/\/aargauermuslime.ch\/de\/#\/schema\/person\/310e6c317a37722ccc1fb5815f4bb122","name":"Verwalter5","image":{"@type":"ImageObject","inLanguage":"de","@id":"https:\/\/secure.gravatar.com\/avatar\/65ee8be834871e73d854ad00dfc4031afc2b5c926eac730b926dfe8fee7021c0?s=96&d=mm&r=g","url":"https:\/\/secure.gravatar.com\/avatar\/65ee8be834871e73d854ad00dfc4031afc2b5c926eac730b926dfe8fee7021c0?s=96&d=mm&r=g","contentUrl":"https:\/\/secure.gravatar.com\/avatar\/65ee8be834871e73d854ad00dfc4031afc2b5c926eac730b926dfe8fee7021c0?s=96&d=mm&r=g","caption":"Verwalter5"}}]}},"_links":{"self":[{"href":"https:\/\/aargauermuslime.ch\/de\/wp-json\/wp\/v2\/posts\/3619","targetHints":{"allow":["GET"]}}],"collection":[{"href":"https:\/\/aargauermuslime.ch\/de\/wp-json\/wp\/v2\/posts"}],"about":[{"href":"https:\/\/aargauermuslime.ch\/de\/wp-json\/wp\/v2\/types\/post"}],"author":[{"embeddable":true,"href":"https:\/\/aargauermuslime.ch\/de\/wp-json\/wp\/v2\/users\/4"}],"replies":[{"embeddable":true,"href":"https:\/\/aargauermuslime.ch\/de\/wp-json\/wp\/v2\/comments?post=3619"}],"version-history":[{"count":6,"href":"https:\/\/aargauermuslime.ch\/de\/wp-json\/wp\/v2\/posts\/3619\/revisions"}],"predecessor-version":[{"id":3628,"href":"https:\/\/aargauermuslime.ch\/de\/wp-json\/wp\/v2\/posts\/3619\/revisions\/3628"}],"wp:featuredmedia":[{"embeddable":true,"href":"https:\/\/aargauermuslime.ch\/de\/wp-json\/wp\/v2\/media\/3617"}],"wp:attachment":[{"href":"https:\/\/aargauermuslime.ch\/de\/wp-json\/wp\/v2\/media?parent=3619"}],"wp:term":[{"taxonomy":"category","embeddable":true,"href":"https:\/\/aargauermuslime.ch\/de\/wp-json\/wp\/v2\/categories?post=3619"},{"taxonomy":"post_tag","embeddable":true,"href":"https:\/\/aargauermuslime.ch\/de\/wp-json\/wp\/v2\/tags?post=3619"}],"curies":[{"name":"wp","href":"https:\/\/api.w.org\/{rel}","templated":true}]}}