{"id":3660,"date":"2022-08-15T21:28:18","date_gmt":"2022-08-15T19:28:18","guid":{"rendered":"https:\/\/aargauermuslime.ch\/de\/?p=3660"},"modified":"2022-08-15T21:32:41","modified_gmt":"2022-08-15T19:32:41","slug":"vam-jugendtag-am-3-september-2022","status":"publish","type":"post","link":"https:\/\/aargauermuslime.ch\/de\/vam-jugendtag-am-3-september-2022\/","title":{"rendered":"VAM-Jugendtag am 3. September 2022"},"content":{"rendered":"<p>In diesem Jahr besuchen wir den gr\u00f6ssten <strong>Wasserfall<\/strong> Europas und den coolen <strong>Actionpark<\/strong> in seiner N\u00e4he, machen eine <strong>Bootsfahrt<\/strong> mitten ins Get\u00f6se des Rheinfalls und legen auf der Heimfahrt einen Zwischenstopp in der nagelneu gebauten <a href=\"https:\/\/www.aksacami.ch\/\"><strong>Aksa-Moschee<\/strong><\/a> in Schaffhausen ein.<\/p>\n<p>Der <strong>Adventure-Park am Rheinfall<\/strong> garantiert ein unvergessliches Erlebnis in den Baumwipfeln mit einem atemberaubenden Blick direkt auf den Rheinfall. Balanciere von Baum zu Baum auf elf verschiedenen Parcours \u2013 oder st\u00fcrze im freien Fall mit sanfter Landung von einer \u00fcber 13 Meter hohen Plattform &#8211; gesichert mit dem Powerfan \u2013 einer Schweizer Neuheit!<\/p>\n<p>Weitere Infos zum Adventure-Park finden sich unter <a href=\"https:\/\/ap-rheinfall.ch\/\" target=\"_blank\" rel=\"noopener\">https:\/\/ap-rheinfall.ch\/<\/a>.<\/p>\n<p><strong>Weitere Infos sowie Anmeldung<\/strong>: Siehe <a href=\"https:\/\/aargauermuslime.ch\/de\/wp-content\/uploads\/2022\/08\/VAM-Jugendtag_2022_Flyer_Final.pdf\" target=\"_blank\" rel=\"noreferrer noopener\">Flyer<\/a>.<\/p>\n","protected":false},"excerpt":{"rendered":"<p>In diesem Jahr besuchen wir den gr\u00f6ssten Wasserfall Europas und den coolen Actionpark in seiner N\u00e4he, machen eine Bootsfahrt mitten ins Get\u00f6se des Rheinfalls und legen auf der Heimfahrt einen [&hellip;]<\/p>\n","protected":false},"author":4,"featured_media":3308,"comment_status":"closed","ping_status":"closed","sticky":false,"template":"","format":"standard","meta":{"_et_pb_use_builder":"","_et_pb_old_content":"","_et_gb_content_width":"","ngg_post_thumbnail":0,"footnotes":""},"categories":[3],"tags":[],"class_list":["post-3660","post","type-post","status-publish","format-standard","has-post-thumbnail","hentry","category-news"],"yoast_head":"<!-- This site is optimized with the Yoast SEO plugin v27.4 - https:\/\/yoast.com\/product\/yoast-seo-wordpress\/ -->\n<title>VAM-Jugendtag am 3. September 2022 - Verband Aargauer Muslime (VAM)<\/title>\n<meta name=\"robots\" content=\"index, follow, max-snippet:-1, max-image-preview:large, max-video-preview:-1\" \/>\n<link rel=\"canonical\" href=\"https:\/\/aargauermuslime.ch\/de\/vam-jugendtag-am-3-september-2022\/\" \/>\n<meta property=\"og:locale\" content=\"de_DE\" \/>\n<meta property=\"og:type\" content=\"article\" \/>\n<meta property=\"og:title\" content=\"VAM-Jugendtag am 3. September 2022 - Verband Aargauer Muslime (VAM)\" \/>\n<meta property=\"og:description\" content=\"In diesem Jahr besuchen wir den gr\u00f6ssten Wasserfall Europas und den coolen Actionpark in seiner N\u00e4he, machen eine Bootsfahrt mitten ins Get\u00f6se des Rheinfalls und legen auf der Heimfahrt einen [&hellip;]\" \/>\n<meta property=\"og:url\" content=\"https:\/\/aargauermuslime.ch\/de\/vam-jugendtag-am-3-september-2022\/\" \/>\n<meta property=\"og:site_name\" content=\"Verband Aargauer Muslime (VAM)\" \/>\n<meta property=\"article:publisher\" content=\"https:\/\/www.facebook.com\/groups\/aargauermuslime\" \/>\n<meta property=\"article:published_time\" content=\"2022-08-15T19:28:18+00:00\" \/>\n<meta property=\"article:modified_time\" content=\"2022-08-15T19:32:41+00:00\" \/>\n<meta property=\"og:image\" content=\"https:\/\/aargauermuslime.ch\/de\/wp-content\/uploads\/2021\/10\/VAM-Jugendtag_2021_Beitragsbild.jpg\" \/>\n\t<meta property=\"og:image:width\" content=\"800\" \/>\n\t<meta property=\"og:image:height\" content=\"600\" \/>\n\t<meta property=\"og:image:type\" content=\"image\/jpeg\" \/>\n<meta name=\"author\" content=\"Verwalter5\" \/>\n<meta name=\"twitter:card\" content=\"summary_large_image\" \/>\n<meta name=\"twitter:label1\" content=\"Verfasst von\" \/>\n\t<meta name=\"twitter:data1\" content=\"Verwalter5\" \/>\n\t<meta name=\"twitter:label2\" content=\"Gesch\u00e4tzte Lesezeit\" \/>\n\t<meta name=\"twitter:data2\" content=\"1\u00a0Minute\" \/>\n<script type=\"application\/ld+json\" class=\"yoast-schema-graph\">{\"@context\":\"https:\\\/\\\/schema.org\",\"@graph\":[{\"@type\":\"Article\",\"@id\":\"https:\\\/\\\/aargauermuslime.ch\\\/de\\\/vam-jugendtag-am-3-september-2022\\\/#article\",\"isPartOf\":{\"@id\":\"https:\\\/\\\/aargauermuslime.ch\\\/de\\\/vam-jugendtag-am-3-september-2022\\\/\"},\"author\":{\"name\":\"Verwalter5\",\"@id\":\"https:\\\/\\\/aargauermuslime.ch\\\/de\\\/#\\\/schema\\\/person\\\/310e6c317a37722ccc1fb5815f4bb122\"},\"headline\":\"VAM-Jugendtag am 3. September 2022\",\"datePublished\":\"2022-08-15T19:28:18+00:00\",\"dateModified\":\"2022-08-15T19:32:41+00:00\",\"mainEntityOfPage\":{\"@id\":\"https:\\\/\\\/aargauermuslime.ch\\\/de\\\/vam-jugendtag-am-3-september-2022\\\/\"},\"wordCount\":112,\"publisher\":{\"@id\":\"https:\\\/\\\/aargauermuslime.ch\\\/de\\\/#organization\"},\"image\":{\"@id\":\"https:\\\/\\\/aargauermuslime.ch\\\/de\\\/vam-jugendtag-am-3-september-2022\\\/#primaryimage\"},\"thumbnailUrl\":\"https:\\\/\\\/aargauermuslime.ch\\\/de\\\/wp-content\\\/uploads\\\/2021\\\/10\\\/VAM-Jugendtag_2021_Beitragsbild.jpg\",\"articleSection\":[\"News\"],\"inLanguage\":\"de\"},{\"@type\":\"WebPage\",\"@id\":\"https:\\\/\\\/aargauermuslime.ch\\\/de\\\/vam-jugendtag-am-3-september-2022\\\/\",\"url\":\"https:\\\/\\\/aargauermuslime.ch\\\/de\\\/vam-jugendtag-am-3-september-2022\\\/\",\"name\":\"VAM-Jugendtag am 3. September 2022 - Verband Aargauer Muslime (VAM)\",\"isPartOf\":{\"@id\":\"https:\\\/\\\/aargauermuslime.ch\\\/de\\\/#website\"},\"primaryImageOfPage\":{\"@id\":\"https:\\\/\\\/aargauermuslime.ch\\\/de\\\/vam-jugendtag-am-3-september-2022\\\/#primaryimage\"},\"image\":{\"@id\":\"https:\\\/\\\/aargauermuslime.ch\\\/de\\\/vam-jugendtag-am-3-september-2022\\\/#primaryimage\"},\"thumbnailUrl\":\"https:\\\/\\\/aargauermuslime.ch\\\/de\\\/wp-content\\\/uploads\\\/2021\\\/10\\\/VAM-Jugendtag_2021_Beitragsbild.jpg\",\"datePublished\":\"2022-08-15T19:28:18+00:00\",\"dateModified\":\"2022-08-15T19:32:41+00:00\",\"breadcrumb\":{\"@id\":\"https:\\\/\\\/aargauermuslime.ch\\\/de\\\/vam-jugendtag-am-3-september-2022\\\/#breadcrumb\"},\"inLanguage\":\"de\",\"potentialAction\":[{\"@type\":\"ReadAction\",\"target\":[\"https:\\\/\\\/aargauermuslime.ch\\\/de\\\/vam-jugendtag-am-3-september-2022\\\/\"]}]},{\"@type\":\"ImageObject\",\"inLanguage\":\"de\",\"@id\":\"https:\\\/\\\/aargauermuslime.ch\\\/de\\\/vam-jugendtag-am-3-september-2022\\\/#primaryimage\",\"url\":\"https:\\\/\\\/aargauermuslime.ch\\\/de\\\/wp-content\\\/uploads\\\/2021\\\/10\\\/VAM-Jugendtag_2021_Beitragsbild.jpg\",\"contentUrl\":\"https:\\\/\\\/aargauermuslime.ch\\\/de\\\/wp-content\\\/uploads\\\/2021\\\/10\\\/VAM-Jugendtag_2021_Beitragsbild.jpg\",\"width\":800,\"height\":600},{\"@type\":\"BreadcrumbList\",\"@id\":\"https:\\\/\\\/aargauermuslime.ch\\\/de\\\/vam-jugendtag-am-3-september-2022\\\/#breadcrumb\",\"itemListElement\":[{\"@type\":\"ListItem\",\"position\":1,\"name\":\"Startseite\",\"item\":\"https:\\\/\\\/aargauermuslime.ch\\\/de\\\/\"},{\"@type\":\"ListItem\",\"position\":2,\"name\":\"VAM-Jugendtag am 3. September 2022\"}]},{\"@type\":\"WebSite\",\"@id\":\"https:\\\/\\\/aargauermuslime.ch\\\/de\\\/#website\",\"url\":\"https:\\\/\\\/aargauermuslime.ch\\\/de\\\/\",\"name\":\"Verband Aargauer Muslime (VAM)\",\"description\":\"Dachverband der muslimischen Institutionen im Aargau\",\"publisher\":{\"@id\":\"https:\\\/\\\/aargauermuslime.ch\\\/de\\\/#organization\"},\"potentialAction\":[{\"@type\":\"SearchAction\",\"target\":{\"@type\":\"EntryPoint\",\"urlTemplate\":\"https:\\\/\\\/aargauermuslime.ch\\\/de\\\/?s={search_term_string}\"},\"query-input\":{\"@type\":\"PropertyValueSpecification\",\"valueRequired\":true,\"valueName\":\"search_term_string\"}}],\"inLanguage\":\"de\"},{\"@type\":\"Organization\",\"@id\":\"https:\\\/\\\/aargauermuslime.ch\\\/de\\\/#organization\",\"name\":\"Verband Aargauer Muslime\",\"alternateName\":\"VAM\",\"url\":\"https:\\\/\\\/aargauermuslime.ch\\\/de\\\/\",\"logo\":{\"@type\":\"ImageObject\",\"inLanguage\":\"de\",\"@id\":\"https:\\\/\\\/aargauermuslime.ch\\\/de\\\/#\\\/schema\\\/logo\\\/image\\\/\",\"url\":\"https:\\\/\\\/aargauermuslime.ch\\\/de\\\/wp-content\\\/uploads\\\/2019\\\/07\\\/VAM-Logo_web.jpg\",\"contentUrl\":\"https:\\\/\\\/aargauermuslime.ch\\\/de\\\/wp-content\\\/uploads\\\/2019\\\/07\\\/VAM-Logo_web.jpg\",\"width\":800,\"height\":181,\"caption\":\"Verband Aargauer Muslime\"},\"image\":{\"@id\":\"https:\\\/\\\/aargauermuslime.ch\\\/de\\\/#\\\/schema\\\/logo\\\/image\\\/\"},\"sameAs\":[\"https:\\\/\\\/www.facebook.com\\\/groups\\\/aargauermuslime\"]},{\"@type\":\"Person\",\"@id\":\"https:\\\/\\\/aargauermuslime.ch\\\/de\\\/#\\\/schema\\\/person\\\/310e6c317a37722ccc1fb5815f4bb122\",\"name\":\"Verwalter5\",\"image\":{\"@type\":\"ImageObject\",\"inLanguage\":\"de\",\"@id\":\"https:\\\/\\\/secure.gravatar.com\\\/avatar\\\/65ee8be834871e73d854ad00dfc4031afc2b5c926eac730b926dfe8fee7021c0?s=96&d=mm&r=g\",\"url\":\"https:\\\/\\\/secure.gravatar.com\\\/avatar\\\/65ee8be834871e73d854ad00dfc4031afc2b5c926eac730b926dfe8fee7021c0?s=96&d=mm&r=g\",\"contentUrl\":\"https:\\\/\\\/secure.gravatar.com\\\/avatar\\\/65ee8be834871e73d854ad00dfc4031afc2b5c926eac730b926dfe8fee7021c0?s=96&d=mm&r=g\",\"caption\":\"Verwalter5\"}}]}<\/script>\n<!-- \/ Yoast SEO plugin. -->","yoast_head_json":{"title":"VAM-Jugendtag am 3. September 2022 - Verband Aargauer Muslime (VAM)","robots":{"index":"index","follow":"follow","max-snippet":"max-snippet:-1","max-image-preview":"max-image-preview:large","max-video-preview":"max-video-preview:-1"},"canonical":"https:\/\/aargauermuslime.ch\/de\/vam-jugendtag-am-3-september-2022\/","og_locale":"de_DE","og_type":"article","og_title":"VAM-Jugendtag am 3. September 2022 - Verband Aargauer Muslime (VAM)","og_description":"In diesem Jahr besuchen wir den gr\u00f6ssten Wasserfall Europas und den coolen Actionpark in seiner N\u00e4he, machen eine Bootsfahrt mitten ins Get\u00f6se des Rheinfalls und legen auf der Heimfahrt einen [&hellip;]","og_url":"https:\/\/aargauermuslime.ch\/de\/vam-jugendtag-am-3-september-2022\/","og_site_name":"Verband Aargauer Muslime (VAM)","article_publisher":"https:\/\/www.facebook.com\/groups\/aargauermuslime","article_published_time":"2022-08-15T19:28:18+00:00","article_modified_time":"2022-08-15T19:32:41+00:00","og_image":[{"width":800,"height":600,"url":"https:\/\/aargauermuslime.ch\/de\/wp-content\/uploads\/2021\/10\/VAM-Jugendtag_2021_Beitragsbild.jpg","type":"image\/jpeg"}],"author":"Verwalter5","twitter_card":"summary_large_image","twitter_misc":{"Verfasst von":"Verwalter5","Gesch\u00e4tzte Lesezeit":"1\u00a0Minute"},"schema":{"@context":"https:\/\/schema.org","@graph":[{"@type":"Article","@id":"https:\/\/aargauermuslime.ch\/de\/vam-jugendtag-am-3-september-2022\/#article","isPartOf":{"@id":"https:\/\/aargauermuslime.ch\/de\/vam-jugendtag-am-3-september-2022\/"},"author":{"name":"Verwalter5","@id":"https:\/\/aargauermuslime.ch\/de\/#\/schema\/person\/310e6c317a37722ccc1fb5815f4bb122"},"headline":"VAM-Jugendtag am 3. September 2022","datePublished":"2022-08-15T19:28:18+00:00","dateModified":"2022-08-15T19:32:41+00:00","mainEntityOfPage":{"@id":"https:\/\/aargauermuslime.ch\/de\/vam-jugendtag-am-3-september-2022\/"},"wordCount":112,"publisher":{"@id":"https:\/\/aargauermuslime.ch\/de\/#organization"},"image":{"@id":"https:\/\/aargauermuslime.ch\/de\/vam-jugendtag-am-3-september-2022\/#primaryimage"},"thumbnailUrl":"https:\/\/aargauermuslime.ch\/de\/wp-content\/uploads\/2021\/10\/VAM-Jugendtag_2021_Beitragsbild.jpg","articleSection":["News"],"inLanguage":"de"},{"@type":"WebPage","@id":"https:\/\/aargauermuslime.ch\/de\/vam-jugendtag-am-3-september-2022\/","url":"https:\/\/aargauermuslime.ch\/de\/vam-jugendtag-am-3-september-2022\/","name":"VAM-Jugendtag am 3. September 2022 - Verband Aargauer Muslime (VAM)","isPartOf":{"@id":"https:\/\/aargauermuslime.ch\/de\/#website"},"primaryImageOfPage":{"@id":"https:\/\/aargauermuslime.ch\/de\/vam-jugendtag-am-3-september-2022\/#primaryimage"},"image":{"@id":"https:\/\/aargauermuslime.ch\/de\/vam-jugendtag-am-3-september-2022\/#primaryimage"},"thumbnailUrl":"https:\/\/aargauermuslime.ch\/de\/wp-content\/uploads\/2021\/10\/VAM-Jugendtag_2021_Beitragsbild.jpg","datePublished":"2022-08-15T19:28:18+00:00","dateModified":"2022-08-15T19:32:41+00:00","breadcrumb":{"@id":"https:\/\/aargauermuslime.ch\/de\/vam-jugendtag-am-3-september-2022\/#breadcrumb"},"inLanguage":"de","potentialAction":[{"@type":"ReadAction","target":["https:\/\/aargauermuslime.ch\/de\/vam-jugendtag-am-3-september-2022\/"]}]},{"@type":"ImageObject","inLanguage":"de","@id":"https:\/\/aargauermuslime.ch\/de\/vam-jugendtag-am-3-september-2022\/#primaryimage","url":"https:\/\/aargauermuslime.ch\/de\/wp-content\/uploads\/2021\/10\/VAM-Jugendtag_2021_Beitragsbild.jpg","contentUrl":"https:\/\/aargauermuslime.ch\/de\/wp-content\/uploads\/2021\/10\/VAM-Jugendtag_2021_Beitragsbild.jpg","width":800,"height":600},{"@type":"BreadcrumbList","@id":"https:\/\/aargauermuslime.ch\/de\/vam-jugendtag-am-3-september-2022\/#breadcrumb","itemListElement":[{"@type":"ListItem","position":1,"name":"Startseite","item":"https:\/\/aargauermuslime.ch\/de\/"},{"@type":"ListItem","position":2,"name":"VAM-Jugendtag am 3. September 2022"}]},{"@type":"WebSite","@id":"https:\/\/aargauermuslime.ch\/de\/#website","url":"https:\/\/aargauermuslime.ch\/de\/","name":"Verband Aargauer Muslime (VAM)","description":"Dachverband der muslimischen Institutionen im Aargau","publisher":{"@id":"https:\/\/aargauermuslime.ch\/de\/#organization"},"potentialAction":[{"@type":"SearchAction","target":{"@type":"EntryPoint","urlTemplate":"https:\/\/aargauermuslime.ch\/de\/?s={search_term_string}"},"query-input":{"@type":"PropertyValueSpecification","valueRequired":true,"valueName":"search_term_string"}}],"inLanguage":"de"},{"@type":"Organization","@id":"https:\/\/aargauermuslime.ch\/de\/#organization","name":"Verband Aargauer Muslime","alternateName":"VAM","url":"https:\/\/aargauermuslime.ch\/de\/","logo":{"@type":"ImageObject","inLanguage":"de","@id":"https:\/\/aargauermuslime.ch\/de\/#\/schema\/logo\/image\/","url":"https:\/\/aargauermuslime.ch\/de\/wp-content\/uploads\/2019\/07\/VAM-Logo_web.jpg","contentUrl":"https:\/\/aargauermuslime.ch\/de\/wp-content\/uploads\/2019\/07\/VAM-Logo_web.jpg","width":800,"height":181,"caption":"Verband Aargauer Muslime"},"image":{"@id":"https:\/\/aargauermuslime.ch\/de\/#\/schema\/logo\/image\/"},"sameAs":["https:\/\/www.facebook.com\/groups\/aargauermuslime"]},{"@type":"Person","@id":"https:\/\/aargauermuslime.ch\/de\/#\/schema\/person\/310e6c317a37722ccc1fb5815f4bb122","name":"Verwalter5","image":{"@type":"ImageObject","inLanguage":"de","@id":"https:\/\/secure.gravatar.com\/avatar\/65ee8be834871e73d854ad00dfc4031afc2b5c926eac730b926dfe8fee7021c0?s=96&d=mm&r=g","url":"https:\/\/secure.gravatar.com\/avatar\/65ee8be834871e73d854ad00dfc4031afc2b5c926eac730b926dfe8fee7021c0?s=96&d=mm&r=g","contentUrl":"https:\/\/secure.gravatar.com\/avatar\/65ee8be834871e73d854ad00dfc4031afc2b5c926eac730b926dfe8fee7021c0?s=96&d=mm&r=g","caption":"Verwalter5"}}]}},"_links":{"self":[{"href":"https:\/\/aargauermuslime.ch\/de\/wp-json\/wp\/v2\/posts\/3660","targetHints":{"allow":["GET"]}}],"collection":[{"href":"https:\/\/aargauermuslime.ch\/de\/wp-json\/wp\/v2\/posts"}],"about":[{"href":"https:\/\/aargauermuslime.ch\/de\/wp-json\/wp\/v2\/types\/post"}],"author":[{"embeddable":true,"href":"https:\/\/aargauermuslime.ch\/de\/wp-json\/wp\/v2\/users\/4"}],"replies":[{"embeddable":true,"href":"https:\/\/aargauermuslime.ch\/de\/wp-json\/wp\/v2\/comments?post=3660"}],"version-history":[{"count":4,"href":"https:\/\/aargauermuslime.ch\/de\/wp-json\/wp\/v2\/posts\/3660\/revisions"}],"predecessor-version":[{"id":3668,"href":"https:\/\/aargauermuslime.ch\/de\/wp-json\/wp\/v2\/posts\/3660\/revisions\/3668"}],"wp:featuredmedia":[{"embeddable":true,"href":"https:\/\/aargauermuslime.ch\/de\/wp-json\/wp\/v2\/media\/3308"}],"wp:attachment":[{"href":"https:\/\/aargauermuslime.ch\/de\/wp-json\/wp\/v2\/media?parent=3660"}],"wp:term":[{"taxonomy":"category","embeddable":true,"href":"https:\/\/aargauermuslime.ch\/de\/wp-json\/wp\/v2\/categories?post=3660"},{"taxonomy":"post_tag","embeddable":true,"href":"https:\/\/aargauermuslime.ch\/de\/wp-json\/wp\/v2\/tags?post=3660"}],"curies":[{"name":"wp","href":"https:\/\/api.w.org\/{rel}","templated":true}]}}