{"id":3693,"date":"2022-09-11T20:10:39","date_gmt":"2022-09-11T18:10:39","guid":{"rendered":"https:\/\/aargauermuslime.ch\/de\/?p=3693"},"modified":"2022-09-12T07:58:34","modified_gmt":"2022-09-12T05:58:34","slug":"erste-workshops-zum-vam-kurzfilm-tariqs-weg-erfolgreich-durchgefuehrt","status":"publish","type":"post","link":"https:\/\/aargauermuslime.ch\/de\/erste-workshops-zum-vam-kurzfilm-tariqs-weg-erfolgreich-durchgefuehrt\/","title":{"rendered":"Erste Workshops zum VAM-Kurzfilm \u00abTariqs Weg\u00bb erfolgreich durchgef\u00fchrt"},"content":{"rendered":"<p><i>von Hamit Duran, Turgi<\/i><\/p>\n<p>Am 19. M\u00e4rz 2022 ging die <strong><a href=\"https:\/\/aargauermuslime.ch\/de\/erfolgreiche-premiere-des-vam-kurzfilms-tariqs-weg\/\" target=\"_blank\" rel=\"noopener\">Filmpremiere des VAM-Kurzfilms \u00abTariqs Weg\u00bb<\/a><\/strong> zusammen mit der Award-Verleihung f\u00fcr die Beteiligten im Kino Trafo 5 in Baden \u00fcber die B\u00fchne. Damit hatte hat das kleine Projektteam, das seit Ende 2019 an der Realisierung dieses Kurzfilms zum Thema \u00ab<b>Verhinderung und Bek\u00e4mpfung von Radikalisierung und gewaltt\u00e4tigem Extremismus<\/b>\u00bb einen \u00e4usserst wichtigen Meilenstein erreicht.<\/p>\n<p>Ein wichtiger Bestandteil dieses durch Bund und Kanton finanziell unterst\u00fctzten Projektes ist die Durchf\u00fchrung von <b>Workshops<\/b>, an denen Jugendliche die Gelegenheit erhalten, sich vertieft mit dem Thema auseinanderzusetzen, um einerseits nicht selbst Opfer von Extremismus zu werden und um Tendenzen bei Freunden, Kollegen etc. besser erkennen zu k\u00f6nnen. Als Durchf\u00fchrungsorte eignen sich hierf\u00fcr insbesondere Schulen, Jugendtreffs, aber auch Moscheen, Kirchgemeinden etc.<\/p>\n<p>In der Zwischenzeit konnte der VAM schon einige Workshops in <strong>Aargauer Moscheen<\/strong> durchf\u00fchren, darunter in den t\u00fcrkischen Moscheen in D\u00f6ttingen und Wohlen. Exemplarisch sei hier \u00fcber den Workshop in der bosnischen Moschee in Oberentfelden, der am 4. September 2022 durchgef\u00fchrt wurde, berichtet. Ca. 34 Jungen und M\u00e4dchen im Alter von 9 bis 14 Jahren nahmen teil.<\/p>\n<p>Nach einer kurzen Einf\u00fchrung durch den Workshopleiter, einem Jugendpsychiater aus der bosnischen Gemeinschaft, wurde der Film vorgef\u00fchrt. Dank des guten Soundsystems konnte dieser seine volle Wirkung entfalten. Dies zeigte sich unter anderem daran, dass die Kinder auf eine anschliessende Frage des Workshopleiters, was ihnen am Film denn nicht gefallen habe, spontane Antworten kamen wie \u00abDer Vater\u00bb, \u00abdie Mutter\u00bb oder \u00abder Lehrer\u00bb. Damit war aber nicht etwa gemeint, dass die entsprechenden Schauspieler ihre Rolle schlecht gespielt h\u00e4tten. Vielmehr meinten die Kinder damit, dass sie das Verhalten der Personen im Film nicht gut fanden. Mit anderen Worten: Die&nbsp; Kinder hatten den Film gar nicht mehr als solches wahrgenommen, sondern waren v\u00f6llig in der Story aufgegangen! Dazu passte auch, dass viele ihre Trauer und Wut \u00fcber das Schicksal des Protagonisten Tariq zum Ausdruck brachten.<\/p>\n<p>Nach dieser ersten gemeinsamen Diskussion wurde eine 15-min\u00fctige Pause eingelegt, und danach wurden <strong>f\u00fcnf Gruppen<\/strong> gebildet, welche anhand von vorbereiteten Fragen die Thematik weiter vertiefen sollten. Dies wurde auch sehr rege getan, wobei sich aber auch zeigte, dass die j\u00fcngeren Teilnehmerinnen und Teilnehmer&nbsp; M\u00fche mit Begriffen wie \u00abRadikalisierungsfaktoren\u00bb etc. bekundeten. Nichtsdestotrotz waren die Diskussionen sehr angeregt und in der abschliessenden Plenumsdiskussion stellte ich heraus, dass einige der Sch\u00fclerinnen und Sch\u00fcler bereits \u00e4hnliche Erfahrungen wie Tariq im schulischen Umfeld gemacht oder beobachtet haben. Dabei war <strong>Mobbing<\/strong> immer wieder ein Thema.<\/p>\n<p>Es war auch sehr befriedigend zu sehen, dass insbesondere die \u00e4lteren Teilnehmerinnen und Teilnehmer in der Lage waren, Radikalisierungsfaktoren korrekt zu benennen und auch zu erkennen, wann jemand Gefahr l\u00e4uft, sich zu radikalisieren. Damit wurde das Ziel des Workshops vollumf\u00e4nglich erreicht, alhamdulillah. Nach rund anderthalb Stunden war die Veranstaltung dann beendet. Es sei an dieser Stelle auch angemerkt, dass das von uns bereitgestellte <strong>Begleit- und Unterrichtsmaterial,<\/strong> welches im <strong><a href=\"https:\/\/aargauermuslime.ch\/dokuwiki\/doku.php\">Fachregister<\/a> <\/strong>zur Verf\u00fcgung steht, sowohl bei der Vorbereitung als auch bei der Durchf\u00fchrung sehr gute Dienste leistete.<\/p>\n<p>Wir hoffen, noch viele derart erfolgreiche Workshops in verschiedenen Institutionen durchf\u00fchren zu k\u00f6nnen.<\/p>\n","protected":false},"excerpt":{"rendered":"<p>von Hamit Duran, Turgi Am 19. M\u00e4rz 2022 ging die Filmpremiere des VAM-Kurzfilms \u00abTariqs Weg\u00bb zusammen mit der Award-Verleihung f\u00fcr die Beteiligten im Kino Trafo 5 in Baden \u00fcber die [&hellip;]<\/p>\n","protected":false},"author":4,"featured_media":3695,"comment_status":"closed","ping_status":"closed","sticky":false,"template":"","format":"standard","meta":{"_et_pb_use_builder":"","_et_pb_old_content":"","_et_gb_content_width":"","ngg_post_thumbnail":0,"footnotes":""},"categories":[3,59],"tags":[],"class_list":["post-3693","post","type-post","status-publish","format-standard","has-post-thumbnail","hentry","category-news","category-vam-filmprojekt"],"yoast_head":"<!-- This site is optimized with the Yoast SEO plugin v27.4 - https:\/\/yoast.com\/product\/yoast-seo-wordpress\/ -->\n<title>Erste Workshops zum VAM-Kurzfilm \u00abTariqs Weg\u00bb erfolgreich durchgef\u00fchrt - Verband Aargauer Muslime (VAM)<\/title>\n<meta name=\"robots\" content=\"index, follow, max-snippet:-1, max-image-preview:large, max-video-preview:-1\" \/>\n<link rel=\"canonical\" href=\"https:\/\/aargauermuslime.ch\/de\/erste-workshops-zum-vam-kurzfilm-tariqs-weg-erfolgreich-durchgefuehrt\/\" \/>\n<meta property=\"og:locale\" content=\"de_DE\" \/>\n<meta property=\"og:type\" content=\"article\" \/>\n<meta property=\"og:title\" content=\"Erste Workshops zum VAM-Kurzfilm \u00abTariqs Weg\u00bb erfolgreich durchgef\u00fchrt - Verband Aargauer Muslime (VAM)\" \/>\n<meta property=\"og:description\" content=\"von Hamit Duran, Turgi Am 19. M\u00e4rz 2022 ging die Filmpremiere des VAM-Kurzfilms \u00abTariqs Weg\u00bb zusammen mit der Award-Verleihung f\u00fcr die Beteiligten im Kino Trafo 5 in Baden \u00fcber die [&hellip;]\" \/>\n<meta property=\"og:url\" content=\"https:\/\/aargauermuslime.ch\/de\/erste-workshops-zum-vam-kurzfilm-tariqs-weg-erfolgreich-durchgefuehrt\/\" \/>\n<meta property=\"og:site_name\" content=\"Verband Aargauer Muslime (VAM)\" \/>\n<meta property=\"article:publisher\" content=\"https:\/\/www.facebook.com\/groups\/aargauermuslime\" \/>\n<meta property=\"article:published_time\" content=\"2022-09-11T18:10:39+00:00\" \/>\n<meta property=\"article:modified_time\" content=\"2022-09-12T05:58:34+00:00\" \/>\n<meta property=\"og:image\" content=\"https:\/\/aargauermuslime.ch\/de\/wp-content\/uploads\/2022\/09\/Tariq_Cover.jpg\" \/>\n\t<meta property=\"og:image:width\" content=\"885\" \/>\n\t<meta property=\"og:image:height\" content=\"899\" \/>\n\t<meta property=\"og:image:type\" content=\"image\/jpeg\" \/>\n<meta name=\"author\" content=\"Verwalter5\" \/>\n<meta name=\"twitter:card\" content=\"summary_large_image\" \/>\n<meta name=\"twitter:label1\" content=\"Verfasst von\" \/>\n\t<meta name=\"twitter:data1\" content=\"Verwalter5\" \/>\n\t<meta name=\"twitter:label2\" content=\"Gesch\u00e4tzte Lesezeit\" \/>\n\t<meta name=\"twitter:data2\" content=\"3\u00a0Minuten\" \/>\n<script type=\"application\/ld+json\" class=\"yoast-schema-graph\">{\"@context\":\"https:\\\/\\\/schema.org\",\"@graph\":[{\"@type\":\"Article\",\"@id\":\"https:\\\/\\\/aargauermuslime.ch\\\/de\\\/erste-workshops-zum-vam-kurzfilm-tariqs-weg-erfolgreich-durchgefuehrt\\\/#article\",\"isPartOf\":{\"@id\":\"https:\\\/\\\/aargauermuslime.ch\\\/de\\\/erste-workshops-zum-vam-kurzfilm-tariqs-weg-erfolgreich-durchgefuehrt\\\/\"},\"author\":{\"name\":\"Verwalter5\",\"@id\":\"https:\\\/\\\/aargauermuslime.ch\\\/de\\\/#\\\/schema\\\/person\\\/310e6c317a37722ccc1fb5815f4bb122\"},\"headline\":\"Erste Workshops zum VAM-Kurzfilm \u00abTariqs Weg\u00bb erfolgreich durchgef\u00fchrt\",\"datePublished\":\"2022-09-11T18:10:39+00:00\",\"dateModified\":\"2022-09-12T05:58:34+00:00\",\"mainEntityOfPage\":{\"@id\":\"https:\\\/\\\/aargauermuslime.ch\\\/de\\\/erste-workshops-zum-vam-kurzfilm-tariqs-weg-erfolgreich-durchgefuehrt\\\/\"},\"wordCount\":529,\"publisher\":{\"@id\":\"https:\\\/\\\/aargauermuslime.ch\\\/de\\\/#organization\"},\"image\":{\"@id\":\"https:\\\/\\\/aargauermuslime.ch\\\/de\\\/erste-workshops-zum-vam-kurzfilm-tariqs-weg-erfolgreich-durchgefuehrt\\\/#primaryimage\"},\"thumbnailUrl\":\"https:\\\/\\\/aargauermuslime.ch\\\/de\\\/wp-content\\\/uploads\\\/2022\\\/09\\\/Tariq_Cover.jpg\",\"articleSection\":[\"News\",\"VAM-Filmprojekt\"],\"inLanguage\":\"de\"},{\"@type\":\"WebPage\",\"@id\":\"https:\\\/\\\/aargauermuslime.ch\\\/de\\\/erste-workshops-zum-vam-kurzfilm-tariqs-weg-erfolgreich-durchgefuehrt\\\/\",\"url\":\"https:\\\/\\\/aargauermuslime.ch\\\/de\\\/erste-workshops-zum-vam-kurzfilm-tariqs-weg-erfolgreich-durchgefuehrt\\\/\",\"name\":\"Erste Workshops zum VAM-Kurzfilm \u00abTariqs Weg\u00bb erfolgreich durchgef\u00fchrt - Verband Aargauer Muslime (VAM)\",\"isPartOf\":{\"@id\":\"https:\\\/\\\/aargauermuslime.ch\\\/de\\\/#website\"},\"primaryImageOfPage\":{\"@id\":\"https:\\\/\\\/aargauermuslime.ch\\\/de\\\/erste-workshops-zum-vam-kurzfilm-tariqs-weg-erfolgreich-durchgefuehrt\\\/#primaryimage\"},\"image\":{\"@id\":\"https:\\\/\\\/aargauermuslime.ch\\\/de\\\/erste-workshops-zum-vam-kurzfilm-tariqs-weg-erfolgreich-durchgefuehrt\\\/#primaryimage\"},\"thumbnailUrl\":\"https:\\\/\\\/aargauermuslime.ch\\\/de\\\/wp-content\\\/uploads\\\/2022\\\/09\\\/Tariq_Cover.jpg\",\"datePublished\":\"2022-09-11T18:10:39+00:00\",\"dateModified\":\"2022-09-12T05:58:34+00:00\",\"breadcrumb\":{\"@id\":\"https:\\\/\\\/aargauermuslime.ch\\\/de\\\/erste-workshops-zum-vam-kurzfilm-tariqs-weg-erfolgreich-durchgefuehrt\\\/#breadcrumb\"},\"inLanguage\":\"de\",\"potentialAction\":[{\"@type\":\"ReadAction\",\"target\":[\"https:\\\/\\\/aargauermuslime.ch\\\/de\\\/erste-workshops-zum-vam-kurzfilm-tariqs-weg-erfolgreich-durchgefuehrt\\\/\"]}]},{\"@type\":\"ImageObject\",\"inLanguage\":\"de\",\"@id\":\"https:\\\/\\\/aargauermuslime.ch\\\/de\\\/erste-workshops-zum-vam-kurzfilm-tariqs-weg-erfolgreich-durchgefuehrt\\\/#primaryimage\",\"url\":\"https:\\\/\\\/aargauermuslime.ch\\\/de\\\/wp-content\\\/uploads\\\/2022\\\/09\\\/Tariq_Cover.jpg\",\"contentUrl\":\"https:\\\/\\\/aargauermuslime.ch\\\/de\\\/wp-content\\\/uploads\\\/2022\\\/09\\\/Tariq_Cover.jpg\",\"width\":885,\"height\":899},{\"@type\":\"BreadcrumbList\",\"@id\":\"https:\\\/\\\/aargauermuslime.ch\\\/de\\\/erste-workshops-zum-vam-kurzfilm-tariqs-weg-erfolgreich-durchgefuehrt\\\/#breadcrumb\",\"itemListElement\":[{\"@type\":\"ListItem\",\"position\":1,\"name\":\"Startseite\",\"item\":\"https:\\\/\\\/aargauermuslime.ch\\\/de\\\/\"},{\"@type\":\"ListItem\",\"position\":2,\"name\":\"Erste Workshops zum VAM-Kurzfilm \u00abTariqs Weg\u00bb erfolgreich durchgef\u00fchrt\"}]},{\"@type\":\"WebSite\",\"@id\":\"https:\\\/\\\/aargauermuslime.ch\\\/de\\\/#website\",\"url\":\"https:\\\/\\\/aargauermuslime.ch\\\/de\\\/\",\"name\":\"Verband Aargauer Muslime (VAM)\",\"description\":\"Dachverband der muslimischen Institutionen im Aargau\",\"publisher\":{\"@id\":\"https:\\\/\\\/aargauermuslime.ch\\\/de\\\/#organization\"},\"potentialAction\":[{\"@type\":\"SearchAction\",\"target\":{\"@type\":\"EntryPoint\",\"urlTemplate\":\"https:\\\/\\\/aargauermuslime.ch\\\/de\\\/?s={search_term_string}\"},\"query-input\":{\"@type\":\"PropertyValueSpecification\",\"valueRequired\":true,\"valueName\":\"search_term_string\"}}],\"inLanguage\":\"de\"},{\"@type\":\"Organization\",\"@id\":\"https:\\\/\\\/aargauermuslime.ch\\\/de\\\/#organization\",\"name\":\"Verband Aargauer Muslime\",\"alternateName\":\"VAM\",\"url\":\"https:\\\/\\\/aargauermuslime.ch\\\/de\\\/\",\"logo\":{\"@type\":\"ImageObject\",\"inLanguage\":\"de\",\"@id\":\"https:\\\/\\\/aargauermuslime.ch\\\/de\\\/#\\\/schema\\\/logo\\\/image\\\/\",\"url\":\"https:\\\/\\\/aargauermuslime.ch\\\/de\\\/wp-content\\\/uploads\\\/2019\\\/07\\\/VAM-Logo_web.jpg\",\"contentUrl\":\"https:\\\/\\\/aargauermuslime.ch\\\/de\\\/wp-content\\\/uploads\\\/2019\\\/07\\\/VAM-Logo_web.jpg\",\"width\":800,\"height\":181,\"caption\":\"Verband Aargauer Muslime\"},\"image\":{\"@id\":\"https:\\\/\\\/aargauermuslime.ch\\\/de\\\/#\\\/schema\\\/logo\\\/image\\\/\"},\"sameAs\":[\"https:\\\/\\\/www.facebook.com\\\/groups\\\/aargauermuslime\"]},{\"@type\":\"Person\",\"@id\":\"https:\\\/\\\/aargauermuslime.ch\\\/de\\\/#\\\/schema\\\/person\\\/310e6c317a37722ccc1fb5815f4bb122\",\"name\":\"Verwalter5\",\"image\":{\"@type\":\"ImageObject\",\"inLanguage\":\"de\",\"@id\":\"https:\\\/\\\/secure.gravatar.com\\\/avatar\\\/65ee8be834871e73d854ad00dfc4031afc2b5c926eac730b926dfe8fee7021c0?s=96&d=mm&r=g\",\"url\":\"https:\\\/\\\/secure.gravatar.com\\\/avatar\\\/65ee8be834871e73d854ad00dfc4031afc2b5c926eac730b926dfe8fee7021c0?s=96&d=mm&r=g\",\"contentUrl\":\"https:\\\/\\\/secure.gravatar.com\\\/avatar\\\/65ee8be834871e73d854ad00dfc4031afc2b5c926eac730b926dfe8fee7021c0?s=96&d=mm&r=g\",\"caption\":\"Verwalter5\"}}]}<\/script>\n<!-- \/ Yoast SEO plugin. -->","yoast_head_json":{"title":"Erste Workshops zum VAM-Kurzfilm \u00abTariqs Weg\u00bb erfolgreich durchgef\u00fchrt - Verband Aargauer Muslime (VAM)","robots":{"index":"index","follow":"follow","max-snippet":"max-snippet:-1","max-image-preview":"max-image-preview:large","max-video-preview":"max-video-preview:-1"},"canonical":"https:\/\/aargauermuslime.ch\/de\/erste-workshops-zum-vam-kurzfilm-tariqs-weg-erfolgreich-durchgefuehrt\/","og_locale":"de_DE","og_type":"article","og_title":"Erste Workshops zum VAM-Kurzfilm \u00abTariqs Weg\u00bb erfolgreich durchgef\u00fchrt - Verband Aargauer Muslime (VAM)","og_description":"von Hamit Duran, Turgi Am 19. M\u00e4rz 2022 ging die Filmpremiere des VAM-Kurzfilms \u00abTariqs Weg\u00bb zusammen mit der Award-Verleihung f\u00fcr die Beteiligten im Kino Trafo 5 in Baden \u00fcber die [&hellip;]","og_url":"https:\/\/aargauermuslime.ch\/de\/erste-workshops-zum-vam-kurzfilm-tariqs-weg-erfolgreich-durchgefuehrt\/","og_site_name":"Verband Aargauer Muslime (VAM)","article_publisher":"https:\/\/www.facebook.com\/groups\/aargauermuslime","article_published_time":"2022-09-11T18:10:39+00:00","article_modified_time":"2022-09-12T05:58:34+00:00","og_image":[{"width":885,"height":899,"url":"https:\/\/aargauermuslime.ch\/de\/wp-content\/uploads\/2022\/09\/Tariq_Cover.jpg","type":"image\/jpeg"}],"author":"Verwalter5","twitter_card":"summary_large_image","twitter_misc":{"Verfasst von":"Verwalter5","Gesch\u00e4tzte Lesezeit":"3\u00a0Minuten"},"schema":{"@context":"https:\/\/schema.org","@graph":[{"@type":"Article","@id":"https:\/\/aargauermuslime.ch\/de\/erste-workshops-zum-vam-kurzfilm-tariqs-weg-erfolgreich-durchgefuehrt\/#article","isPartOf":{"@id":"https:\/\/aargauermuslime.ch\/de\/erste-workshops-zum-vam-kurzfilm-tariqs-weg-erfolgreich-durchgefuehrt\/"},"author":{"name":"Verwalter5","@id":"https:\/\/aargauermuslime.ch\/de\/#\/schema\/person\/310e6c317a37722ccc1fb5815f4bb122"},"headline":"Erste Workshops zum VAM-Kurzfilm \u00abTariqs Weg\u00bb erfolgreich durchgef\u00fchrt","datePublished":"2022-09-11T18:10:39+00:00","dateModified":"2022-09-12T05:58:34+00:00","mainEntityOfPage":{"@id":"https:\/\/aargauermuslime.ch\/de\/erste-workshops-zum-vam-kurzfilm-tariqs-weg-erfolgreich-durchgefuehrt\/"},"wordCount":529,"publisher":{"@id":"https:\/\/aargauermuslime.ch\/de\/#organization"},"image":{"@id":"https:\/\/aargauermuslime.ch\/de\/erste-workshops-zum-vam-kurzfilm-tariqs-weg-erfolgreich-durchgefuehrt\/#primaryimage"},"thumbnailUrl":"https:\/\/aargauermuslime.ch\/de\/wp-content\/uploads\/2022\/09\/Tariq_Cover.jpg","articleSection":["News","VAM-Filmprojekt"],"inLanguage":"de"},{"@type":"WebPage","@id":"https:\/\/aargauermuslime.ch\/de\/erste-workshops-zum-vam-kurzfilm-tariqs-weg-erfolgreich-durchgefuehrt\/","url":"https:\/\/aargauermuslime.ch\/de\/erste-workshops-zum-vam-kurzfilm-tariqs-weg-erfolgreich-durchgefuehrt\/","name":"Erste Workshops zum VAM-Kurzfilm \u00abTariqs Weg\u00bb erfolgreich durchgef\u00fchrt - Verband Aargauer Muslime (VAM)","isPartOf":{"@id":"https:\/\/aargauermuslime.ch\/de\/#website"},"primaryImageOfPage":{"@id":"https:\/\/aargauermuslime.ch\/de\/erste-workshops-zum-vam-kurzfilm-tariqs-weg-erfolgreich-durchgefuehrt\/#primaryimage"},"image":{"@id":"https:\/\/aargauermuslime.ch\/de\/erste-workshops-zum-vam-kurzfilm-tariqs-weg-erfolgreich-durchgefuehrt\/#primaryimage"},"thumbnailUrl":"https:\/\/aargauermuslime.ch\/de\/wp-content\/uploads\/2022\/09\/Tariq_Cover.jpg","datePublished":"2022-09-11T18:10:39+00:00","dateModified":"2022-09-12T05:58:34+00:00","breadcrumb":{"@id":"https:\/\/aargauermuslime.ch\/de\/erste-workshops-zum-vam-kurzfilm-tariqs-weg-erfolgreich-durchgefuehrt\/#breadcrumb"},"inLanguage":"de","potentialAction":[{"@type":"ReadAction","target":["https:\/\/aargauermuslime.ch\/de\/erste-workshops-zum-vam-kurzfilm-tariqs-weg-erfolgreich-durchgefuehrt\/"]}]},{"@type":"ImageObject","inLanguage":"de","@id":"https:\/\/aargauermuslime.ch\/de\/erste-workshops-zum-vam-kurzfilm-tariqs-weg-erfolgreich-durchgefuehrt\/#primaryimage","url":"https:\/\/aargauermuslime.ch\/de\/wp-content\/uploads\/2022\/09\/Tariq_Cover.jpg","contentUrl":"https:\/\/aargauermuslime.ch\/de\/wp-content\/uploads\/2022\/09\/Tariq_Cover.jpg","width":885,"height":899},{"@type":"BreadcrumbList","@id":"https:\/\/aargauermuslime.ch\/de\/erste-workshops-zum-vam-kurzfilm-tariqs-weg-erfolgreich-durchgefuehrt\/#breadcrumb","itemListElement":[{"@type":"ListItem","position":1,"name":"Startseite","item":"https:\/\/aargauermuslime.ch\/de\/"},{"@type":"ListItem","position":2,"name":"Erste Workshops zum VAM-Kurzfilm \u00abTariqs Weg\u00bb erfolgreich durchgef\u00fchrt"}]},{"@type":"WebSite","@id":"https:\/\/aargauermuslime.ch\/de\/#website","url":"https:\/\/aargauermuslime.ch\/de\/","name":"Verband Aargauer Muslime (VAM)","description":"Dachverband der muslimischen Institutionen im Aargau","publisher":{"@id":"https:\/\/aargauermuslime.ch\/de\/#organization"},"potentialAction":[{"@type":"SearchAction","target":{"@type":"EntryPoint","urlTemplate":"https:\/\/aargauermuslime.ch\/de\/?s={search_term_string}"},"query-input":{"@type":"PropertyValueSpecification","valueRequired":true,"valueName":"search_term_string"}}],"inLanguage":"de"},{"@type":"Organization","@id":"https:\/\/aargauermuslime.ch\/de\/#organization","name":"Verband Aargauer Muslime","alternateName":"VAM","url":"https:\/\/aargauermuslime.ch\/de\/","logo":{"@type":"ImageObject","inLanguage":"de","@id":"https:\/\/aargauermuslime.ch\/de\/#\/schema\/logo\/image\/","url":"https:\/\/aargauermuslime.ch\/de\/wp-content\/uploads\/2019\/07\/VAM-Logo_web.jpg","contentUrl":"https:\/\/aargauermuslime.ch\/de\/wp-content\/uploads\/2019\/07\/VAM-Logo_web.jpg","width":800,"height":181,"caption":"Verband Aargauer Muslime"},"image":{"@id":"https:\/\/aargauermuslime.ch\/de\/#\/schema\/logo\/image\/"},"sameAs":["https:\/\/www.facebook.com\/groups\/aargauermuslime"]},{"@type":"Person","@id":"https:\/\/aargauermuslime.ch\/de\/#\/schema\/person\/310e6c317a37722ccc1fb5815f4bb122","name":"Verwalter5","image":{"@type":"ImageObject","inLanguage":"de","@id":"https:\/\/secure.gravatar.com\/avatar\/65ee8be834871e73d854ad00dfc4031afc2b5c926eac730b926dfe8fee7021c0?s=96&d=mm&r=g","url":"https:\/\/secure.gravatar.com\/avatar\/65ee8be834871e73d854ad00dfc4031afc2b5c926eac730b926dfe8fee7021c0?s=96&d=mm&r=g","contentUrl":"https:\/\/secure.gravatar.com\/avatar\/65ee8be834871e73d854ad00dfc4031afc2b5c926eac730b926dfe8fee7021c0?s=96&d=mm&r=g","caption":"Verwalter5"}}]}},"_links":{"self":[{"href":"https:\/\/aargauermuslime.ch\/de\/wp-json\/wp\/v2\/posts\/3693","targetHints":{"allow":["GET"]}}],"collection":[{"href":"https:\/\/aargauermuslime.ch\/de\/wp-json\/wp\/v2\/posts"}],"about":[{"href":"https:\/\/aargauermuslime.ch\/de\/wp-json\/wp\/v2\/types\/post"}],"author":[{"embeddable":true,"href":"https:\/\/aargauermuslime.ch\/de\/wp-json\/wp\/v2\/users\/4"}],"replies":[{"embeddable":true,"href":"https:\/\/aargauermuslime.ch\/de\/wp-json\/wp\/v2\/comments?post=3693"}],"version-history":[{"count":8,"href":"https:\/\/aargauermuslime.ch\/de\/wp-json\/wp\/v2\/posts\/3693\/revisions"}],"predecessor-version":[{"id":3702,"href":"https:\/\/aargauermuslime.ch\/de\/wp-json\/wp\/v2\/posts\/3693\/revisions\/3702"}],"wp:featuredmedia":[{"embeddable":true,"href":"https:\/\/aargauermuslime.ch\/de\/wp-json\/wp\/v2\/media\/3695"}],"wp:attachment":[{"href":"https:\/\/aargauermuslime.ch\/de\/wp-json\/wp\/v2\/media?parent=3693"}],"wp:term":[{"taxonomy":"category","embeddable":true,"href":"https:\/\/aargauermuslime.ch\/de\/wp-json\/wp\/v2\/categories?post=3693"},{"taxonomy":"post_tag","embeddable":true,"href":"https:\/\/aargauermuslime.ch\/de\/wp-json\/wp\/v2\/tags?post=3693"}],"curies":[{"name":"wp","href":"https:\/\/api.w.org\/{rel}","templated":true}]}}