{"id":3805,"date":"2022-11-01T21:14:15","date_gmt":"2022-11-01T19:14:15","guid":{"rendered":"https:\/\/aargauermuslime.ch\/de\/?p=3805"},"modified":"2022-11-01T21:39:44","modified_gmt":"2022-11-01T19:39:44","slug":"vam-filmprojekt-tariqs-weg-erfolgreich-abgeschlossen","status":"publish","type":"post","link":"https:\/\/aargauermuslime.ch\/de\/vam-filmprojekt-tariqs-weg-erfolgreich-abgeschlossen\/","title":{"rendered":"VAM-Filmprojekt \u00abTariqs Weg\u00bb erfolgreich abgeschlossen"},"content":{"rendered":"<p><i>von Hamit Duran, Turgi<\/i><\/p>\n<p>Am 19. M\u00e4rz 2022 ging die <strong><a href=\"https:\/\/aargauermuslime.ch\/de\/erfolgreiche-premiere-des-vam-kurzfilms-tariqs-weg\/\" target=\"_blank\" rel=\"noopener\">Filmpremiere des VAM-Kurzfilms \u00abTariqs Weg\u00bb<\/a><\/strong> zusammen mit der Award-Verleihung f\u00fcr die Beteiligten im Kino Trafo 5 in Baden \u00fcber die B\u00fchne. Damit hatte hat das kleine Projektteam, das seit Ende 2019 an der Realisierung dieses Kurzfilms zum Thema \u00ab<b>Verhinderung und Bek\u00e4mpfung von Radikalisierung und gewaltt\u00e4tigem Extremismus<\/b>\u00bb einen \u00e4usserst wichtigen Meilenstein erreicht.<\/p>\n<p>Wie bereits <a href=\"https:\/\/aargauermuslime.ch\/de\/erste-workshops-zum-vam-kurzfilm-tariqs-weg-erfolgreich-durchgefuehrt\/\" target=\"_blank\" rel=\"noopener\">berichtet<\/a>, konnte das Projektteam mittlerweile eine ganze Reihe von <strong>Workshops<\/strong> in Moscheen und Schulen durchf\u00fchren. Diese waren meist sehr gut besucht und boten den Teilnehmerinnen und Teilnehmern die Gelegenheit, sich mit dem Thema intensiv auseinanderzusetzen.<\/p>\n<p>Neben dem Kurzfilm wurde auch ein <strong><a href=\"https:\/\/aargauermuslime.ch\/dokuwiki\/doku.php\">Fachregister<\/a> <\/strong>erstellt, welches wertvolles <strong>Begleit- und Unterrichtsmaterial<\/strong> bereitstellt. Dieses kann f\u00fcr eine weitere Vertiefung in die Thematik und f\u00fcr die Durchf\u00fchrung von Workshops genutzt werden.<\/p>\n<p>Ende Oktober 2022 konnte das Projekt nun erfolgreich abgeschlossen werden. Ein entsprechender <strong>Schlussbericht<\/strong> wurde erstellt und Bund und Kanton \u00fcbergeben. Er kann <a href=\"https:\/\/aargauermuslime.ch\/de\/wp-content\/uploads\/2022\/11\/Schlussbericht_Tariqs_Weg_Final.pdf\" target=\"_blank\" rel=\"noopener\">hier<\/a> heruntergeladen werden.<\/p>\n","protected":false},"excerpt":{"rendered":"<p>von Hamit Duran, Turgi Am 19. M\u00e4rz 2022 ging die Filmpremiere des VAM-Kurzfilms \u00abTariqs Weg\u00bb zusammen mit der Award-Verleihung f\u00fcr die Beteiligten im Kino Trafo 5 in Baden \u00fcber die [&hellip;]<\/p>\n","protected":false},"author":4,"featured_media":3818,"comment_status":"closed","ping_status":"closed","sticky":false,"template":"","format":"standard","meta":{"_et_pb_use_builder":"","_et_pb_old_content":"","_et_gb_content_width":"","ngg_post_thumbnail":0,"footnotes":""},"categories":[3,59],"tags":[],"class_list":["post-3805","post","type-post","status-publish","format-standard","has-post-thumbnail","hentry","category-news","category-vam-filmprojekt"],"yoast_head":"<!-- This site is optimized with the Yoast SEO plugin v27.4 - https:\/\/yoast.com\/product\/yoast-seo-wordpress\/ -->\n<title>VAM-Filmprojekt \u00abTariqs Weg\u00bb erfolgreich abgeschlossen - Verband Aargauer Muslime (VAM)<\/title>\n<meta name=\"robots\" content=\"index, follow, max-snippet:-1, max-image-preview:large, max-video-preview:-1\" \/>\n<link rel=\"canonical\" href=\"https:\/\/aargauermuslime.ch\/de\/vam-filmprojekt-tariqs-weg-erfolgreich-abgeschlossen\/\" \/>\n<meta property=\"og:locale\" content=\"de_DE\" \/>\n<meta property=\"og:type\" content=\"article\" \/>\n<meta property=\"og:title\" content=\"VAM-Filmprojekt \u00abTariqs Weg\u00bb erfolgreich abgeschlossen - Verband Aargauer Muslime (VAM)\" \/>\n<meta property=\"og:description\" content=\"von Hamit Duran, Turgi Am 19. M\u00e4rz 2022 ging die Filmpremiere des VAM-Kurzfilms \u00abTariqs Weg\u00bb zusammen mit der Award-Verleihung f\u00fcr die Beteiligten im Kino Trafo 5 in Baden \u00fcber die [&hellip;]\" \/>\n<meta property=\"og:url\" content=\"https:\/\/aargauermuslime.ch\/de\/vam-filmprojekt-tariqs-weg-erfolgreich-abgeschlossen\/\" \/>\n<meta property=\"og:site_name\" content=\"Verband Aargauer Muslime (VAM)\" \/>\n<meta property=\"article:publisher\" content=\"https:\/\/www.facebook.com\/groups\/aargauermuslime\" \/>\n<meta property=\"article:published_time\" content=\"2022-11-01T19:14:15+00:00\" \/>\n<meta property=\"article:modified_time\" content=\"2022-11-01T19:39:44+00:00\" \/>\n<meta property=\"og:image\" content=\"https:\/\/aargauermuslime.ch\/de\/wp-content\/uploads\/2022\/11\/Tariqs_Weg_Filmtitel.jpg\" \/>\n\t<meta property=\"og:image:width\" content=\"1081\" \/>\n\t<meta property=\"og:image:height\" content=\"717\" \/>\n\t<meta property=\"og:image:type\" content=\"image\/jpeg\" \/>\n<meta name=\"author\" content=\"Verwalter5\" \/>\n<meta name=\"twitter:card\" content=\"summary_large_image\" \/>\n<meta name=\"twitter:label1\" content=\"Verfasst von\" \/>\n\t<meta name=\"twitter:data1\" content=\"Verwalter5\" \/>\n\t<meta name=\"twitter:label2\" content=\"Gesch\u00e4tzte Lesezeit\" \/>\n\t<meta name=\"twitter:data2\" content=\"1\u00a0Minute\" \/>\n<script type=\"application\/ld+json\" class=\"yoast-schema-graph\">{\"@context\":\"https:\\\/\\\/schema.org\",\"@graph\":[{\"@type\":\"Article\",\"@id\":\"https:\\\/\\\/aargauermuslime.ch\\\/de\\\/vam-filmprojekt-tariqs-weg-erfolgreich-abgeschlossen\\\/#article\",\"isPartOf\":{\"@id\":\"https:\\\/\\\/aargauermuslime.ch\\\/de\\\/vam-filmprojekt-tariqs-weg-erfolgreich-abgeschlossen\\\/\"},\"author\":{\"name\":\"Verwalter5\",\"@id\":\"https:\\\/\\\/aargauermuslime.ch\\\/de\\\/#\\\/schema\\\/person\\\/310e6c317a37722ccc1fb5815f4bb122\"},\"headline\":\"VAM-Filmprojekt \u00abTariqs Weg\u00bb erfolgreich abgeschlossen\",\"datePublished\":\"2022-11-01T19:14:15+00:00\",\"dateModified\":\"2022-11-01T19:39:44+00:00\",\"mainEntityOfPage\":{\"@id\":\"https:\\\/\\\/aargauermuslime.ch\\\/de\\\/vam-filmprojekt-tariqs-weg-erfolgreich-abgeschlossen\\\/\"},\"wordCount\":163,\"publisher\":{\"@id\":\"https:\\\/\\\/aargauermuslime.ch\\\/de\\\/#organization\"},\"image\":{\"@id\":\"https:\\\/\\\/aargauermuslime.ch\\\/de\\\/vam-filmprojekt-tariqs-weg-erfolgreich-abgeschlossen\\\/#primaryimage\"},\"thumbnailUrl\":\"https:\\\/\\\/aargauermuslime.ch\\\/de\\\/wp-content\\\/uploads\\\/2022\\\/11\\\/Tariqs_Weg_Filmtitel.jpg\",\"articleSection\":[\"News\",\"VAM-Filmprojekt\"],\"inLanguage\":\"de\"},{\"@type\":\"WebPage\",\"@id\":\"https:\\\/\\\/aargauermuslime.ch\\\/de\\\/vam-filmprojekt-tariqs-weg-erfolgreich-abgeschlossen\\\/\",\"url\":\"https:\\\/\\\/aargauermuslime.ch\\\/de\\\/vam-filmprojekt-tariqs-weg-erfolgreich-abgeschlossen\\\/\",\"name\":\"VAM-Filmprojekt \u00abTariqs Weg\u00bb erfolgreich abgeschlossen - Verband Aargauer Muslime (VAM)\",\"isPartOf\":{\"@id\":\"https:\\\/\\\/aargauermuslime.ch\\\/de\\\/#website\"},\"primaryImageOfPage\":{\"@id\":\"https:\\\/\\\/aargauermuslime.ch\\\/de\\\/vam-filmprojekt-tariqs-weg-erfolgreich-abgeschlossen\\\/#primaryimage\"},\"image\":{\"@id\":\"https:\\\/\\\/aargauermuslime.ch\\\/de\\\/vam-filmprojekt-tariqs-weg-erfolgreich-abgeschlossen\\\/#primaryimage\"},\"thumbnailUrl\":\"https:\\\/\\\/aargauermuslime.ch\\\/de\\\/wp-content\\\/uploads\\\/2022\\\/11\\\/Tariqs_Weg_Filmtitel.jpg\",\"datePublished\":\"2022-11-01T19:14:15+00:00\",\"dateModified\":\"2022-11-01T19:39:44+00:00\",\"breadcrumb\":{\"@id\":\"https:\\\/\\\/aargauermuslime.ch\\\/de\\\/vam-filmprojekt-tariqs-weg-erfolgreich-abgeschlossen\\\/#breadcrumb\"},\"inLanguage\":\"de\",\"potentialAction\":[{\"@type\":\"ReadAction\",\"target\":[\"https:\\\/\\\/aargauermuslime.ch\\\/de\\\/vam-filmprojekt-tariqs-weg-erfolgreich-abgeschlossen\\\/\"]}]},{\"@type\":\"ImageObject\",\"inLanguage\":\"de\",\"@id\":\"https:\\\/\\\/aargauermuslime.ch\\\/de\\\/vam-filmprojekt-tariqs-weg-erfolgreich-abgeschlossen\\\/#primaryimage\",\"url\":\"https:\\\/\\\/aargauermuslime.ch\\\/de\\\/wp-content\\\/uploads\\\/2022\\\/11\\\/Tariqs_Weg_Filmtitel.jpg\",\"contentUrl\":\"https:\\\/\\\/aargauermuslime.ch\\\/de\\\/wp-content\\\/uploads\\\/2022\\\/11\\\/Tariqs_Weg_Filmtitel.jpg\",\"width\":1081,\"height\":717},{\"@type\":\"BreadcrumbList\",\"@id\":\"https:\\\/\\\/aargauermuslime.ch\\\/de\\\/vam-filmprojekt-tariqs-weg-erfolgreich-abgeschlossen\\\/#breadcrumb\",\"itemListElement\":[{\"@type\":\"ListItem\",\"position\":1,\"name\":\"Startseite\",\"item\":\"https:\\\/\\\/aargauermuslime.ch\\\/de\\\/\"},{\"@type\":\"ListItem\",\"position\":2,\"name\":\"VAM-Filmprojekt \u00abTariqs Weg\u00bb erfolgreich abgeschlossen\"}]},{\"@type\":\"WebSite\",\"@id\":\"https:\\\/\\\/aargauermuslime.ch\\\/de\\\/#website\",\"url\":\"https:\\\/\\\/aargauermuslime.ch\\\/de\\\/\",\"name\":\"Verband Aargauer Muslime (VAM)\",\"description\":\"Dachverband der muslimischen Institutionen im Aargau\",\"publisher\":{\"@id\":\"https:\\\/\\\/aargauermuslime.ch\\\/de\\\/#organization\"},\"potentialAction\":[{\"@type\":\"SearchAction\",\"target\":{\"@type\":\"EntryPoint\",\"urlTemplate\":\"https:\\\/\\\/aargauermuslime.ch\\\/de\\\/?s={search_term_string}\"},\"query-input\":{\"@type\":\"PropertyValueSpecification\",\"valueRequired\":true,\"valueName\":\"search_term_string\"}}],\"inLanguage\":\"de\"},{\"@type\":\"Organization\",\"@id\":\"https:\\\/\\\/aargauermuslime.ch\\\/de\\\/#organization\",\"name\":\"Verband Aargauer Muslime\",\"alternateName\":\"VAM\",\"url\":\"https:\\\/\\\/aargauermuslime.ch\\\/de\\\/\",\"logo\":{\"@type\":\"ImageObject\",\"inLanguage\":\"de\",\"@id\":\"https:\\\/\\\/aargauermuslime.ch\\\/de\\\/#\\\/schema\\\/logo\\\/image\\\/\",\"url\":\"https:\\\/\\\/aargauermuslime.ch\\\/de\\\/wp-content\\\/uploads\\\/2019\\\/07\\\/VAM-Logo_web.jpg\",\"contentUrl\":\"https:\\\/\\\/aargauermuslime.ch\\\/de\\\/wp-content\\\/uploads\\\/2019\\\/07\\\/VAM-Logo_web.jpg\",\"width\":800,\"height\":181,\"caption\":\"Verband Aargauer Muslime\"},\"image\":{\"@id\":\"https:\\\/\\\/aargauermuslime.ch\\\/de\\\/#\\\/schema\\\/logo\\\/image\\\/\"},\"sameAs\":[\"https:\\\/\\\/www.facebook.com\\\/groups\\\/aargauermuslime\"]},{\"@type\":\"Person\",\"@id\":\"https:\\\/\\\/aargauermuslime.ch\\\/de\\\/#\\\/schema\\\/person\\\/310e6c317a37722ccc1fb5815f4bb122\",\"name\":\"Verwalter5\",\"image\":{\"@type\":\"ImageObject\",\"inLanguage\":\"de\",\"@id\":\"https:\\\/\\\/secure.gravatar.com\\\/avatar\\\/65ee8be834871e73d854ad00dfc4031afc2b5c926eac730b926dfe8fee7021c0?s=96&d=mm&r=g\",\"url\":\"https:\\\/\\\/secure.gravatar.com\\\/avatar\\\/65ee8be834871e73d854ad00dfc4031afc2b5c926eac730b926dfe8fee7021c0?s=96&d=mm&r=g\",\"contentUrl\":\"https:\\\/\\\/secure.gravatar.com\\\/avatar\\\/65ee8be834871e73d854ad00dfc4031afc2b5c926eac730b926dfe8fee7021c0?s=96&d=mm&r=g\",\"caption\":\"Verwalter5\"}}]}<\/script>\n<!-- \/ Yoast SEO plugin. -->","yoast_head_json":{"title":"VAM-Filmprojekt \u00abTariqs Weg\u00bb erfolgreich abgeschlossen - Verband Aargauer Muslime (VAM)","robots":{"index":"index","follow":"follow","max-snippet":"max-snippet:-1","max-image-preview":"max-image-preview:large","max-video-preview":"max-video-preview:-1"},"canonical":"https:\/\/aargauermuslime.ch\/de\/vam-filmprojekt-tariqs-weg-erfolgreich-abgeschlossen\/","og_locale":"de_DE","og_type":"article","og_title":"VAM-Filmprojekt \u00abTariqs Weg\u00bb erfolgreich abgeschlossen - Verband Aargauer Muslime (VAM)","og_description":"von Hamit Duran, Turgi Am 19. M\u00e4rz 2022 ging die Filmpremiere des VAM-Kurzfilms \u00abTariqs Weg\u00bb zusammen mit der Award-Verleihung f\u00fcr die Beteiligten im Kino Trafo 5 in Baden \u00fcber die [&hellip;]","og_url":"https:\/\/aargauermuslime.ch\/de\/vam-filmprojekt-tariqs-weg-erfolgreich-abgeschlossen\/","og_site_name":"Verband Aargauer Muslime (VAM)","article_publisher":"https:\/\/www.facebook.com\/groups\/aargauermuslime","article_published_time":"2022-11-01T19:14:15+00:00","article_modified_time":"2022-11-01T19:39:44+00:00","og_image":[{"width":1081,"height":717,"url":"https:\/\/aargauermuslime.ch\/de\/wp-content\/uploads\/2022\/11\/Tariqs_Weg_Filmtitel.jpg","type":"image\/jpeg"}],"author":"Verwalter5","twitter_card":"summary_large_image","twitter_misc":{"Verfasst von":"Verwalter5","Gesch\u00e4tzte Lesezeit":"1\u00a0Minute"},"schema":{"@context":"https:\/\/schema.org","@graph":[{"@type":"Article","@id":"https:\/\/aargauermuslime.ch\/de\/vam-filmprojekt-tariqs-weg-erfolgreich-abgeschlossen\/#article","isPartOf":{"@id":"https:\/\/aargauermuslime.ch\/de\/vam-filmprojekt-tariqs-weg-erfolgreich-abgeschlossen\/"},"author":{"name":"Verwalter5","@id":"https:\/\/aargauermuslime.ch\/de\/#\/schema\/person\/310e6c317a37722ccc1fb5815f4bb122"},"headline":"VAM-Filmprojekt \u00abTariqs Weg\u00bb erfolgreich abgeschlossen","datePublished":"2022-11-01T19:14:15+00:00","dateModified":"2022-11-01T19:39:44+00:00","mainEntityOfPage":{"@id":"https:\/\/aargauermuslime.ch\/de\/vam-filmprojekt-tariqs-weg-erfolgreich-abgeschlossen\/"},"wordCount":163,"publisher":{"@id":"https:\/\/aargauermuslime.ch\/de\/#organization"},"image":{"@id":"https:\/\/aargauermuslime.ch\/de\/vam-filmprojekt-tariqs-weg-erfolgreich-abgeschlossen\/#primaryimage"},"thumbnailUrl":"https:\/\/aargauermuslime.ch\/de\/wp-content\/uploads\/2022\/11\/Tariqs_Weg_Filmtitel.jpg","articleSection":["News","VAM-Filmprojekt"],"inLanguage":"de"},{"@type":"WebPage","@id":"https:\/\/aargauermuslime.ch\/de\/vam-filmprojekt-tariqs-weg-erfolgreich-abgeschlossen\/","url":"https:\/\/aargauermuslime.ch\/de\/vam-filmprojekt-tariqs-weg-erfolgreich-abgeschlossen\/","name":"VAM-Filmprojekt \u00abTariqs Weg\u00bb erfolgreich abgeschlossen - Verband Aargauer Muslime (VAM)","isPartOf":{"@id":"https:\/\/aargauermuslime.ch\/de\/#website"},"primaryImageOfPage":{"@id":"https:\/\/aargauermuslime.ch\/de\/vam-filmprojekt-tariqs-weg-erfolgreich-abgeschlossen\/#primaryimage"},"image":{"@id":"https:\/\/aargauermuslime.ch\/de\/vam-filmprojekt-tariqs-weg-erfolgreich-abgeschlossen\/#primaryimage"},"thumbnailUrl":"https:\/\/aargauermuslime.ch\/de\/wp-content\/uploads\/2022\/11\/Tariqs_Weg_Filmtitel.jpg","datePublished":"2022-11-01T19:14:15+00:00","dateModified":"2022-11-01T19:39:44+00:00","breadcrumb":{"@id":"https:\/\/aargauermuslime.ch\/de\/vam-filmprojekt-tariqs-weg-erfolgreich-abgeschlossen\/#breadcrumb"},"inLanguage":"de","potentialAction":[{"@type":"ReadAction","target":["https:\/\/aargauermuslime.ch\/de\/vam-filmprojekt-tariqs-weg-erfolgreich-abgeschlossen\/"]}]},{"@type":"ImageObject","inLanguage":"de","@id":"https:\/\/aargauermuslime.ch\/de\/vam-filmprojekt-tariqs-weg-erfolgreich-abgeschlossen\/#primaryimage","url":"https:\/\/aargauermuslime.ch\/de\/wp-content\/uploads\/2022\/11\/Tariqs_Weg_Filmtitel.jpg","contentUrl":"https:\/\/aargauermuslime.ch\/de\/wp-content\/uploads\/2022\/11\/Tariqs_Weg_Filmtitel.jpg","width":1081,"height":717},{"@type":"BreadcrumbList","@id":"https:\/\/aargauermuslime.ch\/de\/vam-filmprojekt-tariqs-weg-erfolgreich-abgeschlossen\/#breadcrumb","itemListElement":[{"@type":"ListItem","position":1,"name":"Startseite","item":"https:\/\/aargauermuslime.ch\/de\/"},{"@type":"ListItem","position":2,"name":"VAM-Filmprojekt \u00abTariqs Weg\u00bb erfolgreich abgeschlossen"}]},{"@type":"WebSite","@id":"https:\/\/aargauermuslime.ch\/de\/#website","url":"https:\/\/aargauermuslime.ch\/de\/","name":"Verband Aargauer Muslime (VAM)","description":"Dachverband der muslimischen Institutionen im Aargau","publisher":{"@id":"https:\/\/aargauermuslime.ch\/de\/#organization"},"potentialAction":[{"@type":"SearchAction","target":{"@type":"EntryPoint","urlTemplate":"https:\/\/aargauermuslime.ch\/de\/?s={search_term_string}"},"query-input":{"@type":"PropertyValueSpecification","valueRequired":true,"valueName":"search_term_string"}}],"inLanguage":"de"},{"@type":"Organization","@id":"https:\/\/aargauermuslime.ch\/de\/#organization","name":"Verband Aargauer Muslime","alternateName":"VAM","url":"https:\/\/aargauermuslime.ch\/de\/","logo":{"@type":"ImageObject","inLanguage":"de","@id":"https:\/\/aargauermuslime.ch\/de\/#\/schema\/logo\/image\/","url":"https:\/\/aargauermuslime.ch\/de\/wp-content\/uploads\/2019\/07\/VAM-Logo_web.jpg","contentUrl":"https:\/\/aargauermuslime.ch\/de\/wp-content\/uploads\/2019\/07\/VAM-Logo_web.jpg","width":800,"height":181,"caption":"Verband Aargauer Muslime"},"image":{"@id":"https:\/\/aargauermuslime.ch\/de\/#\/schema\/logo\/image\/"},"sameAs":["https:\/\/www.facebook.com\/groups\/aargauermuslime"]},{"@type":"Person","@id":"https:\/\/aargauermuslime.ch\/de\/#\/schema\/person\/310e6c317a37722ccc1fb5815f4bb122","name":"Verwalter5","image":{"@type":"ImageObject","inLanguage":"de","@id":"https:\/\/secure.gravatar.com\/avatar\/65ee8be834871e73d854ad00dfc4031afc2b5c926eac730b926dfe8fee7021c0?s=96&d=mm&r=g","url":"https:\/\/secure.gravatar.com\/avatar\/65ee8be834871e73d854ad00dfc4031afc2b5c926eac730b926dfe8fee7021c0?s=96&d=mm&r=g","contentUrl":"https:\/\/secure.gravatar.com\/avatar\/65ee8be834871e73d854ad00dfc4031afc2b5c926eac730b926dfe8fee7021c0?s=96&d=mm&r=g","caption":"Verwalter5"}}]}},"_links":{"self":[{"href":"https:\/\/aargauermuslime.ch\/de\/wp-json\/wp\/v2\/posts\/3805","targetHints":{"allow":["GET"]}}],"collection":[{"href":"https:\/\/aargauermuslime.ch\/de\/wp-json\/wp\/v2\/posts"}],"about":[{"href":"https:\/\/aargauermuslime.ch\/de\/wp-json\/wp\/v2\/types\/post"}],"author":[{"embeddable":true,"href":"https:\/\/aargauermuslime.ch\/de\/wp-json\/wp\/v2\/users\/4"}],"replies":[{"embeddable":true,"href":"https:\/\/aargauermuslime.ch\/de\/wp-json\/wp\/v2\/comments?post=3805"}],"version-history":[{"count":4,"href":"https:\/\/aargauermuslime.ch\/de\/wp-json\/wp\/v2\/posts\/3805\/revisions"}],"predecessor-version":[{"id":3813,"href":"https:\/\/aargauermuslime.ch\/de\/wp-json\/wp\/v2\/posts\/3805\/revisions\/3813"}],"wp:featuredmedia":[{"embeddable":true,"href":"https:\/\/aargauermuslime.ch\/de\/wp-json\/wp\/v2\/media\/3818"}],"wp:attachment":[{"href":"https:\/\/aargauermuslime.ch\/de\/wp-json\/wp\/v2\/media?parent=3805"}],"wp:term":[{"taxonomy":"category","embeddable":true,"href":"https:\/\/aargauermuslime.ch\/de\/wp-json\/wp\/v2\/categories?post=3805"},{"taxonomy":"post_tag","embeddable":true,"href":"https:\/\/aargauermuslime.ch\/de\/wp-json\/wp\/v2\/tags?post=3805"}],"curies":[{"name":"wp","href":"https:\/\/api.w.org\/{rel}","templated":true}]}}