{"id":4123,"date":"2024-03-03T23:41:08","date_gmt":"2024-03-03T21:41:08","guid":{"rendered":"https:\/\/aargauermuslime.ch\/de\/?p=4123"},"modified":"2024-03-03T23:46:52","modified_gmt":"2024-03-03T21:46:52","slug":"stellungnahme-zur-attacke-auf-juedischen-mitbuerger-in-zuerich-am-2-maerz-2024","status":"publish","type":"post","link":"https:\/\/aargauermuslime.ch\/de\/stellungnahme-zur-attacke-auf-juedischen-mitbuerger-in-zuerich-am-2-maerz-2024\/","title":{"rendered":"Stellungnahme zur Attacke auf j\u00fcdischen Mitb\u00fcrger in Z\u00fcrich am 2. M\u00e4rz 2024"},"content":{"rendered":"<p>Gebenstorf, 3. M\u00e4rz 2024<\/p>\n<blockquote><p><em>\u00abWer einen Menschen t\u00f6tet, dann ist es, als h\u00e4tte er die ganze Menschheit get\u00f6tet. Und <\/em><em>wer einem Menschen das Leben rettet, dann ist es, als h\u00e4tte er die ganze Menschheit <\/em><em>gerettet.\u00bb Koran 5, Vers 32<\/em><\/p><\/blockquote>\n<h2><strong>Stellungnahme<\/strong><\/h2>\n<h3><strong>Zu dem Angriff auf einen j\u00fcdischen Mitb\u00fcrger in Z\u00fcrich am 2. M\u00e4rz 2024<\/strong><\/h3>\n<p>Der Verband Aargauer Muslime (VAM) ist ersch\u00fcttert und entsetzt \u00fcber den blutigen Angriff auf einen j\u00fcdischen Mitb\u00fcrger in Z\u00fcrich. Wir w\u00fcnschen ihm rasche und vollst\u00e4ndige Genesung.<\/p>\n<p>Mit Best\u00fcrzung mussten wir heute zur Kenntnis nehmen, dass gem\u00e4ss verschiedenen Medienberichten der jugendliche T\u00e4ter dieser brutalen Attacke einen muslimischen Hintergrund und ein klares antisemitisches Motiv hatte.<\/p>\n<p>Wir verurteilen diesen barbarischen Akt aufs Sch\u00e4rfste. Unter Hinweis auf die Resolution, die der VAM anl\u00e4sslich seiner Friedenskundgebung am 12. M\u00e4rz 2005 in Baden verabschiedet hat, m\u00f6chten wir betonen, dass der VAM Terror und Gewalt ablehnt. Ein Angriff auf Unschuldige kann weder durch eine politische \u00dcberzeugung noch irgendeine Religion gerechtfertigt werden.<\/p>\n<p>Wer sich der Gewalt gegen\u00fcber unschuldigen Zivilisten als politisches Mittel bedient, kann sich nicht auf den Islam berufen. Wir beten f\u00fcr eine friedliche Welt, die frei ist von Gewalt und Terrorismus.<\/p>\n<p>Die Stellungnahme kann <a href=\"https:\/\/aargauermuslime.ch\/de\/wp-content\/uploads\/2024\/03\/VAM-Stellungnahme_Zuerich_2024-03-03.pdf\" target=\"_blank\" rel=\"noopener\">hier<\/a> als pdf-Dateil heruntergeladen werden.<\/p>\n<p>&nbsp;<\/p>\n","protected":false},"excerpt":{"rendered":"<p>Gebenstorf, 3. M\u00e4rz 2024 \u00abWer einen Menschen t\u00f6tet, dann ist es, als h\u00e4tte er die ganze Menschheit get\u00f6tet. Und wer einem Menschen das Leben rettet, dann ist es, als h\u00e4tte [&hellip;]<\/p>\n","protected":false},"author":4,"featured_media":4124,"comment_status":"closed","ping_status":"closed","sticky":false,"template":"","format":"standard","meta":{"_et_pb_use_builder":"","_et_pb_old_content":"","_et_gb_content_width":"","ngg_post_thumbnail":0,"footnotes":""},"categories":[3,5],"tags":[],"class_list":["post-4123","post","type-post","status-publish","format-standard","has-post-thumbnail","hentry","category-news","category-stellungnahmen"],"yoast_head":"<!-- This site is optimized with the Yoast SEO plugin v27.4 - https:\/\/yoast.com\/product\/yoast-seo-wordpress\/ -->\n<title>Stellungnahme zur Attacke auf j\u00fcdischen Mitb\u00fcrger in Z\u00fcrich am 2. M\u00e4rz 2024 - Verband Aargauer Muslime (VAM)<\/title>\n<meta name=\"robots\" content=\"index, follow, max-snippet:-1, max-image-preview:large, max-video-preview:-1\" \/>\n<link rel=\"canonical\" href=\"https:\/\/aargauermuslime.ch\/de\/stellungnahme-zur-attacke-auf-juedischen-mitbuerger-in-zuerich-am-2-maerz-2024\/\" \/>\n<meta property=\"og:locale\" content=\"de_DE\" \/>\n<meta property=\"og:type\" content=\"article\" \/>\n<meta property=\"og:title\" content=\"Stellungnahme zur Attacke auf j\u00fcdischen Mitb\u00fcrger in Z\u00fcrich am 2. M\u00e4rz 2024 - Verband Aargauer Muslime (VAM)\" \/>\n<meta property=\"og:description\" content=\"Gebenstorf, 3. M\u00e4rz 2024 \u00abWer einen Menschen t\u00f6tet, dann ist es, als h\u00e4tte er die ganze Menschheit get\u00f6tet. Und wer einem Menschen das Leben rettet, dann ist es, als h\u00e4tte [&hellip;]\" \/>\n<meta property=\"og:url\" content=\"https:\/\/aargauermuslime.ch\/de\/stellungnahme-zur-attacke-auf-juedischen-mitbuerger-in-zuerich-am-2-maerz-2024\/\" \/>\n<meta property=\"og:site_name\" content=\"Verband Aargauer Muslime (VAM)\" \/>\n<meta property=\"article:publisher\" content=\"https:\/\/www.facebook.com\/groups\/aargauermuslime\" \/>\n<meta property=\"article:published_time\" content=\"2024-03-03T21:41:08+00:00\" \/>\n<meta property=\"article:modified_time\" content=\"2024-03-03T21:46:52+00:00\" \/>\n<meta property=\"og:image\" content=\"https:\/\/aargauermuslime.ch\/de\/wp-content\/uploads\/2024\/03\/Banner_Nicht_in_unserem_Namen.jpg\" \/>\n\t<meta property=\"og:image:width\" content=\"1001\" \/>\n\t<meta property=\"og:image:height\" content=\"356\" \/>\n\t<meta property=\"og:image:type\" content=\"image\/jpeg\" \/>\n<meta name=\"author\" content=\"Verwalter5\" \/>\n<meta name=\"twitter:card\" content=\"summary_large_image\" \/>\n<meta name=\"twitter:label1\" content=\"Verfasst von\" \/>\n\t<meta name=\"twitter:data1\" content=\"Verwalter5\" \/>\n\t<meta name=\"twitter:label2\" content=\"Gesch\u00e4tzte Lesezeit\" \/>\n\t<meta name=\"twitter:data2\" content=\"2\u00a0Minuten\" \/>\n<script type=\"application\/ld+json\" class=\"yoast-schema-graph\">{\"@context\":\"https:\\\/\\\/schema.org\",\"@graph\":[{\"@type\":\"Article\",\"@id\":\"https:\\\/\\\/aargauermuslime.ch\\\/de\\\/stellungnahme-zur-attacke-auf-juedischen-mitbuerger-in-zuerich-am-2-maerz-2024\\\/#article\",\"isPartOf\":{\"@id\":\"https:\\\/\\\/aargauermuslime.ch\\\/de\\\/stellungnahme-zur-attacke-auf-juedischen-mitbuerger-in-zuerich-am-2-maerz-2024\\\/\"},\"author\":{\"name\":\"Verwalter5\",\"@id\":\"https:\\\/\\\/aargauermuslime.ch\\\/de\\\/#\\\/schema\\\/person\\\/310e6c317a37722ccc1fb5815f4bb122\"},\"headline\":\"Stellungnahme zur Attacke auf j\u00fcdischen Mitb\u00fcrger in Z\u00fcrich am 2. M\u00e4rz 2024\",\"datePublished\":\"2024-03-03T21:41:08+00:00\",\"dateModified\":\"2024-03-03T21:46:52+00:00\",\"mainEntityOfPage\":{\"@id\":\"https:\\\/\\\/aargauermuslime.ch\\\/de\\\/stellungnahme-zur-attacke-auf-juedischen-mitbuerger-in-zuerich-am-2-maerz-2024\\\/\"},\"wordCount\":227,\"publisher\":{\"@id\":\"https:\\\/\\\/aargauermuslime.ch\\\/de\\\/#organization\"},\"image\":{\"@id\":\"https:\\\/\\\/aargauermuslime.ch\\\/de\\\/stellungnahme-zur-attacke-auf-juedischen-mitbuerger-in-zuerich-am-2-maerz-2024\\\/#primaryimage\"},\"thumbnailUrl\":\"https:\\\/\\\/aargauermuslime.ch\\\/de\\\/wp-content\\\/uploads\\\/2024\\\/03\\\/Banner_Nicht_in_unserem_Namen.jpg\",\"articleSection\":[\"News\",\"Stellungnahmen\"],\"inLanguage\":\"de\"},{\"@type\":\"WebPage\",\"@id\":\"https:\\\/\\\/aargauermuslime.ch\\\/de\\\/stellungnahme-zur-attacke-auf-juedischen-mitbuerger-in-zuerich-am-2-maerz-2024\\\/\",\"url\":\"https:\\\/\\\/aargauermuslime.ch\\\/de\\\/stellungnahme-zur-attacke-auf-juedischen-mitbuerger-in-zuerich-am-2-maerz-2024\\\/\",\"name\":\"Stellungnahme zur Attacke auf j\u00fcdischen Mitb\u00fcrger in Z\u00fcrich am 2. M\u00e4rz 2024 - Verband Aargauer Muslime (VAM)\",\"isPartOf\":{\"@id\":\"https:\\\/\\\/aargauermuslime.ch\\\/de\\\/#website\"},\"primaryImageOfPage\":{\"@id\":\"https:\\\/\\\/aargauermuslime.ch\\\/de\\\/stellungnahme-zur-attacke-auf-juedischen-mitbuerger-in-zuerich-am-2-maerz-2024\\\/#primaryimage\"},\"image\":{\"@id\":\"https:\\\/\\\/aargauermuslime.ch\\\/de\\\/stellungnahme-zur-attacke-auf-juedischen-mitbuerger-in-zuerich-am-2-maerz-2024\\\/#primaryimage\"},\"thumbnailUrl\":\"https:\\\/\\\/aargauermuslime.ch\\\/de\\\/wp-content\\\/uploads\\\/2024\\\/03\\\/Banner_Nicht_in_unserem_Namen.jpg\",\"datePublished\":\"2024-03-03T21:41:08+00:00\",\"dateModified\":\"2024-03-03T21:46:52+00:00\",\"breadcrumb\":{\"@id\":\"https:\\\/\\\/aargauermuslime.ch\\\/de\\\/stellungnahme-zur-attacke-auf-juedischen-mitbuerger-in-zuerich-am-2-maerz-2024\\\/#breadcrumb\"},\"inLanguage\":\"de\",\"potentialAction\":[{\"@type\":\"ReadAction\",\"target\":[\"https:\\\/\\\/aargauermuslime.ch\\\/de\\\/stellungnahme-zur-attacke-auf-juedischen-mitbuerger-in-zuerich-am-2-maerz-2024\\\/\"]}]},{\"@type\":\"ImageObject\",\"inLanguage\":\"de\",\"@id\":\"https:\\\/\\\/aargauermuslime.ch\\\/de\\\/stellungnahme-zur-attacke-auf-juedischen-mitbuerger-in-zuerich-am-2-maerz-2024\\\/#primaryimage\",\"url\":\"https:\\\/\\\/aargauermuslime.ch\\\/de\\\/wp-content\\\/uploads\\\/2024\\\/03\\\/Banner_Nicht_in_unserem_Namen.jpg\",\"contentUrl\":\"https:\\\/\\\/aargauermuslime.ch\\\/de\\\/wp-content\\\/uploads\\\/2024\\\/03\\\/Banner_Nicht_in_unserem_Namen.jpg\",\"width\":1001,\"height\":356},{\"@type\":\"BreadcrumbList\",\"@id\":\"https:\\\/\\\/aargauermuslime.ch\\\/de\\\/stellungnahme-zur-attacke-auf-juedischen-mitbuerger-in-zuerich-am-2-maerz-2024\\\/#breadcrumb\",\"itemListElement\":[{\"@type\":\"ListItem\",\"position\":1,\"name\":\"Startseite\",\"item\":\"https:\\\/\\\/aargauermuslime.ch\\\/de\\\/\"},{\"@type\":\"ListItem\",\"position\":2,\"name\":\"Stellungnahme zur Attacke auf j\u00fcdischen Mitb\u00fcrger in Z\u00fcrich am 2. M\u00e4rz 2024\"}]},{\"@type\":\"WebSite\",\"@id\":\"https:\\\/\\\/aargauermuslime.ch\\\/de\\\/#website\",\"url\":\"https:\\\/\\\/aargauermuslime.ch\\\/de\\\/\",\"name\":\"Verband Aargauer Muslime (VAM)\",\"description\":\"Dachverband der muslimischen Institutionen im Aargau\",\"publisher\":{\"@id\":\"https:\\\/\\\/aargauermuslime.ch\\\/de\\\/#organization\"},\"potentialAction\":[{\"@type\":\"SearchAction\",\"target\":{\"@type\":\"EntryPoint\",\"urlTemplate\":\"https:\\\/\\\/aargauermuslime.ch\\\/de\\\/?s={search_term_string}\"},\"query-input\":{\"@type\":\"PropertyValueSpecification\",\"valueRequired\":true,\"valueName\":\"search_term_string\"}}],\"inLanguage\":\"de\"},{\"@type\":\"Organization\",\"@id\":\"https:\\\/\\\/aargauermuslime.ch\\\/de\\\/#organization\",\"name\":\"Verband Aargauer Muslime\",\"alternateName\":\"VAM\",\"url\":\"https:\\\/\\\/aargauermuslime.ch\\\/de\\\/\",\"logo\":{\"@type\":\"ImageObject\",\"inLanguage\":\"de\",\"@id\":\"https:\\\/\\\/aargauermuslime.ch\\\/de\\\/#\\\/schema\\\/logo\\\/image\\\/\",\"url\":\"https:\\\/\\\/aargauermuslime.ch\\\/de\\\/wp-content\\\/uploads\\\/2019\\\/07\\\/VAM-Logo_web.jpg\",\"contentUrl\":\"https:\\\/\\\/aargauermuslime.ch\\\/de\\\/wp-content\\\/uploads\\\/2019\\\/07\\\/VAM-Logo_web.jpg\",\"width\":800,\"height\":181,\"caption\":\"Verband Aargauer Muslime\"},\"image\":{\"@id\":\"https:\\\/\\\/aargauermuslime.ch\\\/de\\\/#\\\/schema\\\/logo\\\/image\\\/\"},\"sameAs\":[\"https:\\\/\\\/www.facebook.com\\\/groups\\\/aargauermuslime\"]},{\"@type\":\"Person\",\"@id\":\"https:\\\/\\\/aargauermuslime.ch\\\/de\\\/#\\\/schema\\\/person\\\/310e6c317a37722ccc1fb5815f4bb122\",\"name\":\"Verwalter5\",\"image\":{\"@type\":\"ImageObject\",\"inLanguage\":\"de\",\"@id\":\"https:\\\/\\\/secure.gravatar.com\\\/avatar\\\/65ee8be834871e73d854ad00dfc4031afc2b5c926eac730b926dfe8fee7021c0?s=96&d=mm&r=g\",\"url\":\"https:\\\/\\\/secure.gravatar.com\\\/avatar\\\/65ee8be834871e73d854ad00dfc4031afc2b5c926eac730b926dfe8fee7021c0?s=96&d=mm&r=g\",\"contentUrl\":\"https:\\\/\\\/secure.gravatar.com\\\/avatar\\\/65ee8be834871e73d854ad00dfc4031afc2b5c926eac730b926dfe8fee7021c0?s=96&d=mm&r=g\",\"caption\":\"Verwalter5\"}}]}<\/script>\n<!-- \/ Yoast SEO plugin. -->","yoast_head_json":{"title":"Stellungnahme zur Attacke auf j\u00fcdischen Mitb\u00fcrger in Z\u00fcrich am 2. M\u00e4rz 2024 - Verband Aargauer Muslime (VAM)","robots":{"index":"index","follow":"follow","max-snippet":"max-snippet:-1","max-image-preview":"max-image-preview:large","max-video-preview":"max-video-preview:-1"},"canonical":"https:\/\/aargauermuslime.ch\/de\/stellungnahme-zur-attacke-auf-juedischen-mitbuerger-in-zuerich-am-2-maerz-2024\/","og_locale":"de_DE","og_type":"article","og_title":"Stellungnahme zur Attacke auf j\u00fcdischen Mitb\u00fcrger in Z\u00fcrich am 2. M\u00e4rz 2024 - Verband Aargauer Muslime (VAM)","og_description":"Gebenstorf, 3. M\u00e4rz 2024 \u00abWer einen Menschen t\u00f6tet, dann ist es, als h\u00e4tte er die ganze Menschheit get\u00f6tet. Und wer einem Menschen das Leben rettet, dann ist es, als h\u00e4tte [&hellip;]","og_url":"https:\/\/aargauermuslime.ch\/de\/stellungnahme-zur-attacke-auf-juedischen-mitbuerger-in-zuerich-am-2-maerz-2024\/","og_site_name":"Verband Aargauer Muslime (VAM)","article_publisher":"https:\/\/www.facebook.com\/groups\/aargauermuslime","article_published_time":"2024-03-03T21:41:08+00:00","article_modified_time":"2024-03-03T21:46:52+00:00","og_image":[{"width":1001,"height":356,"url":"https:\/\/aargauermuslime.ch\/de\/wp-content\/uploads\/2024\/03\/Banner_Nicht_in_unserem_Namen.jpg","type":"image\/jpeg"}],"author":"Verwalter5","twitter_card":"summary_large_image","twitter_misc":{"Verfasst von":"Verwalter5","Gesch\u00e4tzte Lesezeit":"2\u00a0Minuten"},"schema":{"@context":"https:\/\/schema.org","@graph":[{"@type":"Article","@id":"https:\/\/aargauermuslime.ch\/de\/stellungnahme-zur-attacke-auf-juedischen-mitbuerger-in-zuerich-am-2-maerz-2024\/#article","isPartOf":{"@id":"https:\/\/aargauermuslime.ch\/de\/stellungnahme-zur-attacke-auf-juedischen-mitbuerger-in-zuerich-am-2-maerz-2024\/"},"author":{"name":"Verwalter5","@id":"https:\/\/aargauermuslime.ch\/de\/#\/schema\/person\/310e6c317a37722ccc1fb5815f4bb122"},"headline":"Stellungnahme zur Attacke auf j\u00fcdischen Mitb\u00fcrger in Z\u00fcrich am 2. M\u00e4rz 2024","datePublished":"2024-03-03T21:41:08+00:00","dateModified":"2024-03-03T21:46:52+00:00","mainEntityOfPage":{"@id":"https:\/\/aargauermuslime.ch\/de\/stellungnahme-zur-attacke-auf-juedischen-mitbuerger-in-zuerich-am-2-maerz-2024\/"},"wordCount":227,"publisher":{"@id":"https:\/\/aargauermuslime.ch\/de\/#organization"},"image":{"@id":"https:\/\/aargauermuslime.ch\/de\/stellungnahme-zur-attacke-auf-juedischen-mitbuerger-in-zuerich-am-2-maerz-2024\/#primaryimage"},"thumbnailUrl":"https:\/\/aargauermuslime.ch\/de\/wp-content\/uploads\/2024\/03\/Banner_Nicht_in_unserem_Namen.jpg","articleSection":["News","Stellungnahmen"],"inLanguage":"de"},{"@type":"WebPage","@id":"https:\/\/aargauermuslime.ch\/de\/stellungnahme-zur-attacke-auf-juedischen-mitbuerger-in-zuerich-am-2-maerz-2024\/","url":"https:\/\/aargauermuslime.ch\/de\/stellungnahme-zur-attacke-auf-juedischen-mitbuerger-in-zuerich-am-2-maerz-2024\/","name":"Stellungnahme zur Attacke auf j\u00fcdischen Mitb\u00fcrger in Z\u00fcrich am 2. M\u00e4rz 2024 - Verband Aargauer Muslime (VAM)","isPartOf":{"@id":"https:\/\/aargauermuslime.ch\/de\/#website"},"primaryImageOfPage":{"@id":"https:\/\/aargauermuslime.ch\/de\/stellungnahme-zur-attacke-auf-juedischen-mitbuerger-in-zuerich-am-2-maerz-2024\/#primaryimage"},"image":{"@id":"https:\/\/aargauermuslime.ch\/de\/stellungnahme-zur-attacke-auf-juedischen-mitbuerger-in-zuerich-am-2-maerz-2024\/#primaryimage"},"thumbnailUrl":"https:\/\/aargauermuslime.ch\/de\/wp-content\/uploads\/2024\/03\/Banner_Nicht_in_unserem_Namen.jpg","datePublished":"2024-03-03T21:41:08+00:00","dateModified":"2024-03-03T21:46:52+00:00","breadcrumb":{"@id":"https:\/\/aargauermuslime.ch\/de\/stellungnahme-zur-attacke-auf-juedischen-mitbuerger-in-zuerich-am-2-maerz-2024\/#breadcrumb"},"inLanguage":"de","potentialAction":[{"@type":"ReadAction","target":["https:\/\/aargauermuslime.ch\/de\/stellungnahme-zur-attacke-auf-juedischen-mitbuerger-in-zuerich-am-2-maerz-2024\/"]}]},{"@type":"ImageObject","inLanguage":"de","@id":"https:\/\/aargauermuslime.ch\/de\/stellungnahme-zur-attacke-auf-juedischen-mitbuerger-in-zuerich-am-2-maerz-2024\/#primaryimage","url":"https:\/\/aargauermuslime.ch\/de\/wp-content\/uploads\/2024\/03\/Banner_Nicht_in_unserem_Namen.jpg","contentUrl":"https:\/\/aargauermuslime.ch\/de\/wp-content\/uploads\/2024\/03\/Banner_Nicht_in_unserem_Namen.jpg","width":1001,"height":356},{"@type":"BreadcrumbList","@id":"https:\/\/aargauermuslime.ch\/de\/stellungnahme-zur-attacke-auf-juedischen-mitbuerger-in-zuerich-am-2-maerz-2024\/#breadcrumb","itemListElement":[{"@type":"ListItem","position":1,"name":"Startseite","item":"https:\/\/aargauermuslime.ch\/de\/"},{"@type":"ListItem","position":2,"name":"Stellungnahme zur Attacke auf j\u00fcdischen Mitb\u00fcrger in Z\u00fcrich am 2. M\u00e4rz 2024"}]},{"@type":"WebSite","@id":"https:\/\/aargauermuslime.ch\/de\/#website","url":"https:\/\/aargauermuslime.ch\/de\/","name":"Verband Aargauer Muslime (VAM)","description":"Dachverband der muslimischen Institutionen im Aargau","publisher":{"@id":"https:\/\/aargauermuslime.ch\/de\/#organization"},"potentialAction":[{"@type":"SearchAction","target":{"@type":"EntryPoint","urlTemplate":"https:\/\/aargauermuslime.ch\/de\/?s={search_term_string}"},"query-input":{"@type":"PropertyValueSpecification","valueRequired":true,"valueName":"search_term_string"}}],"inLanguage":"de"},{"@type":"Organization","@id":"https:\/\/aargauermuslime.ch\/de\/#organization","name":"Verband Aargauer Muslime","alternateName":"VAM","url":"https:\/\/aargauermuslime.ch\/de\/","logo":{"@type":"ImageObject","inLanguage":"de","@id":"https:\/\/aargauermuslime.ch\/de\/#\/schema\/logo\/image\/","url":"https:\/\/aargauermuslime.ch\/de\/wp-content\/uploads\/2019\/07\/VAM-Logo_web.jpg","contentUrl":"https:\/\/aargauermuslime.ch\/de\/wp-content\/uploads\/2019\/07\/VAM-Logo_web.jpg","width":800,"height":181,"caption":"Verband Aargauer Muslime"},"image":{"@id":"https:\/\/aargauermuslime.ch\/de\/#\/schema\/logo\/image\/"},"sameAs":["https:\/\/www.facebook.com\/groups\/aargauermuslime"]},{"@type":"Person","@id":"https:\/\/aargauermuslime.ch\/de\/#\/schema\/person\/310e6c317a37722ccc1fb5815f4bb122","name":"Verwalter5","image":{"@type":"ImageObject","inLanguage":"de","@id":"https:\/\/secure.gravatar.com\/avatar\/65ee8be834871e73d854ad00dfc4031afc2b5c926eac730b926dfe8fee7021c0?s=96&d=mm&r=g","url":"https:\/\/secure.gravatar.com\/avatar\/65ee8be834871e73d854ad00dfc4031afc2b5c926eac730b926dfe8fee7021c0?s=96&d=mm&r=g","contentUrl":"https:\/\/secure.gravatar.com\/avatar\/65ee8be834871e73d854ad00dfc4031afc2b5c926eac730b926dfe8fee7021c0?s=96&d=mm&r=g","caption":"Verwalter5"}}]}},"_links":{"self":[{"href":"https:\/\/aargauermuslime.ch\/de\/wp-json\/wp\/v2\/posts\/4123","targetHints":{"allow":["GET"]}}],"collection":[{"href":"https:\/\/aargauermuslime.ch\/de\/wp-json\/wp\/v2\/posts"}],"about":[{"href":"https:\/\/aargauermuslime.ch\/de\/wp-json\/wp\/v2\/types\/post"}],"author":[{"embeddable":true,"href":"https:\/\/aargauermuslime.ch\/de\/wp-json\/wp\/v2\/users\/4"}],"replies":[{"embeddable":true,"href":"https:\/\/aargauermuslime.ch\/de\/wp-json\/wp\/v2\/comments?post=4123"}],"version-history":[{"count":6,"href":"https:\/\/aargauermuslime.ch\/de\/wp-json\/wp\/v2\/posts\/4123\/revisions"}],"predecessor-version":[{"id":4131,"href":"https:\/\/aargauermuslime.ch\/de\/wp-json\/wp\/v2\/posts\/4123\/revisions\/4131"}],"wp:featuredmedia":[{"embeddable":true,"href":"https:\/\/aargauermuslime.ch\/de\/wp-json\/wp\/v2\/media\/4124"}],"wp:attachment":[{"href":"https:\/\/aargauermuslime.ch\/de\/wp-json\/wp\/v2\/media?parent=4123"}],"wp:term":[{"taxonomy":"category","embeddable":true,"href":"https:\/\/aargauermuslime.ch\/de\/wp-json\/wp\/v2\/categories?post=4123"},{"taxonomy":"post_tag","embeddable":true,"href":"https:\/\/aargauermuslime.ch\/de\/wp-json\/wp\/v2\/tags?post=4123"}],"curies":[{"name":"wp","href":"https:\/\/api.w.org\/{rel}","templated":true}]}}