{"id":4500,"date":"2026-01-25T22:33:21","date_gmt":"2026-01-25T20:33:21","guid":{"rendered":"https:\/\/aargauermuslime.ch\/de\/?p=4500"},"modified":"2026-01-25T22:40:15","modified_gmt":"2026-01-25T20:40:15","slug":"oeffentliches-fastenbrechen-am-11-maerz-2026-in-doettingen","status":"publish","type":"post","link":"https:\/\/aargauermuslime.ch\/de\/oeffentliches-fastenbrechen-am-11-maerz-2026-in-doettingen\/","title":{"rendered":"\u00d6ffentliches Fastenbrechen am 11. M\u00e4rz 2026 in D\u00f6ttingen"},"content":{"rendered":"<p>Der Ramadan ist einer der wichtigsten Monate im religi\u00f6sen Leben der Muslime. Nach einem Tag voller Entbehrungen freuen sie sich, am Abend wieder essen und trinken zu k\u00f6nnen. \u00dcblicherweise wird das Fastenbrechen (arab. Iftar) im Familien- oder Freundeskreis durchgef\u00fchrt.<\/p>\n<p>Der Verband Aargauer Muslime (VAM) und der T\u00fcrkische Kulturvereinin D\u00f6ttingen m\u00f6chten alle Mitb\u00fcrgerinnen und Mitb\u00fcrger an diesem freudigen Anlass teilhaben lassen und laden zu einem \u00f6ffentlichen Fastenbrechen ein. Der Eintritt ist frei.<\/p>\n<p>Weitere Information k\u00f6nnen diesem <a href=\"https:\/\/aargauermuslime.ch\/de\/wp-content\/uploads\/2026\/01\/VAM-Iftar_2026_Flyer_rev01.pdf\" target=\"_blank\" rel=\"noopener\">Flyer<\/a> entnommen werden.<\/p>\n","protected":false},"excerpt":{"rendered":"<p>Der Ramadan ist einer der wichtigsten Monate im religi\u00f6sen Leben der Muslime. Nach einem Tag voller Entbehrungen freuen sie sich, am Abend wieder essen und trinken zu k\u00f6nnen. \u00dcblicherweise wird [&hellip;]<\/p>\n","protected":false},"author":4,"featured_media":4377,"comment_status":"closed","ping_status":"closed","sticky":false,"template":"","format":"standard","meta":{"_et_pb_use_builder":"","_et_pb_old_content":"","_et_gb_content_width":"","ngg_post_thumbnail":0,"footnotes":""},"categories":[3],"tags":[],"class_list":["post-4500","post","type-post","status-publish","format-standard","has-post-thumbnail","hentry","category-news"],"yoast_head":"<!-- This site is optimized with the Yoast SEO plugin v27.4 - https:\/\/yoast.com\/product\/yoast-seo-wordpress\/ -->\n<title>\u00d6ffentliches Fastenbrechen am 11. M\u00e4rz 2026 in D\u00f6ttingen - Verband Aargauer Muslime (VAM)<\/title>\n<meta name=\"robots\" content=\"index, follow, max-snippet:-1, max-image-preview:large, max-video-preview:-1\" \/>\n<link rel=\"canonical\" href=\"https:\/\/aargauermuslime.ch\/de\/oeffentliches-fastenbrechen-am-11-maerz-2026-in-doettingen\/\" \/>\n<meta property=\"og:locale\" content=\"de_DE\" \/>\n<meta property=\"og:type\" content=\"article\" \/>\n<meta property=\"og:title\" content=\"\u00d6ffentliches Fastenbrechen am 11. M\u00e4rz 2026 in D\u00f6ttingen - Verband Aargauer Muslime (VAM)\" \/>\n<meta property=\"og:description\" content=\"Der Ramadan ist einer der wichtigsten Monate im religi\u00f6sen Leben der Muslime. Nach einem Tag voller Entbehrungen freuen sie sich, am Abend wieder essen und trinken zu k\u00f6nnen. \u00dcblicherweise wird [&hellip;]\" \/>\n<meta property=\"og:url\" content=\"https:\/\/aargauermuslime.ch\/de\/oeffentliches-fastenbrechen-am-11-maerz-2026-in-doettingen\/\" \/>\n<meta property=\"og:site_name\" content=\"Verband Aargauer Muslime (VAM)\" \/>\n<meta property=\"article:publisher\" content=\"https:\/\/www.facebook.com\/groups\/aargauermuslime\" \/>\n<meta property=\"article:published_time\" content=\"2026-01-25T20:33:21+00:00\" \/>\n<meta property=\"article:modified_time\" content=\"2026-01-25T20:40:15+00:00\" \/>\n<meta property=\"og:image\" content=\"https:\/\/aargauermuslime.ch\/de\/wp-content\/uploads\/2025\/04\/VAM-Iftar_2025_Bild_8-scaled.jpg\" \/>\n\t<meta property=\"og:image:width\" content=\"2560\" \/>\n\t<meta property=\"og:image:height\" content=\"1439\" \/>\n\t<meta property=\"og:image:type\" content=\"image\/jpeg\" \/>\n<meta name=\"author\" content=\"Verwalter5\" \/>\n<meta name=\"twitter:card\" content=\"summary_large_image\" \/>\n<meta name=\"twitter:label1\" content=\"Verfasst von\" \/>\n\t<meta name=\"twitter:data1\" content=\"Verwalter5\" \/>\n\t<meta name=\"twitter:label2\" content=\"Gesch\u00e4tzte Lesezeit\" \/>\n\t<meta name=\"twitter:data2\" content=\"1\u00a0Minute\" \/>\n<script type=\"application\/ld+json\" class=\"yoast-schema-graph\">{\"@context\":\"https:\\\/\\\/schema.org\",\"@graph\":[{\"@type\":\"Article\",\"@id\":\"https:\\\/\\\/aargauermuslime.ch\\\/de\\\/oeffentliches-fastenbrechen-am-11-maerz-2026-in-doettingen\\\/#article\",\"isPartOf\":{\"@id\":\"https:\\\/\\\/aargauermuslime.ch\\\/de\\\/oeffentliches-fastenbrechen-am-11-maerz-2026-in-doettingen\\\/\"},\"author\":{\"name\":\"Verwalter5\",\"@id\":\"https:\\\/\\\/aargauermuslime.ch\\\/de\\\/#\\\/schema\\\/person\\\/310e6c317a37722ccc1fb5815f4bb122\"},\"headline\":\"\u00d6ffentliches Fastenbrechen am 11. M\u00e4rz 2026 in D\u00f6ttingen\",\"datePublished\":\"2026-01-25T20:33:21+00:00\",\"dateModified\":\"2026-01-25T20:40:15+00:00\",\"mainEntityOfPage\":{\"@id\":\"https:\\\/\\\/aargauermuslime.ch\\\/de\\\/oeffentliches-fastenbrechen-am-11-maerz-2026-in-doettingen\\\/\"},\"wordCount\":95,\"publisher\":{\"@id\":\"https:\\\/\\\/aargauermuslime.ch\\\/de\\\/#organization\"},\"image\":{\"@id\":\"https:\\\/\\\/aargauermuslime.ch\\\/de\\\/oeffentliches-fastenbrechen-am-11-maerz-2026-in-doettingen\\\/#primaryimage\"},\"thumbnailUrl\":\"https:\\\/\\\/aargauermuslime.ch\\\/de\\\/wp-content\\\/uploads\\\/2025\\\/04\\\/VAM-Iftar_2025_Bild_8-scaled.jpg\",\"articleSection\":[\"News\"],\"inLanguage\":\"de\"},{\"@type\":\"WebPage\",\"@id\":\"https:\\\/\\\/aargauermuslime.ch\\\/de\\\/oeffentliches-fastenbrechen-am-11-maerz-2026-in-doettingen\\\/\",\"url\":\"https:\\\/\\\/aargauermuslime.ch\\\/de\\\/oeffentliches-fastenbrechen-am-11-maerz-2026-in-doettingen\\\/\",\"name\":\"\u00d6ffentliches Fastenbrechen am 11. M\u00e4rz 2026 in D\u00f6ttingen - Verband Aargauer Muslime (VAM)\",\"isPartOf\":{\"@id\":\"https:\\\/\\\/aargauermuslime.ch\\\/de\\\/#website\"},\"primaryImageOfPage\":{\"@id\":\"https:\\\/\\\/aargauermuslime.ch\\\/de\\\/oeffentliches-fastenbrechen-am-11-maerz-2026-in-doettingen\\\/#primaryimage\"},\"image\":{\"@id\":\"https:\\\/\\\/aargauermuslime.ch\\\/de\\\/oeffentliches-fastenbrechen-am-11-maerz-2026-in-doettingen\\\/#primaryimage\"},\"thumbnailUrl\":\"https:\\\/\\\/aargauermuslime.ch\\\/de\\\/wp-content\\\/uploads\\\/2025\\\/04\\\/VAM-Iftar_2025_Bild_8-scaled.jpg\",\"datePublished\":\"2026-01-25T20:33:21+00:00\",\"dateModified\":\"2026-01-25T20:40:15+00:00\",\"breadcrumb\":{\"@id\":\"https:\\\/\\\/aargauermuslime.ch\\\/de\\\/oeffentliches-fastenbrechen-am-11-maerz-2026-in-doettingen\\\/#breadcrumb\"},\"inLanguage\":\"de\",\"potentialAction\":[{\"@type\":\"ReadAction\",\"target\":[\"https:\\\/\\\/aargauermuslime.ch\\\/de\\\/oeffentliches-fastenbrechen-am-11-maerz-2026-in-doettingen\\\/\"]}]},{\"@type\":\"ImageObject\",\"inLanguage\":\"de\",\"@id\":\"https:\\\/\\\/aargauermuslime.ch\\\/de\\\/oeffentliches-fastenbrechen-am-11-maerz-2026-in-doettingen\\\/#primaryimage\",\"url\":\"https:\\\/\\\/aargauermuslime.ch\\\/de\\\/wp-content\\\/uploads\\\/2025\\\/04\\\/VAM-Iftar_2025_Bild_8-scaled.jpg\",\"contentUrl\":\"https:\\\/\\\/aargauermuslime.ch\\\/de\\\/wp-content\\\/uploads\\\/2025\\\/04\\\/VAM-Iftar_2025_Bild_8-scaled.jpg\",\"width\":2560,\"height\":1439},{\"@type\":\"BreadcrumbList\",\"@id\":\"https:\\\/\\\/aargauermuslime.ch\\\/de\\\/oeffentliches-fastenbrechen-am-11-maerz-2026-in-doettingen\\\/#breadcrumb\",\"itemListElement\":[{\"@type\":\"ListItem\",\"position\":1,\"name\":\"Startseite\",\"item\":\"https:\\\/\\\/aargauermuslime.ch\\\/de\\\/\"},{\"@type\":\"ListItem\",\"position\":2,\"name\":\"\u00d6ffentliches Fastenbrechen am 11. M\u00e4rz 2026 in D\u00f6ttingen\"}]},{\"@type\":\"WebSite\",\"@id\":\"https:\\\/\\\/aargauermuslime.ch\\\/de\\\/#website\",\"url\":\"https:\\\/\\\/aargauermuslime.ch\\\/de\\\/\",\"name\":\"Verband Aargauer Muslime (VAM)\",\"description\":\"Dachverband der muslimischen Institutionen im Aargau\",\"publisher\":{\"@id\":\"https:\\\/\\\/aargauermuslime.ch\\\/de\\\/#organization\"},\"potentialAction\":[{\"@type\":\"SearchAction\",\"target\":{\"@type\":\"EntryPoint\",\"urlTemplate\":\"https:\\\/\\\/aargauermuslime.ch\\\/de\\\/?s={search_term_string}\"},\"query-input\":{\"@type\":\"PropertyValueSpecification\",\"valueRequired\":true,\"valueName\":\"search_term_string\"}}],\"inLanguage\":\"de\"},{\"@type\":\"Organization\",\"@id\":\"https:\\\/\\\/aargauermuslime.ch\\\/de\\\/#organization\",\"name\":\"Verband Aargauer Muslime\",\"alternateName\":\"VAM\",\"url\":\"https:\\\/\\\/aargauermuslime.ch\\\/de\\\/\",\"logo\":{\"@type\":\"ImageObject\",\"inLanguage\":\"de\",\"@id\":\"https:\\\/\\\/aargauermuslime.ch\\\/de\\\/#\\\/schema\\\/logo\\\/image\\\/\",\"url\":\"https:\\\/\\\/aargauermuslime.ch\\\/de\\\/wp-content\\\/uploads\\\/2019\\\/07\\\/VAM-Logo_web.jpg\",\"contentUrl\":\"https:\\\/\\\/aargauermuslime.ch\\\/de\\\/wp-content\\\/uploads\\\/2019\\\/07\\\/VAM-Logo_web.jpg\",\"width\":800,\"height\":181,\"caption\":\"Verband Aargauer Muslime\"},\"image\":{\"@id\":\"https:\\\/\\\/aargauermuslime.ch\\\/de\\\/#\\\/schema\\\/logo\\\/image\\\/\"},\"sameAs\":[\"https:\\\/\\\/www.facebook.com\\\/groups\\\/aargauermuslime\"]},{\"@type\":\"Person\",\"@id\":\"https:\\\/\\\/aargauermuslime.ch\\\/de\\\/#\\\/schema\\\/person\\\/310e6c317a37722ccc1fb5815f4bb122\",\"name\":\"Verwalter5\",\"image\":{\"@type\":\"ImageObject\",\"inLanguage\":\"de\",\"@id\":\"https:\\\/\\\/secure.gravatar.com\\\/avatar\\\/65ee8be834871e73d854ad00dfc4031afc2b5c926eac730b926dfe8fee7021c0?s=96&d=mm&r=g\",\"url\":\"https:\\\/\\\/secure.gravatar.com\\\/avatar\\\/65ee8be834871e73d854ad00dfc4031afc2b5c926eac730b926dfe8fee7021c0?s=96&d=mm&r=g\",\"contentUrl\":\"https:\\\/\\\/secure.gravatar.com\\\/avatar\\\/65ee8be834871e73d854ad00dfc4031afc2b5c926eac730b926dfe8fee7021c0?s=96&d=mm&r=g\",\"caption\":\"Verwalter5\"}}]}<\/script>\n<!-- \/ Yoast SEO plugin. -->","yoast_head_json":{"title":"\u00d6ffentliches Fastenbrechen am 11. M\u00e4rz 2026 in D\u00f6ttingen - Verband Aargauer Muslime (VAM)","robots":{"index":"index","follow":"follow","max-snippet":"max-snippet:-1","max-image-preview":"max-image-preview:large","max-video-preview":"max-video-preview:-1"},"canonical":"https:\/\/aargauermuslime.ch\/de\/oeffentliches-fastenbrechen-am-11-maerz-2026-in-doettingen\/","og_locale":"de_DE","og_type":"article","og_title":"\u00d6ffentliches Fastenbrechen am 11. M\u00e4rz 2026 in D\u00f6ttingen - Verband Aargauer Muslime (VAM)","og_description":"Der Ramadan ist einer der wichtigsten Monate im religi\u00f6sen Leben der Muslime. Nach einem Tag voller Entbehrungen freuen sie sich, am Abend wieder essen und trinken zu k\u00f6nnen. \u00dcblicherweise wird [&hellip;]","og_url":"https:\/\/aargauermuslime.ch\/de\/oeffentliches-fastenbrechen-am-11-maerz-2026-in-doettingen\/","og_site_name":"Verband Aargauer Muslime (VAM)","article_publisher":"https:\/\/www.facebook.com\/groups\/aargauermuslime","article_published_time":"2026-01-25T20:33:21+00:00","article_modified_time":"2026-01-25T20:40:15+00:00","og_image":[{"width":2560,"height":1439,"url":"https:\/\/aargauermuslime.ch\/de\/wp-content\/uploads\/2025\/04\/VAM-Iftar_2025_Bild_8-scaled.jpg","type":"image\/jpeg"}],"author":"Verwalter5","twitter_card":"summary_large_image","twitter_misc":{"Verfasst von":"Verwalter5","Gesch\u00e4tzte Lesezeit":"1\u00a0Minute"},"schema":{"@context":"https:\/\/schema.org","@graph":[{"@type":"Article","@id":"https:\/\/aargauermuslime.ch\/de\/oeffentliches-fastenbrechen-am-11-maerz-2026-in-doettingen\/#article","isPartOf":{"@id":"https:\/\/aargauermuslime.ch\/de\/oeffentliches-fastenbrechen-am-11-maerz-2026-in-doettingen\/"},"author":{"name":"Verwalter5","@id":"https:\/\/aargauermuslime.ch\/de\/#\/schema\/person\/310e6c317a37722ccc1fb5815f4bb122"},"headline":"\u00d6ffentliches Fastenbrechen am 11. M\u00e4rz 2026 in D\u00f6ttingen","datePublished":"2026-01-25T20:33:21+00:00","dateModified":"2026-01-25T20:40:15+00:00","mainEntityOfPage":{"@id":"https:\/\/aargauermuslime.ch\/de\/oeffentliches-fastenbrechen-am-11-maerz-2026-in-doettingen\/"},"wordCount":95,"publisher":{"@id":"https:\/\/aargauermuslime.ch\/de\/#organization"},"image":{"@id":"https:\/\/aargauermuslime.ch\/de\/oeffentliches-fastenbrechen-am-11-maerz-2026-in-doettingen\/#primaryimage"},"thumbnailUrl":"https:\/\/aargauermuslime.ch\/de\/wp-content\/uploads\/2025\/04\/VAM-Iftar_2025_Bild_8-scaled.jpg","articleSection":["News"],"inLanguage":"de"},{"@type":"WebPage","@id":"https:\/\/aargauermuslime.ch\/de\/oeffentliches-fastenbrechen-am-11-maerz-2026-in-doettingen\/","url":"https:\/\/aargauermuslime.ch\/de\/oeffentliches-fastenbrechen-am-11-maerz-2026-in-doettingen\/","name":"\u00d6ffentliches Fastenbrechen am 11. M\u00e4rz 2026 in D\u00f6ttingen - Verband Aargauer Muslime (VAM)","isPartOf":{"@id":"https:\/\/aargauermuslime.ch\/de\/#website"},"primaryImageOfPage":{"@id":"https:\/\/aargauermuslime.ch\/de\/oeffentliches-fastenbrechen-am-11-maerz-2026-in-doettingen\/#primaryimage"},"image":{"@id":"https:\/\/aargauermuslime.ch\/de\/oeffentliches-fastenbrechen-am-11-maerz-2026-in-doettingen\/#primaryimage"},"thumbnailUrl":"https:\/\/aargauermuslime.ch\/de\/wp-content\/uploads\/2025\/04\/VAM-Iftar_2025_Bild_8-scaled.jpg","datePublished":"2026-01-25T20:33:21+00:00","dateModified":"2026-01-25T20:40:15+00:00","breadcrumb":{"@id":"https:\/\/aargauermuslime.ch\/de\/oeffentliches-fastenbrechen-am-11-maerz-2026-in-doettingen\/#breadcrumb"},"inLanguage":"de","potentialAction":[{"@type":"ReadAction","target":["https:\/\/aargauermuslime.ch\/de\/oeffentliches-fastenbrechen-am-11-maerz-2026-in-doettingen\/"]}]},{"@type":"ImageObject","inLanguage":"de","@id":"https:\/\/aargauermuslime.ch\/de\/oeffentliches-fastenbrechen-am-11-maerz-2026-in-doettingen\/#primaryimage","url":"https:\/\/aargauermuslime.ch\/de\/wp-content\/uploads\/2025\/04\/VAM-Iftar_2025_Bild_8-scaled.jpg","contentUrl":"https:\/\/aargauermuslime.ch\/de\/wp-content\/uploads\/2025\/04\/VAM-Iftar_2025_Bild_8-scaled.jpg","width":2560,"height":1439},{"@type":"BreadcrumbList","@id":"https:\/\/aargauermuslime.ch\/de\/oeffentliches-fastenbrechen-am-11-maerz-2026-in-doettingen\/#breadcrumb","itemListElement":[{"@type":"ListItem","position":1,"name":"Startseite","item":"https:\/\/aargauermuslime.ch\/de\/"},{"@type":"ListItem","position":2,"name":"\u00d6ffentliches Fastenbrechen am 11. M\u00e4rz 2026 in D\u00f6ttingen"}]},{"@type":"WebSite","@id":"https:\/\/aargauermuslime.ch\/de\/#website","url":"https:\/\/aargauermuslime.ch\/de\/","name":"Verband Aargauer Muslime (VAM)","description":"Dachverband der muslimischen Institutionen im Aargau","publisher":{"@id":"https:\/\/aargauermuslime.ch\/de\/#organization"},"potentialAction":[{"@type":"SearchAction","target":{"@type":"EntryPoint","urlTemplate":"https:\/\/aargauermuslime.ch\/de\/?s={search_term_string}"},"query-input":{"@type":"PropertyValueSpecification","valueRequired":true,"valueName":"search_term_string"}}],"inLanguage":"de"},{"@type":"Organization","@id":"https:\/\/aargauermuslime.ch\/de\/#organization","name":"Verband Aargauer Muslime","alternateName":"VAM","url":"https:\/\/aargauermuslime.ch\/de\/","logo":{"@type":"ImageObject","inLanguage":"de","@id":"https:\/\/aargauermuslime.ch\/de\/#\/schema\/logo\/image\/","url":"https:\/\/aargauermuslime.ch\/de\/wp-content\/uploads\/2019\/07\/VAM-Logo_web.jpg","contentUrl":"https:\/\/aargauermuslime.ch\/de\/wp-content\/uploads\/2019\/07\/VAM-Logo_web.jpg","width":800,"height":181,"caption":"Verband Aargauer Muslime"},"image":{"@id":"https:\/\/aargauermuslime.ch\/de\/#\/schema\/logo\/image\/"},"sameAs":["https:\/\/www.facebook.com\/groups\/aargauermuslime"]},{"@type":"Person","@id":"https:\/\/aargauermuslime.ch\/de\/#\/schema\/person\/310e6c317a37722ccc1fb5815f4bb122","name":"Verwalter5","image":{"@type":"ImageObject","inLanguage":"de","@id":"https:\/\/secure.gravatar.com\/avatar\/65ee8be834871e73d854ad00dfc4031afc2b5c926eac730b926dfe8fee7021c0?s=96&d=mm&r=g","url":"https:\/\/secure.gravatar.com\/avatar\/65ee8be834871e73d854ad00dfc4031afc2b5c926eac730b926dfe8fee7021c0?s=96&d=mm&r=g","contentUrl":"https:\/\/secure.gravatar.com\/avatar\/65ee8be834871e73d854ad00dfc4031afc2b5c926eac730b926dfe8fee7021c0?s=96&d=mm&r=g","caption":"Verwalter5"}}]}},"_links":{"self":[{"href":"https:\/\/aargauermuslime.ch\/de\/wp-json\/wp\/v2\/posts\/4500","targetHints":{"allow":["GET"]}}],"collection":[{"href":"https:\/\/aargauermuslime.ch\/de\/wp-json\/wp\/v2\/posts"}],"about":[{"href":"https:\/\/aargauermuslime.ch\/de\/wp-json\/wp\/v2\/types\/post"}],"author":[{"embeddable":true,"href":"https:\/\/aargauermuslime.ch\/de\/wp-json\/wp\/v2\/users\/4"}],"replies":[{"embeddable":true,"href":"https:\/\/aargauermuslime.ch\/de\/wp-json\/wp\/v2\/comments?post=4500"}],"version-history":[{"count":1,"href":"https:\/\/aargauermuslime.ch\/de\/wp-json\/wp\/v2\/posts\/4500\/revisions"}],"predecessor-version":[{"id":4502,"href":"https:\/\/aargauermuslime.ch\/de\/wp-json\/wp\/v2\/posts\/4500\/revisions\/4502"}],"wp:featuredmedia":[{"embeddable":true,"href":"https:\/\/aargauermuslime.ch\/de\/wp-json\/wp\/v2\/media\/4377"}],"wp:attachment":[{"href":"https:\/\/aargauermuslime.ch\/de\/wp-json\/wp\/v2\/media?parent=4500"}],"wp:term":[{"taxonomy":"category","embeddable":true,"href":"https:\/\/aargauermuslime.ch\/de\/wp-json\/wp\/v2\/categories?post=4500"},{"taxonomy":"post_tag","embeddable":true,"href":"https:\/\/aargauermuslime.ch\/de\/wp-json\/wp\/v2\/tags?post=4500"}],"curies":[{"name":"wp","href":"https:\/\/api.w.org\/{rel}","templated":true}]}}