{"id":4526,"date":"2026-03-15T23:52:38","date_gmt":"2026-03-15T21:52:38","guid":{"rendered":"https:\/\/aargauermuslime.ch\/de\/?p=4526"},"modified":"2026-03-17T09:38:59","modified_gmt":"2026-03-17T07:38:59","slug":"erfolgreiches-oeffentliches-fastenbrechen-am-11-maerz-2026-in-doettingen-ag","status":"publish","type":"post","link":"https:\/\/aargauermuslime.ch\/de\/erfolgreiches-oeffentliches-fastenbrechen-am-11-maerz-2026-in-doettingen-ag\/","title":{"rendered":"Erfolgreiches \u00f6ffentliches Fastenbrechen am 11. M\u00e4rz 2026 in D\u00f6ttingen AG"},"content":{"rendered":"<p><em>von Hamit Duran<\/em><em>, Baden-Turgi<\/em><\/p>\n<p>Bereits zum zehnten Mal lud der Verband Aargauer Muslime (VAM) zu einem \u00f6ffentlichen Fastenbrechen (arab. Iftar) ein. Rund 150 Personen folgten dieser Einladung und fanden sich am Abend des 11. M\u00e4rz 2026 in der Moschee des T\u00fcrkischen Kulturvereins in D\u00f6ttingen AG ein.<\/p>\n<p>Harbin Jakupi f\u00fchrte durch den Abend, der durch eine Quran-Rezitation des Imams mit anschliessender \u00dcbersetzung er\u00f6ffnet wurde. Neben der ersten Sura im Quran (Al-Fatiha) lauschten die Anwesenden auch den Versen 183-185 der zweiten Sura (Al-Baqara), in welcher den Muliminnen und Muslimen das Fasten im Ramadan auferlegt wird.<\/p>\n<p>Es folgten kurze Ansprachen von Can \u00d6zt\u00fcrk, dem Pr\u00e4sidenten der Moschee D\u00f6ttingen, der diese Zusammenkunft als starkes Zeichen f\u00fcr Zusammenhalt und Respekt beschrieb, und Halit Duran, dem Pr\u00e4sidenten des VAM, der festhielt, dass dieses Jahr die christliche und die muslimische Fastenzeit zusammenfallen. Die Fastenzeit ist in allen Religionen eine Zeit der Einkehr, der Besinnung und des Mitf\u00fchlens mit anderen. Sie ist auch eine Zeit des Friedens und der Dankbarkeit. Halit Duran erw\u00e4hnte auch, dass dies bereits der zehnte \u00f6ffentliche Iftar ist, den der VAM seit seiner Gr\u00fcndung im Jahre 2004 durchf\u00fchrt. Wichtig ist, dass dabei das Verbindende und nicht das Trennende betont wird.<\/p>\n<p>Als n\u00e4chstes wandte sich Frau Vizeammann von D\u00f6ttingen, Claudia Hauser, an die Anwesenden. Sie w\u00fcnschte allen ein gesegnetes Fastenbrechen, welches sie als gelebtes Miteinander voller Respekt und Offenheit versteht. Dabei sieht sie kulturelle und religi\u00f6se Vielfalt nicht als eine Herausforderung, sondern als eine Bereicherung. Sie lobte auch die Offenheit der Moscheegemeinde von D\u00f6ttingen, die jedes Jahr mit einem Stand am traditionellen Winzerfest teilnimmt.<\/p>\n<p>Die letzten Ansprachen vor dem Fastenbrechen kamen von Aline Mombauer und Martin Langhans von der r\u00f6misch-katholische Kirchgemeinde D\u00f6ttingen. Sie erkl\u00e4rten die Bedeutung des Fasten im Christentum, bei dem es vor allem um dem Verzicht auf Gewohnheiten geht. Selbstredend ist das Fasten sehr individuell, z.B. Verzicht auf S\u00fcssigkeiten, Fleisch, Medienkonsum, Rauchen, etc. Speziell das Fasten am Aschermittwoch und am Karfreitag haben im katholischen Glauben einen hohen Stellenwert. Die Fastenzeit endet dann mit dem traditionellen \u00abEiert\u00fctschen\u00bb. Und auch im Christentum wird grosser Wert auf das Spenden gelegt, z.B. \u00fcber das Hilfswerk \u00ab<a href=\"https:\/\/fastenaktion.ch\/\" target=\"_blank\" rel=\"noopener\"><u>Fastenaktion<\/u><\/a>\u00bb.<\/p>\n<p>Nach dem Gebetsruf (arab. Azan), der durch den Imam vorgetragen wurde, servierten flinke H\u00e4nde das von den Fastenden ersehnte Iftar-Gericht, welches aus Datteln, Suppe mit Brot, Fleischsaut\u00e9 mit Reis und Salat bestand. Es mundete herrlich nach einem langen Fastentag.<\/p>\n<p>Nach dem Essen ging es weiter im Programm mit einer Rede von Markus Dettwiler, dem Pfarrer der reformierten Kirche Klingnau. Er begann mit einer Schweigeminute f\u00fcr die vielen Opfer der Kriege, die momentan auf dieser Welt ausgetragen werden. Trotz all dem Leid d\u00fcrfen wir die Hoffnung nicht aufgeben. Auch wenn wir wissen, dass die Welt morgen untergeht, sollten wir heute noch einen Apfelbaum pflanzen.<\/p>\n<p>Frau Leyla G\u00f6kdemir, Frauenbeauftragte des t\u00fcrkischen Kulturvereins D\u00f6ttingen, berichtete dann \u00fcber die Bedeutung des Fastens im Islam. Der Ramadan wird als Geschenk an die Musliminnen und Muslime angesehen. Er hilft ihnen, sich in Tugenden wie Selbstbeherrschung, Geduld und Mitgef\u00fchl zu \u00fcben.<\/p>\n<p>Den Abschluss bildete schliesslich die Rede des t\u00fcrkischen Generalkonsuls in Z\u00fcrich, Fazli \u00c7orman, welche von Halit Duran vom T\u00fcrkischen ins Deutsche \u00fcbersetzt wurde. Er ging dabei vor allem auf die Wichtigkeit des interreligi\u00f6sen Dialogs ein und lobte die lokale Vernetzung des T\u00fcrkischen Kulturvereins D\u00f6ttingen sowie die Anwesenheit von Frauen, M\u00e4nnern und Kindern an diesem Anlass. Er erw\u00e4hnte auch, dass die T\u00fcrkei, zusammen mit Spanien, zu den Gr\u00fcndungsmitgliedern der \u00ab<a href=\"https:\/\/de.wikipedia.org\/wiki\/Allianz_der_Zivilisationen\" target=\"_blank\" rel=\"noopener\"><u>Allianz der Zivilisationen<\/u><\/a>\u00bb (englisch Alliance of Civilizations, AoC) der UNO geh\u00f6rt. Denn der interreligi\u00f6se und interkulturelle Dialog hat in der T\u00fcrkei einen hohen Stellenwert, da die T\u00fcrkei auf der Bruchlinie vieler internationaler Konflikte liegt.<\/p>\n<p>Obwohl das diesj\u00e4hrige \u00f6ffentliche Fastenbrechen in einer ganz anderen, eher ungewohnten und sonderbaren Atmosph\u00e4re stattfand als die neun VAM-Iftars der fr\u00fcheren Jahre, bot dieser Anlass wieder viel Gelegenheit zu Diskussion und Austausch.<\/p>\n<p>Die Lokalzeitung \u00ab<strong>Die Botschaft<\/strong>\u00bb berichtete unter dem Titel \u00abDas Verbindende, nicht das Trennende betonen\u00bb \u00fcber diesen Anlass. Der kostenpflichtige Artikel kann <a href=\"https:\/\/www.botschaft.ch\/region\/das-verbindende-nicht-das-trennende-betonen-art-222762\" target=\"_blank\" rel=\"noopener\"><u>hier<\/u><\/a> heruntergeladen werden. Auch <strong>Tele M1<\/strong> hat am 16.3.2026 dar\u00fcber berichtet, der Beitrag kann <a href=\"https:\/\/www.telem1.ch\/aktuell\/ramadan-in-doettingen-feiern-muslime-das-fastenbrechen-gemeinsam-mit-der-bevoelkerung-163709745\" target=\"_blank\" rel=\"noopener\">hier<\/a> abgespielt werden<\/p>\n<p>Schliesslich steht auch eine <a href=\"https:\/\/aargauermuslime.ch\/de\/project\/oeffentlicher-iftar-in-doettingen-11-maerz-2026\/\" target=\"_blank\" rel=\"noopener\"><strong>Bildergalerie<\/strong><\/a> dieses Events zu Verf\u00fcgung.<\/p>\n","protected":false},"excerpt":{"rendered":"<p>von Hamit Duran, Baden-Turgi Bereits zum zehnten Mal lud der Verband Aargauer Muslime (VAM) zu einem \u00f6ffentlichen Fastenbrechen (arab. Iftar) ein. Rund 150 Personen folgten dieser Einladung und fanden sich [&hellip;]<\/p>\n","protected":false},"author":4,"featured_media":4527,"comment_status":"closed","ping_status":"closed","sticky":false,"template":"","format":"standard","meta":{"_et_pb_use_builder":"","_et_pb_old_content":"","_et_gb_content_width":"","ngg_post_thumbnail":0,"footnotes":""},"categories":[2,3],"tags":[],"class_list":["post-4526","post","type-post","status-publish","format-standard","has-post-thumbnail","hentry","category-berichte","category-news"],"yoast_head":"<!-- This site is optimized with the Yoast SEO plugin v27.4 - https:\/\/yoast.com\/product\/yoast-seo-wordpress\/ -->\n<title>Erfolgreiches \u00f6ffentliches Fastenbrechen am 11. M\u00e4rz 2026 in D\u00f6ttingen AG - Verband Aargauer Muslime (VAM)<\/title>\n<meta name=\"robots\" content=\"index, follow, max-snippet:-1, max-image-preview:large, max-video-preview:-1\" \/>\n<link rel=\"canonical\" href=\"https:\/\/aargauermuslime.ch\/de\/erfolgreiches-oeffentliches-fastenbrechen-am-11-maerz-2026-in-doettingen-ag\/\" \/>\n<meta property=\"og:locale\" content=\"de_DE\" \/>\n<meta property=\"og:type\" content=\"article\" \/>\n<meta property=\"og:title\" content=\"Erfolgreiches \u00f6ffentliches Fastenbrechen am 11. M\u00e4rz 2026 in D\u00f6ttingen AG - Verband Aargauer Muslime (VAM)\" \/>\n<meta property=\"og:description\" content=\"von Hamit Duran, Baden-Turgi Bereits zum zehnten Mal lud der Verband Aargauer Muslime (VAM) zu einem \u00f6ffentlichen Fastenbrechen (arab. Iftar) ein. Rund 150 Personen folgten dieser Einladung und fanden sich [&hellip;]\" \/>\n<meta property=\"og:url\" content=\"https:\/\/aargauermuslime.ch\/de\/erfolgreiches-oeffentliches-fastenbrechen-am-11-maerz-2026-in-doettingen-ag\/\" \/>\n<meta property=\"og:site_name\" content=\"Verband Aargauer Muslime (VAM)\" \/>\n<meta property=\"article:publisher\" content=\"https:\/\/www.facebook.com\/groups\/aargauermuslime\" \/>\n<meta property=\"article:published_time\" content=\"2026-03-15T21:52:38+00:00\" \/>\n<meta property=\"article:modified_time\" content=\"2026-03-17T07:38:59+00:00\" \/>\n<meta property=\"og:image\" content=\"https:\/\/aargauermuslime.ch\/de\/wp-content\/uploads\/2026\/03\/VAM-Iftar_2026_Bild_8-scaled.jpg\" \/>\n\t<meta property=\"og:image:width\" content=\"2560\" \/>\n\t<meta property=\"og:image:height\" content=\"1920\" \/>\n\t<meta property=\"og:image:type\" content=\"image\/jpeg\" \/>\n<meta name=\"author\" content=\"Verwalter5\" \/>\n<meta name=\"twitter:card\" content=\"summary_large_image\" \/>\n<meta name=\"twitter:label1\" content=\"Verfasst von\" \/>\n\t<meta name=\"twitter:data1\" content=\"Verwalter5\" \/>\n\t<meta name=\"twitter:label2\" content=\"Gesch\u00e4tzte Lesezeit\" \/>\n\t<meta name=\"twitter:data2\" content=\"4\u00a0Minuten\" \/>\n<script type=\"application\/ld+json\" class=\"yoast-schema-graph\">{\"@context\":\"https:\\\/\\\/schema.org\",\"@graph\":[{\"@type\":\"Article\",\"@id\":\"https:\\\/\\\/aargauermuslime.ch\\\/de\\\/erfolgreiches-oeffentliches-fastenbrechen-am-11-maerz-2026-in-doettingen-ag\\\/#article\",\"isPartOf\":{\"@id\":\"https:\\\/\\\/aargauermuslime.ch\\\/de\\\/erfolgreiches-oeffentliches-fastenbrechen-am-11-maerz-2026-in-doettingen-ag\\\/\"},\"author\":{\"name\":\"Verwalter5\",\"@id\":\"https:\\\/\\\/aargauermuslime.ch\\\/de\\\/#\\\/schema\\\/person\\\/310e6c317a37722ccc1fb5815f4bb122\"},\"headline\":\"Erfolgreiches \u00f6ffentliches Fastenbrechen am 11. M\u00e4rz 2026 in D\u00f6ttingen AG\",\"datePublished\":\"2026-03-15T21:52:38+00:00\",\"dateModified\":\"2026-03-17T07:38:59+00:00\",\"mainEntityOfPage\":{\"@id\":\"https:\\\/\\\/aargauermuslime.ch\\\/de\\\/erfolgreiches-oeffentliches-fastenbrechen-am-11-maerz-2026-in-doettingen-ag\\\/\"},\"wordCount\":731,\"publisher\":{\"@id\":\"https:\\\/\\\/aargauermuslime.ch\\\/de\\\/#organization\"},\"image\":{\"@id\":\"https:\\\/\\\/aargauermuslime.ch\\\/de\\\/erfolgreiches-oeffentliches-fastenbrechen-am-11-maerz-2026-in-doettingen-ag\\\/#primaryimage\"},\"thumbnailUrl\":\"https:\\\/\\\/aargauermuslime.ch\\\/de\\\/wp-content\\\/uploads\\\/2026\\\/03\\\/VAM-Iftar_2026_Bild_8-scaled.jpg\",\"articleSection\":[\"Berichte\",\"News\"],\"inLanguage\":\"de\"},{\"@type\":\"WebPage\",\"@id\":\"https:\\\/\\\/aargauermuslime.ch\\\/de\\\/erfolgreiches-oeffentliches-fastenbrechen-am-11-maerz-2026-in-doettingen-ag\\\/\",\"url\":\"https:\\\/\\\/aargauermuslime.ch\\\/de\\\/erfolgreiches-oeffentliches-fastenbrechen-am-11-maerz-2026-in-doettingen-ag\\\/\",\"name\":\"Erfolgreiches \u00f6ffentliches Fastenbrechen am 11. M\u00e4rz 2026 in D\u00f6ttingen AG - Verband Aargauer Muslime (VAM)\",\"isPartOf\":{\"@id\":\"https:\\\/\\\/aargauermuslime.ch\\\/de\\\/#website\"},\"primaryImageOfPage\":{\"@id\":\"https:\\\/\\\/aargauermuslime.ch\\\/de\\\/erfolgreiches-oeffentliches-fastenbrechen-am-11-maerz-2026-in-doettingen-ag\\\/#primaryimage\"},\"image\":{\"@id\":\"https:\\\/\\\/aargauermuslime.ch\\\/de\\\/erfolgreiches-oeffentliches-fastenbrechen-am-11-maerz-2026-in-doettingen-ag\\\/#primaryimage\"},\"thumbnailUrl\":\"https:\\\/\\\/aargauermuslime.ch\\\/de\\\/wp-content\\\/uploads\\\/2026\\\/03\\\/VAM-Iftar_2026_Bild_8-scaled.jpg\",\"datePublished\":\"2026-03-15T21:52:38+00:00\",\"dateModified\":\"2026-03-17T07:38:59+00:00\",\"breadcrumb\":{\"@id\":\"https:\\\/\\\/aargauermuslime.ch\\\/de\\\/erfolgreiches-oeffentliches-fastenbrechen-am-11-maerz-2026-in-doettingen-ag\\\/#breadcrumb\"},\"inLanguage\":\"de\",\"potentialAction\":[{\"@type\":\"ReadAction\",\"target\":[\"https:\\\/\\\/aargauermuslime.ch\\\/de\\\/erfolgreiches-oeffentliches-fastenbrechen-am-11-maerz-2026-in-doettingen-ag\\\/\"]}]},{\"@type\":\"ImageObject\",\"inLanguage\":\"de\",\"@id\":\"https:\\\/\\\/aargauermuslime.ch\\\/de\\\/erfolgreiches-oeffentliches-fastenbrechen-am-11-maerz-2026-in-doettingen-ag\\\/#primaryimage\",\"url\":\"https:\\\/\\\/aargauermuslime.ch\\\/de\\\/wp-content\\\/uploads\\\/2026\\\/03\\\/VAM-Iftar_2026_Bild_8-scaled.jpg\",\"contentUrl\":\"https:\\\/\\\/aargauermuslime.ch\\\/de\\\/wp-content\\\/uploads\\\/2026\\\/03\\\/VAM-Iftar_2026_Bild_8-scaled.jpg\",\"width\":2560,\"height\":1920},{\"@type\":\"BreadcrumbList\",\"@id\":\"https:\\\/\\\/aargauermuslime.ch\\\/de\\\/erfolgreiches-oeffentliches-fastenbrechen-am-11-maerz-2026-in-doettingen-ag\\\/#breadcrumb\",\"itemListElement\":[{\"@type\":\"ListItem\",\"position\":1,\"name\":\"Startseite\",\"item\":\"https:\\\/\\\/aargauermuslime.ch\\\/de\\\/\"},{\"@type\":\"ListItem\",\"position\":2,\"name\":\"Erfolgreiches \u00f6ffentliches Fastenbrechen am 11. M\u00e4rz 2026 in D\u00f6ttingen AG\"}]},{\"@type\":\"WebSite\",\"@id\":\"https:\\\/\\\/aargauermuslime.ch\\\/de\\\/#website\",\"url\":\"https:\\\/\\\/aargauermuslime.ch\\\/de\\\/\",\"name\":\"Verband Aargauer Muslime (VAM)\",\"description\":\"Dachverband der muslimischen Institutionen im Aargau\",\"publisher\":{\"@id\":\"https:\\\/\\\/aargauermuslime.ch\\\/de\\\/#organization\"},\"potentialAction\":[{\"@type\":\"SearchAction\",\"target\":{\"@type\":\"EntryPoint\",\"urlTemplate\":\"https:\\\/\\\/aargauermuslime.ch\\\/de\\\/?s={search_term_string}\"},\"query-input\":{\"@type\":\"PropertyValueSpecification\",\"valueRequired\":true,\"valueName\":\"search_term_string\"}}],\"inLanguage\":\"de\"},{\"@type\":\"Organization\",\"@id\":\"https:\\\/\\\/aargauermuslime.ch\\\/de\\\/#organization\",\"name\":\"Verband Aargauer Muslime\",\"alternateName\":\"VAM\",\"url\":\"https:\\\/\\\/aargauermuslime.ch\\\/de\\\/\",\"logo\":{\"@type\":\"ImageObject\",\"inLanguage\":\"de\",\"@id\":\"https:\\\/\\\/aargauermuslime.ch\\\/de\\\/#\\\/schema\\\/logo\\\/image\\\/\",\"url\":\"https:\\\/\\\/aargauermuslime.ch\\\/de\\\/wp-content\\\/uploads\\\/2019\\\/07\\\/VAM-Logo_web.jpg\",\"contentUrl\":\"https:\\\/\\\/aargauermuslime.ch\\\/de\\\/wp-content\\\/uploads\\\/2019\\\/07\\\/VAM-Logo_web.jpg\",\"width\":800,\"height\":181,\"caption\":\"Verband Aargauer Muslime\"},\"image\":{\"@id\":\"https:\\\/\\\/aargauermuslime.ch\\\/de\\\/#\\\/schema\\\/logo\\\/image\\\/\"},\"sameAs\":[\"https:\\\/\\\/www.facebook.com\\\/groups\\\/aargauermuslime\"]},{\"@type\":\"Person\",\"@id\":\"https:\\\/\\\/aargauermuslime.ch\\\/de\\\/#\\\/schema\\\/person\\\/310e6c317a37722ccc1fb5815f4bb122\",\"name\":\"Verwalter5\",\"image\":{\"@type\":\"ImageObject\",\"inLanguage\":\"de\",\"@id\":\"https:\\\/\\\/secure.gravatar.com\\\/avatar\\\/65ee8be834871e73d854ad00dfc4031afc2b5c926eac730b926dfe8fee7021c0?s=96&d=mm&r=g\",\"url\":\"https:\\\/\\\/secure.gravatar.com\\\/avatar\\\/65ee8be834871e73d854ad00dfc4031afc2b5c926eac730b926dfe8fee7021c0?s=96&d=mm&r=g\",\"contentUrl\":\"https:\\\/\\\/secure.gravatar.com\\\/avatar\\\/65ee8be834871e73d854ad00dfc4031afc2b5c926eac730b926dfe8fee7021c0?s=96&d=mm&r=g\",\"caption\":\"Verwalter5\"}}]}<\/script>\n<!-- \/ Yoast SEO plugin. -->","yoast_head_json":{"title":"Erfolgreiches \u00f6ffentliches Fastenbrechen am 11. M\u00e4rz 2026 in D\u00f6ttingen AG - Verband Aargauer Muslime (VAM)","robots":{"index":"index","follow":"follow","max-snippet":"max-snippet:-1","max-image-preview":"max-image-preview:large","max-video-preview":"max-video-preview:-1"},"canonical":"https:\/\/aargauermuslime.ch\/de\/erfolgreiches-oeffentliches-fastenbrechen-am-11-maerz-2026-in-doettingen-ag\/","og_locale":"de_DE","og_type":"article","og_title":"Erfolgreiches \u00f6ffentliches Fastenbrechen am 11. M\u00e4rz 2026 in D\u00f6ttingen AG - Verband Aargauer Muslime (VAM)","og_description":"von Hamit Duran, Baden-Turgi Bereits zum zehnten Mal lud der Verband Aargauer Muslime (VAM) zu einem \u00f6ffentlichen Fastenbrechen (arab. Iftar) ein. Rund 150 Personen folgten dieser Einladung und fanden sich [&hellip;]","og_url":"https:\/\/aargauermuslime.ch\/de\/erfolgreiches-oeffentliches-fastenbrechen-am-11-maerz-2026-in-doettingen-ag\/","og_site_name":"Verband Aargauer Muslime (VAM)","article_publisher":"https:\/\/www.facebook.com\/groups\/aargauermuslime","article_published_time":"2026-03-15T21:52:38+00:00","article_modified_time":"2026-03-17T07:38:59+00:00","og_image":[{"width":2560,"height":1920,"url":"https:\/\/aargauermuslime.ch\/de\/wp-content\/uploads\/2026\/03\/VAM-Iftar_2026_Bild_8-scaled.jpg","type":"image\/jpeg"}],"author":"Verwalter5","twitter_card":"summary_large_image","twitter_misc":{"Verfasst von":"Verwalter5","Gesch\u00e4tzte Lesezeit":"4\u00a0Minuten"},"schema":{"@context":"https:\/\/schema.org","@graph":[{"@type":"Article","@id":"https:\/\/aargauermuslime.ch\/de\/erfolgreiches-oeffentliches-fastenbrechen-am-11-maerz-2026-in-doettingen-ag\/#article","isPartOf":{"@id":"https:\/\/aargauermuslime.ch\/de\/erfolgreiches-oeffentliches-fastenbrechen-am-11-maerz-2026-in-doettingen-ag\/"},"author":{"name":"Verwalter5","@id":"https:\/\/aargauermuslime.ch\/de\/#\/schema\/person\/310e6c317a37722ccc1fb5815f4bb122"},"headline":"Erfolgreiches \u00f6ffentliches Fastenbrechen am 11. M\u00e4rz 2026 in D\u00f6ttingen AG","datePublished":"2026-03-15T21:52:38+00:00","dateModified":"2026-03-17T07:38:59+00:00","mainEntityOfPage":{"@id":"https:\/\/aargauermuslime.ch\/de\/erfolgreiches-oeffentliches-fastenbrechen-am-11-maerz-2026-in-doettingen-ag\/"},"wordCount":731,"publisher":{"@id":"https:\/\/aargauermuslime.ch\/de\/#organization"},"image":{"@id":"https:\/\/aargauermuslime.ch\/de\/erfolgreiches-oeffentliches-fastenbrechen-am-11-maerz-2026-in-doettingen-ag\/#primaryimage"},"thumbnailUrl":"https:\/\/aargauermuslime.ch\/de\/wp-content\/uploads\/2026\/03\/VAM-Iftar_2026_Bild_8-scaled.jpg","articleSection":["Berichte","News"],"inLanguage":"de"},{"@type":"WebPage","@id":"https:\/\/aargauermuslime.ch\/de\/erfolgreiches-oeffentliches-fastenbrechen-am-11-maerz-2026-in-doettingen-ag\/","url":"https:\/\/aargauermuslime.ch\/de\/erfolgreiches-oeffentliches-fastenbrechen-am-11-maerz-2026-in-doettingen-ag\/","name":"Erfolgreiches \u00f6ffentliches Fastenbrechen am 11. M\u00e4rz 2026 in D\u00f6ttingen AG - Verband Aargauer Muslime (VAM)","isPartOf":{"@id":"https:\/\/aargauermuslime.ch\/de\/#website"},"primaryImageOfPage":{"@id":"https:\/\/aargauermuslime.ch\/de\/erfolgreiches-oeffentliches-fastenbrechen-am-11-maerz-2026-in-doettingen-ag\/#primaryimage"},"image":{"@id":"https:\/\/aargauermuslime.ch\/de\/erfolgreiches-oeffentliches-fastenbrechen-am-11-maerz-2026-in-doettingen-ag\/#primaryimage"},"thumbnailUrl":"https:\/\/aargauermuslime.ch\/de\/wp-content\/uploads\/2026\/03\/VAM-Iftar_2026_Bild_8-scaled.jpg","datePublished":"2026-03-15T21:52:38+00:00","dateModified":"2026-03-17T07:38:59+00:00","breadcrumb":{"@id":"https:\/\/aargauermuslime.ch\/de\/erfolgreiches-oeffentliches-fastenbrechen-am-11-maerz-2026-in-doettingen-ag\/#breadcrumb"},"inLanguage":"de","potentialAction":[{"@type":"ReadAction","target":["https:\/\/aargauermuslime.ch\/de\/erfolgreiches-oeffentliches-fastenbrechen-am-11-maerz-2026-in-doettingen-ag\/"]}]},{"@type":"ImageObject","inLanguage":"de","@id":"https:\/\/aargauermuslime.ch\/de\/erfolgreiches-oeffentliches-fastenbrechen-am-11-maerz-2026-in-doettingen-ag\/#primaryimage","url":"https:\/\/aargauermuslime.ch\/de\/wp-content\/uploads\/2026\/03\/VAM-Iftar_2026_Bild_8-scaled.jpg","contentUrl":"https:\/\/aargauermuslime.ch\/de\/wp-content\/uploads\/2026\/03\/VAM-Iftar_2026_Bild_8-scaled.jpg","width":2560,"height":1920},{"@type":"BreadcrumbList","@id":"https:\/\/aargauermuslime.ch\/de\/erfolgreiches-oeffentliches-fastenbrechen-am-11-maerz-2026-in-doettingen-ag\/#breadcrumb","itemListElement":[{"@type":"ListItem","position":1,"name":"Startseite","item":"https:\/\/aargauermuslime.ch\/de\/"},{"@type":"ListItem","position":2,"name":"Erfolgreiches \u00f6ffentliches Fastenbrechen am 11. M\u00e4rz 2026 in D\u00f6ttingen AG"}]},{"@type":"WebSite","@id":"https:\/\/aargauermuslime.ch\/de\/#website","url":"https:\/\/aargauermuslime.ch\/de\/","name":"Verband Aargauer Muslime (VAM)","description":"Dachverband der muslimischen Institutionen im Aargau","publisher":{"@id":"https:\/\/aargauermuslime.ch\/de\/#organization"},"potentialAction":[{"@type":"SearchAction","target":{"@type":"EntryPoint","urlTemplate":"https:\/\/aargauermuslime.ch\/de\/?s={search_term_string}"},"query-input":{"@type":"PropertyValueSpecification","valueRequired":true,"valueName":"search_term_string"}}],"inLanguage":"de"},{"@type":"Organization","@id":"https:\/\/aargauermuslime.ch\/de\/#organization","name":"Verband Aargauer Muslime","alternateName":"VAM","url":"https:\/\/aargauermuslime.ch\/de\/","logo":{"@type":"ImageObject","inLanguage":"de","@id":"https:\/\/aargauermuslime.ch\/de\/#\/schema\/logo\/image\/","url":"https:\/\/aargauermuslime.ch\/de\/wp-content\/uploads\/2019\/07\/VAM-Logo_web.jpg","contentUrl":"https:\/\/aargauermuslime.ch\/de\/wp-content\/uploads\/2019\/07\/VAM-Logo_web.jpg","width":800,"height":181,"caption":"Verband Aargauer Muslime"},"image":{"@id":"https:\/\/aargauermuslime.ch\/de\/#\/schema\/logo\/image\/"},"sameAs":["https:\/\/www.facebook.com\/groups\/aargauermuslime"]},{"@type":"Person","@id":"https:\/\/aargauermuslime.ch\/de\/#\/schema\/person\/310e6c317a37722ccc1fb5815f4bb122","name":"Verwalter5","image":{"@type":"ImageObject","inLanguage":"de","@id":"https:\/\/secure.gravatar.com\/avatar\/65ee8be834871e73d854ad00dfc4031afc2b5c926eac730b926dfe8fee7021c0?s=96&d=mm&r=g","url":"https:\/\/secure.gravatar.com\/avatar\/65ee8be834871e73d854ad00dfc4031afc2b5c926eac730b926dfe8fee7021c0?s=96&d=mm&r=g","contentUrl":"https:\/\/secure.gravatar.com\/avatar\/65ee8be834871e73d854ad00dfc4031afc2b5c926eac730b926dfe8fee7021c0?s=96&d=mm&r=g","caption":"Verwalter5"}}]}},"_links":{"self":[{"href":"https:\/\/aargauermuslime.ch\/de\/wp-json\/wp\/v2\/posts\/4526","targetHints":{"allow":["GET"]}}],"collection":[{"href":"https:\/\/aargauermuslime.ch\/de\/wp-json\/wp\/v2\/posts"}],"about":[{"href":"https:\/\/aargauermuslime.ch\/de\/wp-json\/wp\/v2\/types\/post"}],"author":[{"embeddable":true,"href":"https:\/\/aargauermuslime.ch\/de\/wp-json\/wp\/v2\/users\/4"}],"replies":[{"embeddable":true,"href":"https:\/\/aargauermuslime.ch\/de\/wp-json\/wp\/v2\/comments?post=4526"}],"version-history":[{"count":7,"href":"https:\/\/aargauermuslime.ch\/de\/wp-json\/wp\/v2\/posts\/4526\/revisions"}],"predecessor-version":[{"id":4557,"href":"https:\/\/aargauermuslime.ch\/de\/wp-json\/wp\/v2\/posts\/4526\/revisions\/4557"}],"wp:featuredmedia":[{"embeddable":true,"href":"https:\/\/aargauermuslime.ch\/de\/wp-json\/wp\/v2\/media\/4527"}],"wp:attachment":[{"href":"https:\/\/aargauermuslime.ch\/de\/wp-json\/wp\/v2\/media?parent=4526"}],"wp:term":[{"taxonomy":"category","embeddable":true,"href":"https:\/\/aargauermuslime.ch\/de\/wp-json\/wp\/v2\/categories?post=4526"},{"taxonomy":"post_tag","embeddable":true,"href":"https:\/\/aargauermuslime.ch\/de\/wp-json\/wp\/v2\/tags?post=4526"}],"curies":[{"name":"wp","href":"https:\/\/api.w.org\/{rel}","templated":true}]}}