{"id":4622,"date":"2026-09-01T22:54:15","date_gmt":"2026-09-01T20:54:15","guid":{"rendered":"https:\/\/aargauermuslime.ch\/de\/?p=4622"},"modified":"2026-09-01T23:31:05","modified_gmt":"2026-09-01T21:31:05","slug":"vam-wehrt-sich-gegen-ein-drohendes-kopftuchverbot-im-argau","status":"publish","type":"post","link":"https:\/\/aargauermuslime.ch\/de\/vam-wehrt-sich-gegen-ein-drohendes-kopftuchverbot-im-argau\/","title":{"rendered":"VAM wehrt sich gegen ein drohendes Kopftuchverbot an Aargauer Schulen"},"content":{"rendered":"<p>Am 25. August 2026 \u00fcberwies Adrian Schoop zusammen mit weiteren Parlamentsmitgliedern im Aargauer Grossen Rat eine Motion, in der es vordergr\u00fcndig um den \u00abSchutz von M\u00e4dchen vor religi\u00f6sem Zwang\u00bb, in Tat und Wahrheit aber um ein Kopftuchverbot geht.<\/p>\n<p>Die <a href=\"https:\/\/akorel.ch\/\" target=\"_blank\" rel=\"noopener\">Aargauer Konferenz der Religionen<\/a> (AKoRel), bei der auch der Verband Aargauer Muslime (VAM) Mitglied ist, warnt vor einem Eingriff in die Glaubens- und Gewissensfreiheit und pl\u00e4diert f\u00fcr eine starke Schule, die Kinder und Jugendliche in ihrer Selbstbestimmung st\u00e4rkt und so vor Zwang sch\u00fctzt.<\/p>\n<p>Die AKoRel hat hierzu eine Stellungnahme verfasst, die <a href=\"https:\/\/aargauermuslime.ch\/de\/wp-content\/uploads\/2026\/09\/AKoRel_Stellungnahme_Kopftuchverbot_2026-09-02.pdf\" target=\"_blank\" rel=\"noopener\">hier<\/a> heruntergeladen werden kann.<\/p>\n<p>Dar\u00fcberhinaus hat der&nbsp; VAM zu diesem Thema am 27. August 2026 der AZ ein ausf\u00fchrliches Interview gegeben, das <a href=\"https:\/\/aargauermuslime.ch\/de\/wp-content\/uploads\/2026\/09\/AZ_VAM-Interview-Kopftuchverbot_2026-08-27.pdf\" target=\"_blank\" rel=\"noopener\">hier<\/a> nachgelesen werden kann.<\/p>\n<p>&nbsp;<\/p>\n","protected":false},"excerpt":{"rendered":"<p>Am 25. August 2026 \u00fcberwies Adrian Schoop zusammen mit weiteren Parlamentsmitgliedern im Aargauer Grossen Rat eine Motion, in der es vordergr\u00fcndig um den \u00abSchutz von M\u00e4dchen vor religi\u00f6sem Zwang\u00bb, in [&hellip;]<\/p>\n","protected":false},"author":4,"featured_media":4433,"comment_status":"closed","ping_status":"closed","sticky":false,"template":"","format":"standard","meta":{"_et_pb_use_builder":"","_et_pb_old_content":"","_et_gb_content_width":"","ngg_post_thumbnail":0,"footnotes":""},"categories":[3,5],"tags":[],"class_list":["post-4622","post","type-post","status-publish","format-standard","has-post-thumbnail","hentry","category-news","category-stellungnahmen"],"yoast_head":"<!-- This site is optimized with the Yoast SEO plugin v28.2 - https:\/\/yoast.com\/product\/yoast-seo-wordpress\/ -->\n<title>VAM wehrt sich gegen ein drohendes Kopftuchverbot an Aargauer Schulen - Verband Aargauer Muslime (VAM)<\/title>\n<meta name=\"robots\" content=\"index, follow, max-snippet:-1, max-image-preview:large, max-video-preview:-1\" \/>\n<link rel=\"canonical\" href=\"https:\/\/aargauermuslime.ch\/de\/vam-wehrt-sich-gegen-ein-drohendes-kopftuchverbot-im-argau\/\" \/>\n<meta property=\"og:locale\" content=\"de_DE\" \/>\n<meta property=\"og:type\" content=\"article\" \/>\n<meta property=\"og:title\" content=\"VAM wehrt sich gegen ein drohendes Kopftuchverbot an Aargauer Schulen - Verband Aargauer Muslime (VAM)\" \/>\n<meta property=\"og:description\" content=\"Am 25. August 2026 \u00fcberwies Adrian Schoop zusammen mit weiteren Parlamentsmitgliedern im Aargauer Grossen Rat eine Motion, in der es vordergr\u00fcndig um den \u00abSchutz von M\u00e4dchen vor religi\u00f6sem Zwang\u00bb, in [&hellip;]\" \/>\n<meta property=\"og:url\" content=\"https:\/\/aargauermuslime.ch\/de\/vam-wehrt-sich-gegen-ein-drohendes-kopftuchverbot-im-argau\/\" \/>\n<meta property=\"og:site_name\" content=\"Verband Aargauer Muslime (VAM)\" \/>\n<meta property=\"article:publisher\" content=\"https:\/\/www.facebook.com\/groups\/aargauermuslime\" \/>\n<meta property=\"article:published_time\" content=\"2026-09-01T20:54:15+00:00\" \/>\n<meta property=\"article:modified_time\" content=\"2026-09-01T21:31:05+00:00\" \/>\n<meta property=\"og:image\" content=\"https:\/\/aargauermuslime.ch\/de\/wp-content\/uploads\/2025\/07\/Kopftuch_an_Schulen.png\" \/>\n\t<meta property=\"og:image:width\" content=\"1280\" \/>\n\t<meta property=\"og:image:height\" content=\"720\" \/>\n\t<meta property=\"og:image:type\" content=\"image\/png\" \/>\n<meta name=\"author\" content=\"Verwalter5\" \/>\n<meta name=\"twitter:card\" content=\"summary_large_image\" \/>\n<meta name=\"twitter:label1\" content=\"Verfasst von\" \/>\n\t<meta name=\"twitter:data1\" content=\"Verwalter5\" \/>\n\t<meta name=\"twitter:label2\" content=\"Gesch\u00e4tzte Lesezeit\" \/>\n\t<meta name=\"twitter:data2\" content=\"1\u00a0Minute\" \/>\n<script type=\"application\/ld+json\" class=\"yoast-schema-graph\">{\"@context\":\"https:\\\/\\\/schema.org\",\"@graph\":[{\"@type\":\"Article\",\"@id\":\"https:\\\/\\\/aargauermuslime.ch\\\/de\\\/vam-wehrt-sich-gegen-ein-drohendes-kopftuchverbot-im-argau\\\/#article\",\"isPartOf\":{\"@id\":\"https:\\\/\\\/aargauermuslime.ch\\\/de\\\/vam-wehrt-sich-gegen-ein-drohendes-kopftuchverbot-im-argau\\\/\"},\"author\":{\"name\":\"Verwalter5\",\"@id\":\"https:\\\/\\\/aargauermuslime.ch\\\/de\\\/#\\\/schema\\\/person\\\/310e6c317a37722ccc1fb5815f4bb122\"},\"headline\":\"VAM wehrt sich gegen ein drohendes Kopftuchverbot an Aargauer Schulen\",\"datePublished\":\"2026-09-01T20:54:15+00:00\",\"dateModified\":\"2026-09-01T21:31:05+00:00\",\"mainEntityOfPage\":{\"@id\":\"https:\\\/\\\/aargauermuslime.ch\\\/de\\\/vam-wehrt-sich-gegen-ein-drohendes-kopftuchverbot-im-argau\\\/\"},\"wordCount\":133,\"publisher\":{\"@id\":\"https:\\\/\\\/aargauermuslime.ch\\\/de\\\/#organization\"},\"image\":{\"@id\":\"https:\\\/\\\/aargauermuslime.ch\\\/de\\\/vam-wehrt-sich-gegen-ein-drohendes-kopftuchverbot-im-argau\\\/#primaryimage\"},\"thumbnailUrl\":\"https:\\\/\\\/aargauermuslime.ch\\\/de\\\/wp-content\\\/uploads\\\/2025\\\/07\\\/Kopftuch_an_Schulen.png\",\"articleSection\":[\"News\",\"Stellungnahmen\"],\"inLanguage\":\"de\"},{\"@type\":\"WebPage\",\"@id\":\"https:\\\/\\\/aargauermuslime.ch\\\/de\\\/vam-wehrt-sich-gegen-ein-drohendes-kopftuchverbot-im-argau\\\/\",\"url\":\"https:\\\/\\\/aargauermuslime.ch\\\/de\\\/vam-wehrt-sich-gegen-ein-drohendes-kopftuchverbot-im-argau\\\/\",\"name\":\"VAM wehrt sich gegen ein drohendes Kopftuchverbot an Aargauer Schulen - Verband Aargauer Muslime (VAM)\",\"isPartOf\":{\"@id\":\"https:\\\/\\\/aargauermuslime.ch\\\/de\\\/#website\"},\"primaryImageOfPage\":{\"@id\":\"https:\\\/\\\/aargauermuslime.ch\\\/de\\\/vam-wehrt-sich-gegen-ein-drohendes-kopftuchverbot-im-argau\\\/#primaryimage\"},\"image\":{\"@id\":\"https:\\\/\\\/aargauermuslime.ch\\\/de\\\/vam-wehrt-sich-gegen-ein-drohendes-kopftuchverbot-im-argau\\\/#primaryimage\"},\"thumbnailUrl\":\"https:\\\/\\\/aargauermuslime.ch\\\/de\\\/wp-content\\\/uploads\\\/2025\\\/07\\\/Kopftuch_an_Schulen.png\",\"datePublished\":\"2026-09-01T20:54:15+00:00\",\"dateModified\":\"2026-09-01T21:31:05+00:00\",\"breadcrumb\":{\"@id\":\"https:\\\/\\\/aargauermuslime.ch\\\/de\\\/vam-wehrt-sich-gegen-ein-drohendes-kopftuchverbot-im-argau\\\/#breadcrumb\"},\"inLanguage\":\"de\",\"potentialAction\":[{\"@type\":\"ReadAction\",\"target\":[\"https:\\\/\\\/aargauermuslime.ch\\\/de\\\/vam-wehrt-sich-gegen-ein-drohendes-kopftuchverbot-im-argau\\\/\"]}]},{\"@type\":\"ImageObject\",\"inLanguage\":\"de\",\"@id\":\"https:\\\/\\\/aargauermuslime.ch\\\/de\\\/vam-wehrt-sich-gegen-ein-drohendes-kopftuchverbot-im-argau\\\/#primaryimage\",\"url\":\"https:\\\/\\\/aargauermuslime.ch\\\/de\\\/wp-content\\\/uploads\\\/2025\\\/07\\\/Kopftuch_an_Schulen.png\",\"contentUrl\":\"https:\\\/\\\/aargauermuslime.ch\\\/de\\\/wp-content\\\/uploads\\\/2025\\\/07\\\/Kopftuch_an_Schulen.png\",\"width\":1280,\"height\":720},{\"@type\":\"BreadcrumbList\",\"@id\":\"https:\\\/\\\/aargauermuslime.ch\\\/de\\\/vam-wehrt-sich-gegen-ein-drohendes-kopftuchverbot-im-argau\\\/#breadcrumb\",\"itemListElement\":[{\"@type\":\"ListItem\",\"position\":1,\"name\":\"Startseite\",\"item\":\"https:\\\/\\\/aargauermuslime.ch\\\/de\\\/\"},{\"@type\":\"ListItem\",\"position\":2,\"name\":\"VAM wehrt sich gegen ein drohendes Kopftuchverbot an Aargauer Schulen\"}]},{\"@type\":\"WebSite\",\"@id\":\"https:\\\/\\\/aargauermuslime.ch\\\/de\\\/#website\",\"url\":\"https:\\\/\\\/aargauermuslime.ch\\\/de\\\/\",\"name\":\"Verband Aargauer Muslime (VAM)\",\"description\":\"Dachverband der muslimischen Institutionen im Aargau\",\"publisher\":{\"@id\":\"https:\\\/\\\/aargauermuslime.ch\\\/de\\\/#organization\"},\"potentialAction\":[{\"@type\":\"SearchAction\",\"target\":{\"@type\":\"EntryPoint\",\"urlTemplate\":\"https:\\\/\\\/aargauermuslime.ch\\\/de\\\/?s={search_term_string}\"},\"query-input\":{\"@type\":\"PropertyValueSpecification\",\"valueRequired\":true,\"valueName\":\"search_term_string\"}}],\"inLanguage\":\"de\"},{\"@type\":\"Organization\",\"@id\":\"https:\\\/\\\/aargauermuslime.ch\\\/de\\\/#organization\",\"name\":\"Verband Aargauer Muslime\",\"alternateName\":\"VAM\",\"url\":\"https:\\\/\\\/aargauermuslime.ch\\\/de\\\/\",\"logo\":{\"@type\":\"ImageObject\",\"inLanguage\":\"de\",\"@id\":\"https:\\\/\\\/aargauermuslime.ch\\\/de\\\/#\\\/schema\\\/logo\\\/image\\\/\",\"url\":\"https:\\\/\\\/aargauermuslime.ch\\\/de\\\/wp-content\\\/uploads\\\/2019\\\/07\\\/VAM-Logo_web.jpg\",\"contentUrl\":\"https:\\\/\\\/aargauermuslime.ch\\\/de\\\/wp-content\\\/uploads\\\/2019\\\/07\\\/VAM-Logo_web.jpg\",\"width\":800,\"height\":181,\"caption\":\"Verband Aargauer Muslime\"},\"image\":{\"@id\":\"https:\\\/\\\/aargauermuslime.ch\\\/de\\\/#\\\/schema\\\/logo\\\/image\\\/\"},\"sameAs\":[\"https:\\\/\\\/www.facebook.com\\\/groups\\\/aargauermuslime\"]},{\"@type\":\"Person\",\"@id\":\"https:\\\/\\\/aargauermuslime.ch\\\/de\\\/#\\\/schema\\\/person\\\/310e6c317a37722ccc1fb5815f4bb122\",\"name\":\"Verwalter5\",\"image\":{\"@type\":\"ImageObject\",\"inLanguage\":\"de\",\"@id\":\"https:\\\/\\\/secure.gravatar.com\\\/avatar\\\/65ee8be834871e73d854ad00dfc4031afc2b5c926eac730b926dfe8fee7021c0?s=96&d=mm&r=g\",\"url\":\"https:\\\/\\\/secure.gravatar.com\\\/avatar\\\/65ee8be834871e73d854ad00dfc4031afc2b5c926eac730b926dfe8fee7021c0?s=96&d=mm&r=g\",\"contentUrl\":\"https:\\\/\\\/secure.gravatar.com\\\/avatar\\\/65ee8be834871e73d854ad00dfc4031afc2b5c926eac730b926dfe8fee7021c0?s=96&d=mm&r=g\",\"caption\":\"Verwalter5\"}}]}<\/script>\n<!-- \/ Yoast SEO plugin. -->","yoast_head_json":{"title":"VAM wehrt sich gegen ein drohendes Kopftuchverbot an Aargauer Schulen - Verband Aargauer Muslime (VAM)","robots":{"index":"index","follow":"follow","max-snippet":"max-snippet:-1","max-image-preview":"max-image-preview:large","max-video-preview":"max-video-preview:-1"},"canonical":"https:\/\/aargauermuslime.ch\/de\/vam-wehrt-sich-gegen-ein-drohendes-kopftuchverbot-im-argau\/","og_locale":"de_DE","og_type":"article","og_title":"VAM wehrt sich gegen ein drohendes Kopftuchverbot an Aargauer Schulen - Verband Aargauer Muslime (VAM)","og_description":"Am 25. August 2026 \u00fcberwies Adrian Schoop zusammen mit weiteren Parlamentsmitgliedern im Aargauer Grossen Rat eine Motion, in der es vordergr\u00fcndig um den \u00abSchutz von M\u00e4dchen vor religi\u00f6sem Zwang\u00bb, in [&hellip;]","og_url":"https:\/\/aargauermuslime.ch\/de\/vam-wehrt-sich-gegen-ein-drohendes-kopftuchverbot-im-argau\/","og_site_name":"Verband Aargauer Muslime (VAM)","article_publisher":"https:\/\/www.facebook.com\/groups\/aargauermuslime","article_published_time":"2026-09-01T20:54:15+00:00","article_modified_time":"2026-09-01T21:31:05+00:00","og_image":[{"width":1280,"height":720,"url":"https:\/\/aargauermuslime.ch\/de\/wp-content\/uploads\/2025\/07\/Kopftuch_an_Schulen.png","type":"image\/png"}],"author":"Verwalter5","twitter_card":"summary_large_image","twitter_misc":{"Verfasst von":"Verwalter5","Gesch\u00e4tzte Lesezeit":"1\u00a0Minute"},"schema":{"@context":"https:\/\/schema.org","@graph":[{"@type":"Article","@id":"https:\/\/aargauermuslime.ch\/de\/vam-wehrt-sich-gegen-ein-drohendes-kopftuchverbot-im-argau\/#article","isPartOf":{"@id":"https:\/\/aargauermuslime.ch\/de\/vam-wehrt-sich-gegen-ein-drohendes-kopftuchverbot-im-argau\/"},"author":{"name":"Verwalter5","@id":"https:\/\/aargauermuslime.ch\/de\/#\/schema\/person\/310e6c317a37722ccc1fb5815f4bb122"},"headline":"VAM wehrt sich gegen ein drohendes Kopftuchverbot an Aargauer Schulen","datePublished":"2026-09-01T20:54:15+00:00","dateModified":"2026-09-01T21:31:05+00:00","mainEntityOfPage":{"@id":"https:\/\/aargauermuslime.ch\/de\/vam-wehrt-sich-gegen-ein-drohendes-kopftuchverbot-im-argau\/"},"wordCount":133,"publisher":{"@id":"https:\/\/aargauermuslime.ch\/de\/#organization"},"image":{"@id":"https:\/\/aargauermuslime.ch\/de\/vam-wehrt-sich-gegen-ein-drohendes-kopftuchverbot-im-argau\/#primaryimage"},"thumbnailUrl":"https:\/\/aargauermuslime.ch\/de\/wp-content\/uploads\/2025\/07\/Kopftuch_an_Schulen.png","articleSection":["News","Stellungnahmen"],"inLanguage":"de"},{"@type":"WebPage","@id":"https:\/\/aargauermuslime.ch\/de\/vam-wehrt-sich-gegen-ein-drohendes-kopftuchverbot-im-argau\/","url":"https:\/\/aargauermuslime.ch\/de\/vam-wehrt-sich-gegen-ein-drohendes-kopftuchverbot-im-argau\/","name":"VAM wehrt sich gegen ein drohendes Kopftuchverbot an Aargauer Schulen - Verband Aargauer Muslime (VAM)","isPartOf":{"@id":"https:\/\/aargauermuslime.ch\/de\/#website"},"primaryImageOfPage":{"@id":"https:\/\/aargauermuslime.ch\/de\/vam-wehrt-sich-gegen-ein-drohendes-kopftuchverbot-im-argau\/#primaryimage"},"image":{"@id":"https:\/\/aargauermuslime.ch\/de\/vam-wehrt-sich-gegen-ein-drohendes-kopftuchverbot-im-argau\/#primaryimage"},"thumbnailUrl":"https:\/\/aargauermuslime.ch\/de\/wp-content\/uploads\/2025\/07\/Kopftuch_an_Schulen.png","datePublished":"2026-09-01T20:54:15+00:00","dateModified":"2026-09-01T21:31:05+00:00","breadcrumb":{"@id":"https:\/\/aargauermuslime.ch\/de\/vam-wehrt-sich-gegen-ein-drohendes-kopftuchverbot-im-argau\/#breadcrumb"},"inLanguage":"de","potentialAction":[{"@type":"ReadAction","target":["https:\/\/aargauermuslime.ch\/de\/vam-wehrt-sich-gegen-ein-drohendes-kopftuchverbot-im-argau\/"]}]},{"@type":"ImageObject","inLanguage":"de","@id":"https:\/\/aargauermuslime.ch\/de\/vam-wehrt-sich-gegen-ein-drohendes-kopftuchverbot-im-argau\/#primaryimage","url":"https:\/\/aargauermuslime.ch\/de\/wp-content\/uploads\/2025\/07\/Kopftuch_an_Schulen.png","contentUrl":"https:\/\/aargauermuslime.ch\/de\/wp-content\/uploads\/2025\/07\/Kopftuch_an_Schulen.png","width":1280,"height":720},{"@type":"BreadcrumbList","@id":"https:\/\/aargauermuslime.ch\/de\/vam-wehrt-sich-gegen-ein-drohendes-kopftuchverbot-im-argau\/#breadcrumb","itemListElement":[{"@type":"ListItem","position":1,"name":"Startseite","item":"https:\/\/aargauermuslime.ch\/de\/"},{"@type":"ListItem","position":2,"name":"VAM wehrt sich gegen ein drohendes Kopftuchverbot an Aargauer Schulen"}]},{"@type":"WebSite","@id":"https:\/\/aargauermuslime.ch\/de\/#website","url":"https:\/\/aargauermuslime.ch\/de\/","name":"Verband Aargauer Muslime (VAM)","description":"Dachverband der muslimischen Institutionen im Aargau","publisher":{"@id":"https:\/\/aargauermuslime.ch\/de\/#organization"},"potentialAction":[{"@type":"SearchAction","target":{"@type":"EntryPoint","urlTemplate":"https:\/\/aargauermuslime.ch\/de\/?s={search_term_string}"},"query-input":{"@type":"PropertyValueSpecification","valueRequired":true,"valueName":"search_term_string"}}],"inLanguage":"de"},{"@type":"Organization","@id":"https:\/\/aargauermuslime.ch\/de\/#organization","name":"Verband Aargauer Muslime","alternateName":"VAM","url":"https:\/\/aargauermuslime.ch\/de\/","logo":{"@type":"ImageObject","inLanguage":"de","@id":"https:\/\/aargauermuslime.ch\/de\/#\/schema\/logo\/image\/","url":"https:\/\/aargauermuslime.ch\/de\/wp-content\/uploads\/2019\/07\/VAM-Logo_web.jpg","contentUrl":"https:\/\/aargauermuslime.ch\/de\/wp-content\/uploads\/2019\/07\/VAM-Logo_web.jpg","width":800,"height":181,"caption":"Verband Aargauer Muslime"},"image":{"@id":"https:\/\/aargauermuslime.ch\/de\/#\/schema\/logo\/image\/"},"sameAs":["https:\/\/www.facebook.com\/groups\/aargauermuslime"]},{"@type":"Person","@id":"https:\/\/aargauermuslime.ch\/de\/#\/schema\/person\/310e6c317a37722ccc1fb5815f4bb122","name":"Verwalter5","image":{"@type":"ImageObject","inLanguage":"de","@id":"https:\/\/secure.gravatar.com\/avatar\/65ee8be834871e73d854ad00dfc4031afc2b5c926eac730b926dfe8fee7021c0?s=96&d=mm&r=g","url":"https:\/\/secure.gravatar.com\/avatar\/65ee8be834871e73d854ad00dfc4031afc2b5c926eac730b926dfe8fee7021c0?s=96&d=mm&r=g","contentUrl":"https:\/\/secure.gravatar.com\/avatar\/65ee8be834871e73d854ad00dfc4031afc2b5c926eac730b926dfe8fee7021c0?s=96&d=mm&r=g","caption":"Verwalter5"}}]}},"_links":{"self":[{"href":"https:\/\/aargauermuslime.ch\/de\/wp-json\/wp\/v2\/posts\/4622","targetHints":{"allow":["GET"]}}],"collection":[{"href":"https:\/\/aargauermuslime.ch\/de\/wp-json\/wp\/v2\/posts"}],"about":[{"href":"https:\/\/aargauermuslime.ch\/de\/wp-json\/wp\/v2\/types\/post"}],"author":[{"embeddable":true,"href":"https:\/\/aargauermuslime.ch\/de\/wp-json\/wp\/v2\/users\/4"}],"replies":[{"embeddable":true,"href":"https:\/\/aargauermuslime.ch\/de\/wp-json\/wp\/v2\/comments?post=4622"}],"version-history":[{"count":12,"href":"https:\/\/aargauermuslime.ch\/de\/wp-json\/wp\/v2\/posts\/4622\/revisions"}],"predecessor-version":[{"id":4634,"href":"https:\/\/aargauermuslime.ch\/de\/wp-json\/wp\/v2\/posts\/4622\/revisions\/4634"}],"wp:featuredmedia":[{"embeddable":true,"href":"https:\/\/aargauermuslime.ch\/de\/wp-json\/wp\/v2\/media\/4433"}],"wp:attachment":[{"href":"https:\/\/aargauermuslime.ch\/de\/wp-json\/wp\/v2\/media?parent=4622"}],"wp:term":[{"taxonomy":"category","embeddable":true,"href":"https:\/\/aargauermuslime.ch\/de\/wp-json\/wp\/v2\/categories?post=4622"},{"taxonomy":"post_tag","embeddable":true,"href":"https:\/\/aargauermuslime.ch\/de\/wp-json\/wp\/v2\/tags?post=4622"}],"curies":[{"name":"wp","href":"https:\/\/api.w.org\/{rel}","templated":true}]}}