{"id":72,"date":"2010-04-04T19:57:18","date_gmt":"2010-04-04T19:57:18","guid":{"rendered":"https:\/\/aargauermuslime.ch\/de\/2010\/04\/04\/bericht-iftar-2009\/"},"modified":"2010-04-04T19:57:18","modified_gmt":"2010-04-04T19:57:18","slug":"bericht-iftar-2009","status":"publish","type":"post","link":"https:\/\/aargauermuslime.ch\/de\/bericht-iftar-2009\/","title":{"rendered":"\u00d6ffentlicher Iftar in Brugg, 10. September 2009"},"content":{"rendered":"<div id=\"intro\"><strong><span style=\"font-size: 10pt;\"><span style=\"font-family: verdana,geneva;\">Weit \u00fcber 150 Personen folgten der Einladung des Verbandes Aargauer Muslime und nahmen am gemeinsamen Iftar in Brugg AG teil.<\/span><\/span><\/strong><span style=\"font-size: 10pt;\"><span style=\"font-family: verdana,geneva;\"> <br \/><\/span><\/span><\/div>\n<div id=\"browser-one-page-article\"><\/div>\n<p><span style=\"font-size: 10pt;\"><span style=\"font-family: verdana,geneva;\">&nbsp;<\/span><\/span><\/p>\n<p> <span style=\"font-size: 10pt;\"><span style=\"font-family: verdana,geneva;\"><strong> <\/strong><\/span><span style=\"font-family: verdana,geneva;\"> <\/span><span style=\"font-family: verdana,geneva;\"> <\/span><span style=\"font-family: verdana,geneva;\"> <\/span><span style=\"font-family: verdana,geneva;\"><strong> <\/strong><\/span><span style=\"font-family: verdana,geneva;\"> <\/span><span style=\"font-family: verdana,geneva;\"><strong> <\/strong><\/span><span style=\"font-family: verdana,geneva;\"><em> <\/em><\/span><span style=\"font-family: verdana,geneva;\"><\/span><span style=\"font-family: verdana,geneva;\">Die <a t3page=\"url\" href=\"http:\/\/www.aargauerzeitung.ch\/\" target=\"_blank\" t3url=\"http:\/\/www.aargauerzeitung.ch\" t3target=\"_blank\" rel=\"noopener noreferrer\">Aargauer Zeitung<\/a> berichtete am 14. September 2009 unter dem Titel \u00abWir sp\u00fcren, dass wir alle Menschen sind\u00bb \u00fcber diesen Anlass.<\/p>\n<p><em>*** Zitatbeginn ***<\/em><\/p>\n<p>Der Zeitpunkt war trefflich gew\u00e4hlt: Einen Tag vor dem 8. Jahrestag der Attentate 9\/11 in den USA trafen sich im Salzhaus Brugg \u00fcber 150 Christen und <\/span><span style=\"font-family: verdana,geneva;\">Muslime<\/span><span style=\"font-family: verdana,geneva;\">: Gemeinsam begingen sie das Fastenbrechen. Das erkl\u00e4rte Ziel von Christen wie Muslimen war es, einander kennen zu lernen, \u00c4ngste abzubauen, das Gemeinsame zu unterstreichen, die Unterschiede zu respektieren.<\/p>\n<p>Die Idee bewegte Wolfgang Rothfahl, reformierter Pfarrer der Kirchgemeinde Brugg, schon lange: Den Dialog mit den hier ans\u00e4ssigen <\/span><span style=\"font-family: verdana,geneva;\">Muslimen<\/span><span style=\"font-family: verdana,geneva;\"> suchen. \u00abDer interreligi\u00f6se Dialog tr\u00e4gt zum Frieden bei und gibt uns Christen auch Gelegenheit, im Spiegel des Gespr\u00e4chs die eigene Religion besser kennen zu lernen.\u00bb<\/p>\n<p><strong>\u00dcberkonfessionelles Team<\/p>\n<p><\/strong><\/span><span style=\"font-family: verdana,geneva;\"><img loading=\"lazy\" decoding=\"async\" class=\" alignleft size-full wp-image-606\" alt=\"Gemeinsames_Abendgebet\" src=\"https:\/\/aargauermuslime.ch\/de\/wp-content\/uploads\/2010\/04\/Oeffentlicher_Iftar_2009-09-10_Gemeinsames_Abendgebet.jpg\" style=\"padding: 5px; float: left;\" height=\"225\" width=\"300\" \/><\/span><span style=\"font-family: verdana,geneva;\">Im Einverst\u00e4ndnis mit der reformierten und der katholischen Kirchenpflege nahm Rothfahl Kontakt auf mit dem Verband Aargauer <\/span><span style=\"font-family: verdana,geneva;\">Muslime<\/span><span style=\"font-family: verdana,geneva;\"> und stiess auf offene T\u00fcren. Halit Duran, Pr\u00e4sident des <a t3page=\"url\" href=\"http:\/\/www.aargauermuslime.ch\/\" target=\"_blank\" t3url=\"http:\/\/www.aargauermuslime.ch\" t3target=\"_blank\" rel=\"noopener noreferrer\">Verbandes der Aargauer Muslime<\/a><strong><span style=\"font-weight: normal;\"> <\/span><\/strong>(VAM), war seinerseits auf der Suche nach Kirchgemeinden, die Interesse daran hatten, w\u00e4hrend des Ramadan ein gemeinsames Fastenbrechen zu begehen.<\/p>\n<p>Aus diesem ersten Kontakt entstand ein achtk\u00f6pfiges, \u00fcberkonfessionelles Team, das die Vorbereitungen in Angriff nahm. Lebhaftes Stimmengewirr war im Salzhaus zu vernehmen. Noch w\u00e4hrend der Ansprachen wurden weitere Tische gedeckt f\u00fcr all jene G\u00e4ste, die der Einladung gefolgt waren &#8211; unter ihnen auch eine multikulturelle Schulklasse mit Familienangeh\u00f6rigen aus der Realschule Langmatt.<\/p>\n<p>Halit Duran begr\u00fcsste als Erster die G\u00e4ste, gefolgt von Brigitte Perren (Mitglied der reformierten Kirchgemeinde). Dann folgte die Ansprache von Stadtrat Christoph Brun. Ihm als Ressortvorsteher Schule sei es ein Anliegen, die Integration der <\/span><span style=\"font-family: verdana,geneva;\">Muslime<\/span><span style=\"font-family: verdana,geneva;\">, das Zusammenleben in der Gemeinde, das gegenseitige Interesse und Verst\u00e4ndnis im Rahmen des Zul\u00e4ssigen und M\u00f6glichen zu f\u00f6rdern.<\/p>\n<p><\/span><span style=\"font-family: verdana,geneva;\">&nbsp;<\/span><span style=\"font-family: verdana,geneva;\">Hedy Wittweiler (Seelsorgerin der katholischen Kirchgemeinde) \u00e4usserte Gedanken zum Fasten aus christlicher Sicht und Muris Puric (Imam der bosnischen Gemeinde Unterentfelden) erkl\u00e4rte die Bedeutung des Fastenmonats Ramadan und das Ritual des allabendlichen Fastenbrechens. Anschliessend versetzten melodisch vorgetragene Koranverse vorab die G\u00e4ste mit christlichem Hintergrund in eine orientalische Klangwelt. Speziell f\u00fcr sie wurden die Verse ins Deutsche \u00fcbersetzt.<\/p>\n<p><strong>Harmonie gemeinsam erleben<\/p>\n<p><\/strong><\/span><span style=\"font-family: verdana,geneva;\"><img loading=\"lazy\" decoding=\"async\" class=\" alignright size-full wp-image-607\" alt=\"Gemeinsames_Fastenbrechen\" src=\"https:\/\/aargauermuslime.ch\/de\/wp-content\/uploads\/2010\/04\/Oeffentlicher_Iftar_2009-09-10_Gemeinsames_Fastenbrechen.jpg\" style=\"padding: 5px; float: right;\" height=\"225\" width=\"300\" \/><\/span><span style=\"font-family: verdana,geneva;\">W\u00e4hrend des Gebetsrufs und des Abendgebets von <\/span><span style=\"font-family: verdana,geneva;\">Muslimen<\/span><span style=\"font-family: verdana,geneva;\"> und <\/span><span style=\"font-family: verdana,geneva;\">Muslimas<\/span><span style=\"font-family: verdana,geneva;\"> auf der B\u00fchne brachen die G\u00e4ste im Saal das Fasten mit der traditionellen Einnahme einer Dattel. Mit Hingabe widmeten sich nun alle, <\/span><span style=\"font-family: verdana,geneva;\">Muslime<\/span><span style=\"font-family: verdana,geneva;\"> wie Christen, dem Abendessen, zu dem der VAM eingeladen hatte.<\/p>\n<p>\u00abAm Ramadan ziehen sich die <strong><span style=\"font-weight: normal;\">Muslime<\/span><\/strong> meistens zur\u00fcck und bleiben unter sich\u00bb, sagt Halit Duran und f\u00fcgt hinzu: \u00abNun ist es indessen doppelt sch\u00f6n, nach einem langen Fastentag mit anderen Gl\u00e4ubigen zusammenzukommen und in guter Gemeinschaft zu essen. Der Ramadan ist ein Monat gelebter Harmonie und die m\u00f6chten wir teilen. Die gr\u00f6sste Gefahr f\u00fcr ein Zusammenleben ist die Unkenntnis des andern \u2013 dieser Abend gibt uns zu sp\u00fcren, dass wir mit allen religi\u00f6sen und kulturellen Unterschieden einfach Menschen sind.\u00bb Mit dem in ihren Schlussworten ausgedr\u00fcckten Wunsch nach Frieden und Verst\u00e4ndigung schloss sich Anne-Christine Rechsteiner (Mitglied der reformierten Kirchenpflege) dieser Haltung an.<\/p>\n<p><em>*** Zitatende ***<\/em><\/span><\/span> <\/p>\n<p><span style=\"font-size: 10pt;\"><span style=\"font-family: verdana,geneva;\">&nbsp;<\/span><\/span><\/p>\n","protected":false},"excerpt":{"rendered":"<p>Weit \u00fcber 150 Personen folgten der Einladung des Verbandes Aargauer Muslime und nahmen am gemeinsamen Iftar in Brugg AG teil. &nbsp; Die Aargauer Zeitung berichtete am 14. September 2009 unter [&hellip;]<\/p>\n","protected":false},"author":2,"featured_media":605,"comment_status":"open","ping_status":"open","sticky":false,"template":"","format":"standard","meta":{"_et_pb_use_builder":"","_et_pb_old_content":"","_et_gb_content_width":"","ngg_post_thumbnail":0,"footnotes":""},"categories":[2],"tags":[],"class_list":["post-72","post","type-post","status-publish","format-standard","has-post-thumbnail","hentry","category-berichte"],"yoast_head":"<!-- This site is optimized with the Yoast SEO plugin v27.4 - https:\/\/yoast.com\/product\/yoast-seo-wordpress\/ -->\n<title>\u00d6ffentlicher Iftar in Brugg, 10. September 2009 - Verband Aargauer Muslime (VAM)<\/title>\n<meta name=\"robots\" content=\"index, follow, max-snippet:-1, max-image-preview:large, max-video-preview:-1\" \/>\n<link rel=\"canonical\" href=\"https:\/\/aargauermuslime.ch\/de\/bericht-iftar-2009\/\" \/>\n<meta property=\"og:locale\" content=\"de_DE\" \/>\n<meta property=\"og:type\" content=\"article\" \/>\n<meta property=\"og:title\" content=\"\u00d6ffentlicher Iftar in Brugg, 10. September 2009 - Verband Aargauer Muslime (VAM)\" \/>\n<meta property=\"og:description\" content=\"Weit \u00fcber 150 Personen folgten der Einladung des Verbandes Aargauer Muslime und nahmen am gemeinsamen Iftar in Brugg AG teil. &nbsp; Die Aargauer Zeitung berichtete am 14. September 2009 unter [&hellip;]\" \/>\n<meta property=\"og:url\" content=\"https:\/\/aargauermuslime.ch\/de\/bericht-iftar-2009\/\" \/>\n<meta property=\"og:site_name\" content=\"Verband Aargauer Muslime (VAM)\" \/>\n<meta property=\"article:publisher\" content=\"https:\/\/www.facebook.com\/groups\/aargauermuslime\" \/>\n<meta property=\"article:published_time\" content=\"2010-04-04T19:57:18+00:00\" \/>\n<meta property=\"og:image\" content=\"https:\/\/aargauermuslime.ch\/de\/wp-content\/uploads\/2010\/04\/Oeffentlicher_Iftar_2009-09-10_Imam_Muris_Puric.jpg\" \/>\n\t<meta property=\"og:image:width\" content=\"300\" \/>\n\t<meta property=\"og:image:height\" content=\"225\" \/>\n\t<meta property=\"og:image:type\" content=\"image\/jpeg\" \/>\n<meta name=\"author\" content=\"Verwalter\" \/>\n<meta name=\"twitter:card\" content=\"summary_large_image\" \/>\n<meta name=\"twitter:label1\" content=\"Verfasst von\" \/>\n\t<meta name=\"twitter:data1\" content=\"Verwalter\" \/>\n\t<meta name=\"twitter:label2\" content=\"Gesch\u00e4tzte Lesezeit\" \/>\n\t<meta name=\"twitter:data2\" content=\"3\u00a0Minuten\" \/>\n<script type=\"application\/ld+json\" class=\"yoast-schema-graph\">{\"@context\":\"https:\\\/\\\/schema.org\",\"@graph\":[{\"@type\":\"Article\",\"@id\":\"https:\\\/\\\/aargauermuslime.ch\\\/de\\\/bericht-iftar-2009\\\/#article\",\"isPartOf\":{\"@id\":\"https:\\\/\\\/aargauermuslime.ch\\\/de\\\/bericht-iftar-2009\\\/\"},\"author\":{\"name\":\"Verwalter\",\"@id\":\"https:\\\/\\\/aargauermuslime.ch\\\/de\\\/#\\\/schema\\\/person\\\/bd503aec0cac55acbb09e0c3a583e85d\"},\"headline\":\"\u00d6ffentlicher Iftar in Brugg, 10. September 2009\",\"datePublished\":\"2010-04-04T19:57:18+00:00\",\"mainEntityOfPage\":{\"@id\":\"https:\\\/\\\/aargauermuslime.ch\\\/de\\\/bericht-iftar-2009\\\/\"},\"wordCount\":544,\"commentCount\":0,\"publisher\":{\"@id\":\"https:\\\/\\\/aargauermuslime.ch\\\/de\\\/#organization\"},\"image\":{\"@id\":\"https:\\\/\\\/aargauermuslime.ch\\\/de\\\/bericht-iftar-2009\\\/#primaryimage\"},\"thumbnailUrl\":\"https:\\\/\\\/aargauermuslime.ch\\\/de\\\/wp-content\\\/uploads\\\/2010\\\/04\\\/Oeffentlicher_Iftar_2009-09-10_Imam_Muris_Puric.jpg\",\"articleSection\":[\"Berichte\"],\"inLanguage\":\"de\"},{\"@type\":\"WebPage\",\"@id\":\"https:\\\/\\\/aargauermuslime.ch\\\/de\\\/bericht-iftar-2009\\\/\",\"url\":\"https:\\\/\\\/aargauermuslime.ch\\\/de\\\/bericht-iftar-2009\\\/\",\"name\":\"\u00d6ffentlicher Iftar in Brugg, 10. September 2009 - Verband Aargauer Muslime (VAM)\",\"isPartOf\":{\"@id\":\"https:\\\/\\\/aargauermuslime.ch\\\/de\\\/#website\"},\"primaryImageOfPage\":{\"@id\":\"https:\\\/\\\/aargauermuslime.ch\\\/de\\\/bericht-iftar-2009\\\/#primaryimage\"},\"image\":{\"@id\":\"https:\\\/\\\/aargauermuslime.ch\\\/de\\\/bericht-iftar-2009\\\/#primaryimage\"},\"thumbnailUrl\":\"https:\\\/\\\/aargauermuslime.ch\\\/de\\\/wp-content\\\/uploads\\\/2010\\\/04\\\/Oeffentlicher_Iftar_2009-09-10_Imam_Muris_Puric.jpg\",\"datePublished\":\"2010-04-04T19:57:18+00:00\",\"breadcrumb\":{\"@id\":\"https:\\\/\\\/aargauermuslime.ch\\\/de\\\/bericht-iftar-2009\\\/#breadcrumb\"},\"inLanguage\":\"de\",\"potentialAction\":[{\"@type\":\"ReadAction\",\"target\":[\"https:\\\/\\\/aargauermuslime.ch\\\/de\\\/bericht-iftar-2009\\\/\"]}]},{\"@type\":\"ImageObject\",\"inLanguage\":\"de\",\"@id\":\"https:\\\/\\\/aargauermuslime.ch\\\/de\\\/bericht-iftar-2009\\\/#primaryimage\",\"url\":\"https:\\\/\\\/aargauermuslime.ch\\\/de\\\/wp-content\\\/uploads\\\/2010\\\/04\\\/Oeffentlicher_Iftar_2009-09-10_Imam_Muris_Puric.jpg\",\"contentUrl\":\"https:\\\/\\\/aargauermuslime.ch\\\/de\\\/wp-content\\\/uploads\\\/2010\\\/04\\\/Oeffentlicher_Iftar_2009-09-10_Imam_Muris_Puric.jpg\",\"width\":300,\"height\":225,\"caption\":\"Imam_Muris_Puric\"},{\"@type\":\"BreadcrumbList\",\"@id\":\"https:\\\/\\\/aargauermuslime.ch\\\/de\\\/bericht-iftar-2009\\\/#breadcrumb\",\"itemListElement\":[{\"@type\":\"ListItem\",\"position\":1,\"name\":\"Startseite\",\"item\":\"https:\\\/\\\/aargauermuslime.ch\\\/de\\\/\"},{\"@type\":\"ListItem\",\"position\":2,\"name\":\"\u00d6ffentlicher Iftar in Brugg, 10. September 2009\"}]},{\"@type\":\"WebSite\",\"@id\":\"https:\\\/\\\/aargauermuslime.ch\\\/de\\\/#website\",\"url\":\"https:\\\/\\\/aargauermuslime.ch\\\/de\\\/\",\"name\":\"Verband Aargauer Muslime (VAM)\",\"description\":\"Dachverband der muslimischen Institutionen im Aargau\",\"publisher\":{\"@id\":\"https:\\\/\\\/aargauermuslime.ch\\\/de\\\/#organization\"},\"potentialAction\":[{\"@type\":\"SearchAction\",\"target\":{\"@type\":\"EntryPoint\",\"urlTemplate\":\"https:\\\/\\\/aargauermuslime.ch\\\/de\\\/?s={search_term_string}\"},\"query-input\":{\"@type\":\"PropertyValueSpecification\",\"valueRequired\":true,\"valueName\":\"search_term_string\"}}],\"inLanguage\":\"de\"},{\"@type\":\"Organization\",\"@id\":\"https:\\\/\\\/aargauermuslime.ch\\\/de\\\/#organization\",\"name\":\"Verband Aargauer Muslime\",\"alternateName\":\"VAM\",\"url\":\"https:\\\/\\\/aargauermuslime.ch\\\/de\\\/\",\"logo\":{\"@type\":\"ImageObject\",\"inLanguage\":\"de\",\"@id\":\"https:\\\/\\\/aargauermuslime.ch\\\/de\\\/#\\\/schema\\\/logo\\\/image\\\/\",\"url\":\"https:\\\/\\\/aargauermuslime.ch\\\/de\\\/wp-content\\\/uploads\\\/2019\\\/07\\\/VAM-Logo_web.jpg\",\"contentUrl\":\"https:\\\/\\\/aargauermuslime.ch\\\/de\\\/wp-content\\\/uploads\\\/2019\\\/07\\\/VAM-Logo_web.jpg\",\"width\":800,\"height\":181,\"caption\":\"Verband Aargauer Muslime\"},\"image\":{\"@id\":\"https:\\\/\\\/aargauermuslime.ch\\\/de\\\/#\\\/schema\\\/logo\\\/image\\\/\"},\"sameAs\":[\"https:\\\/\\\/www.facebook.com\\\/groups\\\/aargauermuslime\"]},{\"@type\":\"Person\",\"@id\":\"https:\\\/\\\/aargauermuslime.ch\\\/de\\\/#\\\/schema\\\/person\\\/bd503aec0cac55acbb09e0c3a583e85d\",\"name\":\"Verwalter\",\"image\":{\"@type\":\"ImageObject\",\"inLanguage\":\"de\",\"@id\":\"https:\\\/\\\/secure.gravatar.com\\\/avatar\\\/7fd31a7e31c089b8b010ed4da69824ebcca1bb14f0e01f1121264b0f1712c489?s=96&d=mm&r=g\",\"url\":\"https:\\\/\\\/secure.gravatar.com\\\/avatar\\\/7fd31a7e31c089b8b010ed4da69824ebcca1bb14f0e01f1121264b0f1712c489?s=96&d=mm&r=g\",\"contentUrl\":\"https:\\\/\\\/secure.gravatar.com\\\/avatar\\\/7fd31a7e31c089b8b010ed4da69824ebcca1bb14f0e01f1121264b0f1712c489?s=96&d=mm&r=g\",\"caption\":\"Verwalter\"}}]}<\/script>\n<!-- \/ Yoast SEO plugin. -->","yoast_head_json":{"title":"\u00d6ffentlicher Iftar in Brugg, 10. September 2009 - Verband Aargauer Muslime (VAM)","robots":{"index":"index","follow":"follow","max-snippet":"max-snippet:-1","max-image-preview":"max-image-preview:large","max-video-preview":"max-video-preview:-1"},"canonical":"https:\/\/aargauermuslime.ch\/de\/bericht-iftar-2009\/","og_locale":"de_DE","og_type":"article","og_title":"\u00d6ffentlicher Iftar in Brugg, 10. September 2009 - Verband Aargauer Muslime (VAM)","og_description":"Weit \u00fcber 150 Personen folgten der Einladung des Verbandes Aargauer Muslime und nahmen am gemeinsamen Iftar in Brugg AG teil. &nbsp; Die Aargauer Zeitung berichtete am 14. September 2009 unter [&hellip;]","og_url":"https:\/\/aargauermuslime.ch\/de\/bericht-iftar-2009\/","og_site_name":"Verband Aargauer Muslime (VAM)","article_publisher":"https:\/\/www.facebook.com\/groups\/aargauermuslime","article_published_time":"2010-04-04T19:57:18+00:00","og_image":[{"width":300,"height":225,"url":"https:\/\/aargauermuslime.ch\/de\/wp-content\/uploads\/2010\/04\/Oeffentlicher_Iftar_2009-09-10_Imam_Muris_Puric.jpg","type":"image\/jpeg"}],"author":"Verwalter","twitter_card":"summary_large_image","twitter_misc":{"Verfasst von":"Verwalter","Gesch\u00e4tzte Lesezeit":"3\u00a0Minuten"},"schema":{"@context":"https:\/\/schema.org","@graph":[{"@type":"Article","@id":"https:\/\/aargauermuslime.ch\/de\/bericht-iftar-2009\/#article","isPartOf":{"@id":"https:\/\/aargauermuslime.ch\/de\/bericht-iftar-2009\/"},"author":{"name":"Verwalter","@id":"https:\/\/aargauermuslime.ch\/de\/#\/schema\/person\/bd503aec0cac55acbb09e0c3a583e85d"},"headline":"\u00d6ffentlicher Iftar in Brugg, 10. September 2009","datePublished":"2010-04-04T19:57:18+00:00","mainEntityOfPage":{"@id":"https:\/\/aargauermuslime.ch\/de\/bericht-iftar-2009\/"},"wordCount":544,"commentCount":0,"publisher":{"@id":"https:\/\/aargauermuslime.ch\/de\/#organization"},"image":{"@id":"https:\/\/aargauermuslime.ch\/de\/bericht-iftar-2009\/#primaryimage"},"thumbnailUrl":"https:\/\/aargauermuslime.ch\/de\/wp-content\/uploads\/2010\/04\/Oeffentlicher_Iftar_2009-09-10_Imam_Muris_Puric.jpg","articleSection":["Berichte"],"inLanguage":"de"},{"@type":"WebPage","@id":"https:\/\/aargauermuslime.ch\/de\/bericht-iftar-2009\/","url":"https:\/\/aargauermuslime.ch\/de\/bericht-iftar-2009\/","name":"\u00d6ffentlicher Iftar in Brugg, 10. September 2009 - Verband Aargauer Muslime (VAM)","isPartOf":{"@id":"https:\/\/aargauermuslime.ch\/de\/#website"},"primaryImageOfPage":{"@id":"https:\/\/aargauermuslime.ch\/de\/bericht-iftar-2009\/#primaryimage"},"image":{"@id":"https:\/\/aargauermuslime.ch\/de\/bericht-iftar-2009\/#primaryimage"},"thumbnailUrl":"https:\/\/aargauermuslime.ch\/de\/wp-content\/uploads\/2010\/04\/Oeffentlicher_Iftar_2009-09-10_Imam_Muris_Puric.jpg","datePublished":"2010-04-04T19:57:18+00:00","breadcrumb":{"@id":"https:\/\/aargauermuslime.ch\/de\/bericht-iftar-2009\/#breadcrumb"},"inLanguage":"de","potentialAction":[{"@type":"ReadAction","target":["https:\/\/aargauermuslime.ch\/de\/bericht-iftar-2009\/"]}]},{"@type":"ImageObject","inLanguage":"de","@id":"https:\/\/aargauermuslime.ch\/de\/bericht-iftar-2009\/#primaryimage","url":"https:\/\/aargauermuslime.ch\/de\/wp-content\/uploads\/2010\/04\/Oeffentlicher_Iftar_2009-09-10_Imam_Muris_Puric.jpg","contentUrl":"https:\/\/aargauermuslime.ch\/de\/wp-content\/uploads\/2010\/04\/Oeffentlicher_Iftar_2009-09-10_Imam_Muris_Puric.jpg","width":300,"height":225,"caption":"Imam_Muris_Puric"},{"@type":"BreadcrumbList","@id":"https:\/\/aargauermuslime.ch\/de\/bericht-iftar-2009\/#breadcrumb","itemListElement":[{"@type":"ListItem","position":1,"name":"Startseite","item":"https:\/\/aargauermuslime.ch\/de\/"},{"@type":"ListItem","position":2,"name":"\u00d6ffentlicher Iftar in Brugg, 10. September 2009"}]},{"@type":"WebSite","@id":"https:\/\/aargauermuslime.ch\/de\/#website","url":"https:\/\/aargauermuslime.ch\/de\/","name":"Verband Aargauer Muslime (VAM)","description":"Dachverband der muslimischen Institutionen im Aargau","publisher":{"@id":"https:\/\/aargauermuslime.ch\/de\/#organization"},"potentialAction":[{"@type":"SearchAction","target":{"@type":"EntryPoint","urlTemplate":"https:\/\/aargauermuslime.ch\/de\/?s={search_term_string}"},"query-input":{"@type":"PropertyValueSpecification","valueRequired":true,"valueName":"search_term_string"}}],"inLanguage":"de"},{"@type":"Organization","@id":"https:\/\/aargauermuslime.ch\/de\/#organization","name":"Verband Aargauer Muslime","alternateName":"VAM","url":"https:\/\/aargauermuslime.ch\/de\/","logo":{"@type":"ImageObject","inLanguage":"de","@id":"https:\/\/aargauermuslime.ch\/de\/#\/schema\/logo\/image\/","url":"https:\/\/aargauermuslime.ch\/de\/wp-content\/uploads\/2019\/07\/VAM-Logo_web.jpg","contentUrl":"https:\/\/aargauermuslime.ch\/de\/wp-content\/uploads\/2019\/07\/VAM-Logo_web.jpg","width":800,"height":181,"caption":"Verband Aargauer Muslime"},"image":{"@id":"https:\/\/aargauermuslime.ch\/de\/#\/schema\/logo\/image\/"},"sameAs":["https:\/\/www.facebook.com\/groups\/aargauermuslime"]},{"@type":"Person","@id":"https:\/\/aargauermuslime.ch\/de\/#\/schema\/person\/bd503aec0cac55acbb09e0c3a583e85d","name":"Verwalter","image":{"@type":"ImageObject","inLanguage":"de","@id":"https:\/\/secure.gravatar.com\/avatar\/7fd31a7e31c089b8b010ed4da69824ebcca1bb14f0e01f1121264b0f1712c489?s=96&d=mm&r=g","url":"https:\/\/secure.gravatar.com\/avatar\/7fd31a7e31c089b8b010ed4da69824ebcca1bb14f0e01f1121264b0f1712c489?s=96&d=mm&r=g","contentUrl":"https:\/\/secure.gravatar.com\/avatar\/7fd31a7e31c089b8b010ed4da69824ebcca1bb14f0e01f1121264b0f1712c489?s=96&d=mm&r=g","caption":"Verwalter"}}]}},"_links":{"self":[{"href":"https:\/\/aargauermuslime.ch\/de\/wp-json\/wp\/v2\/posts\/72","targetHints":{"allow":["GET"]}}],"collection":[{"href":"https:\/\/aargauermuslime.ch\/de\/wp-json\/wp\/v2\/posts"}],"about":[{"href":"https:\/\/aargauermuslime.ch\/de\/wp-json\/wp\/v2\/types\/post"}],"author":[{"embeddable":true,"href":"https:\/\/aargauermuslime.ch\/de\/wp-json\/wp\/v2\/users\/2"}],"replies":[{"embeddable":true,"href":"https:\/\/aargauermuslime.ch\/de\/wp-json\/wp\/v2\/comments?post=72"}],"version-history":[{"count":0,"href":"https:\/\/aargauermuslime.ch\/de\/wp-json\/wp\/v2\/posts\/72\/revisions"}],"wp:featuredmedia":[{"embeddable":true,"href":"https:\/\/aargauermuslime.ch\/de\/wp-json\/wp\/v2\/media\/605"}],"wp:attachment":[{"href":"https:\/\/aargauermuslime.ch\/de\/wp-json\/wp\/v2\/media?parent=72"}],"wp:term":[{"taxonomy":"category","embeddable":true,"href":"https:\/\/aargauermuslime.ch\/de\/wp-json\/wp\/v2\/categories?post=72"},{"taxonomy":"post_tag","embeddable":true,"href":"https:\/\/aargauermuslime.ch\/de\/wp-json\/wp\/v2\/tags?post=72"}],"curies":[{"name":"wp","href":"https:\/\/api.w.org\/{rel}","templated":true}]}}