{"id":91,"date":"2010-06-16T20:02:40","date_gmt":"2010-06-16T20:02:40","guid":{"rendered":"https:\/\/aargauermuslime.ch\/de\/2010\/06\/16\/frauen-fuer-frieden-im-fricktal-14-juni-2010\/"},"modified":"2010-06-16T20:02:40","modified_gmt":"2010-06-16T20:02:40","slug":"frauen-fuer-frieden-im-fricktal-14-juni-2010","status":"publish","type":"post","link":"https:\/\/aargauermuslime.ch\/de\/frauen-fuer-frieden-im-fricktal-14-juni-2010\/","title":{"rendered":"Frauen f\u00fcr Frieden im Fricktal, 14. Juni 2010"},"content":{"rendered":"<p style=\"margin: 0pt;\"><span style=\"font-size: 10pt;\"><span style=\"font-family: verdana,geneva;\">Auch dieses Jahr beteiligte sich der Verband Aargauer Muslime  an der Organisation des traditionellen Friedenssternmarsches, der zum Kraftort nach Wittnau f\u00fchrte.<\/span><\/span><\/p>\n<p style=\"margin: 0pt;\"><span style=\"font-size: 10pt;\"><span style=\"font-family: verdana,geneva;\">&nbsp;    <\/span><\/span><\/p>\n<p> <span style=\"font-size: 10pt;\"><span style=\"font-family: verdana,geneva;\"><br \/><\/span><\/span> <\/p>\n<p style=\"margin: 0pt;\"><span style=\"font-size: 10pt;\"><span style=\"font-family: verdana,geneva;\">Die <a t3page=\"url\" href=\"http:\/\/www.aargauerzeitung.ch\/\" target=\"_blank\" t3url=\"http:\/\/www.aargauerzeitung.ch\" t3target=\"_blank\" rel=\"noopener noreferrer\">Aargauer   Zeitung<\/a> berichtete in ihrer Ausgabe vom 16. Juni 2010 dar\u00fcber:<\/span><\/span><\/p>\n<p> <span style=\"font-size: 10pt;\"><span style=\"font-family: verdana,geneva;\"><br \/><\/span><\/span> <\/p>\n<p style=\"margin: 0pt;\"><span style=\"font-size: 10pt;\"><span style=\"font-family: verdana,geneva;\"><em>***   Zitatbeginn ***<\/em><\/span><\/span><\/p>\n<p> <span style=\"font-size: 10pt;\"><span style=\"font-family: verdana,geneva;\"><br \/><\/span><\/span> <\/p>\n<p style=\"margin: 0pt;\"><span style=\"font-size: 10pt;\"><span style=\"font-family: verdana,geneva;\">Gemeinsam   als Menschen verschiedener Religionen und Konfessionen unterwegs zu   sein und miteinander ins Gespr\u00e4ch kommen, um Frieden im Alltag zu leben,   ist das Anliegen des Sternmarsches, welcher der AKF, dieses Jahr   zusammen mit dem Frauenbund Wittnau, zum 8. Mal durchgef\u00fchrt hat. Gegen   250 Menschen aus dem ganzen Kanton machten sich von Frick, Wittnau,   Wegenstetten, Anwil oder dem Limperg aus auf den Weg zur   Buschbergkapelle. Der Kraftort liegt auf einer Jurahochebene, idyllisch   inmitten der wunderbaren Natur gelegen.<\/span><\/span><\/p>\n<p> <span style=\"font-size: 10pt;\"><span style=\"font-family: verdana,geneva;\"><br \/><\/span><\/span> <\/p>\n<p style=\"margin: 0pt;\"><span style=\"font-size: 10pt;\"><span style=\"font-family: verdana,geneva;\">Unterwegs   wurden die Teilnehmer eingeladen, einen Stein zu suchen und \u00fcber   verschiedene Fragen nachzudenken: Was l\u00e4hmt mich? Was gibt mir Kraft?   Auf dem Buschberg angelangt begr\u00fcsste die kleine Glocke der Kapelle die   Ankommenden mit ihrem Gel\u00e4ut und lud sie zu einer besinnlichen Feier   ein. Frauen verschiedener Religionen, Juden, Muslime, Christen, Bahais   und Sufis lasen Worte aus ihren Schriften und entz\u00fcndeten jeweils eine   Kerze im Gedenken, dass das g\u00f6ttliche Licht allen Menschen geschenkt   ist, egal welcher Religion sie angeh\u00f6ren. Mit eindr\u00fccklichen Worten   formulierten einige Frauen und M\u00e4nner in F\u00fcrbitten die Anliegen, welche   jede Wandergruppe zuvor unterwegs zusammengetragen hatte.<\/span><\/span><\/p>\n<p> <span style=\"font-size: 10pt;\"><span style=\"font-family: verdana,geneva;\"><br \/><\/span><\/span> <\/p>\n<p style=\"margin: 0pt;\"><span style=\"font-size: 10pt;\"><span style=\"font-family: verdana,geneva;\">Die   Geschichte des Buschbergs h\u00e4ngt stark mit einem Stein zusammen. Caroline   K\u00fcng aus Wittnau erz\u00e4hlte in kurzen Worten die Geschichte des M\u00fcllers,   der nach einem Sturz vom Pferdewagen beinahe unter die R\u00e4der seines   Fuhrwerkes geriet. In seiner Not rief er die Muttergottes um Hilfe an   und wurde dank einem Stein gerettet. Die Steine, die alle noch von   unterwegs in der Hosentasche hatten, wurden nun mit guten Gedanken   untereinander ausgetauscht.<\/span><\/span><\/p>\n<p> <span style=\"font-size: 10pt;\"><span style=\"font-family: verdana,geneva;\"><br \/><\/span><\/span> <\/p>\n<p style=\"margin: 0pt;\"><span style=\"font-size: 10pt;\"><span style=\"font-family: verdana,geneva;\"><em>***   Zitatende ***<\/em><\/span><\/span><\/p>\n<p style=\"margin: 0pt;\"><span style=\"font-size: 10pt;\"><span style=\"font-family: verdana,geneva;\"><em><br \/><\/em><\/span><\/span><\/p>\n","protected":false},"excerpt":{"rendered":"<p style=\"margin: 0pt;\"><span style=\"font-size: 10pt;\"><span style=\"font-family: verdana,geneva;\">Auch dieses Jahr beteiligte sich der Verband Aargauer Muslime  an der Organisation des traditionellen Friedenssternmarsches, der zum Kraftort nach Wittnau f\u00fchrte.<\/span><\/span><\/p>\n<p style=\"margin: 0pt;\"><span style=\"font-size: 10pt;\"><span style=\"font-family: verdana,geneva;\">&nbsp;  <\/p>\n","protected":false},"author":2,"featured_media":0,"comment_status":"open","ping_status":"open","sticky":false,"template":"","format":"standard","meta":{"_et_pb_use_builder":"","_et_pb_old_content":"","_et_gb_content_width":"","ngg_post_thumbnail":0,"footnotes":""},"categories":[2],"tags":[],"class_list":["post-91","post","type-post","status-publish","format-standard","hentry","category-berichte"],"yoast_head":"<!-- This site is optimized with the Yoast SEO plugin v27.4 - https:\/\/yoast.com\/product\/yoast-seo-wordpress\/ -->\n<title>Frauen f\u00fcr Frieden im Fricktal, 14. Juni 2010 - Verband Aargauer Muslime (VAM)<\/title>\n<meta name=\"robots\" content=\"index, follow, max-snippet:-1, max-image-preview:large, max-video-preview:-1\" \/>\n<link rel=\"canonical\" href=\"https:\/\/aargauermuslime.ch\/de\/frauen-fuer-frieden-im-fricktal-14-juni-2010\/\" \/>\n<meta property=\"og:locale\" content=\"de_DE\" \/>\n<meta property=\"og:type\" content=\"article\" \/>\n<meta property=\"og:title\" content=\"Frauen f\u00fcr Frieden im Fricktal, 14. Juni 2010 - Verband Aargauer Muslime (VAM)\" \/>\n<meta property=\"og:description\" content=\"Auch dieses Jahr beteiligte sich der Verband Aargauer Muslime an der Organisation des traditionellen Friedenssternmarsches, der zum Kraftort nach Wittnau f\u00fchrte. &nbsp;\" \/>\n<meta property=\"og:url\" content=\"https:\/\/aargauermuslime.ch\/de\/frauen-fuer-frieden-im-fricktal-14-juni-2010\/\" \/>\n<meta property=\"og:site_name\" content=\"Verband Aargauer Muslime (VAM)\" \/>\n<meta property=\"article:publisher\" content=\"https:\/\/www.facebook.com\/groups\/aargauermuslime\" \/>\n<meta property=\"article:published_time\" content=\"2010-06-16T20:02:40+00:00\" \/>\n<meta name=\"author\" content=\"Verwalter\" \/>\n<meta name=\"twitter:card\" content=\"summary_large_image\" \/>\n<meta name=\"twitter:label1\" content=\"Verfasst von\" \/>\n\t<meta name=\"twitter:data1\" content=\"Verwalter\" \/>\n\t<meta name=\"twitter:label2\" content=\"Gesch\u00e4tzte Lesezeit\" \/>\n\t<meta name=\"twitter:data2\" content=\"1\u00a0Minute\" \/>\n<script type=\"application\/ld+json\" class=\"yoast-schema-graph\">{\"@context\":\"https:\\\/\\\/schema.org\",\"@graph\":[{\"@type\":\"Article\",\"@id\":\"https:\\\/\\\/aargauermuslime.ch\\\/de\\\/frauen-fuer-frieden-im-fricktal-14-juni-2010\\\/#article\",\"isPartOf\":{\"@id\":\"https:\\\/\\\/aargauermuslime.ch\\\/de\\\/frauen-fuer-frieden-im-fricktal-14-juni-2010\\\/\"},\"author\":{\"name\":\"Verwalter\",\"@id\":\"https:\\\/\\\/aargauermuslime.ch\\\/de\\\/#\\\/schema\\\/person\\\/bd503aec0cac55acbb09e0c3a583e85d\"},\"headline\":\"Frauen f\u00fcr Frieden im Fricktal, 14. Juni 2010\",\"datePublished\":\"2010-06-16T20:02:40+00:00\",\"mainEntityOfPage\":{\"@id\":\"https:\\\/\\\/aargauermuslime.ch\\\/de\\\/frauen-fuer-frieden-im-fricktal-14-juni-2010\\\/\"},\"wordCount\":299,\"commentCount\":0,\"publisher\":{\"@id\":\"https:\\\/\\\/aargauermuslime.ch\\\/de\\\/#organization\"},\"articleSection\":[\"Berichte\"],\"inLanguage\":\"de\"},{\"@type\":\"WebPage\",\"@id\":\"https:\\\/\\\/aargauermuslime.ch\\\/de\\\/frauen-fuer-frieden-im-fricktal-14-juni-2010\\\/\",\"url\":\"https:\\\/\\\/aargauermuslime.ch\\\/de\\\/frauen-fuer-frieden-im-fricktal-14-juni-2010\\\/\",\"name\":\"Frauen f\u00fcr Frieden im Fricktal, 14. Juni 2010 - Verband Aargauer Muslime (VAM)\",\"isPartOf\":{\"@id\":\"https:\\\/\\\/aargauermuslime.ch\\\/de\\\/#website\"},\"datePublished\":\"2010-06-16T20:02:40+00:00\",\"breadcrumb\":{\"@id\":\"https:\\\/\\\/aargauermuslime.ch\\\/de\\\/frauen-fuer-frieden-im-fricktal-14-juni-2010\\\/#breadcrumb\"},\"inLanguage\":\"de\",\"potentialAction\":[{\"@type\":\"ReadAction\",\"target\":[\"https:\\\/\\\/aargauermuslime.ch\\\/de\\\/frauen-fuer-frieden-im-fricktal-14-juni-2010\\\/\"]}]},{\"@type\":\"BreadcrumbList\",\"@id\":\"https:\\\/\\\/aargauermuslime.ch\\\/de\\\/frauen-fuer-frieden-im-fricktal-14-juni-2010\\\/#breadcrumb\",\"itemListElement\":[{\"@type\":\"ListItem\",\"position\":1,\"name\":\"Startseite\",\"item\":\"https:\\\/\\\/aargauermuslime.ch\\\/de\\\/\"},{\"@type\":\"ListItem\",\"position\":2,\"name\":\"Frauen f\u00fcr Frieden im Fricktal, 14. Juni 2010\"}]},{\"@type\":\"WebSite\",\"@id\":\"https:\\\/\\\/aargauermuslime.ch\\\/de\\\/#website\",\"url\":\"https:\\\/\\\/aargauermuslime.ch\\\/de\\\/\",\"name\":\"Verband Aargauer Muslime (VAM)\",\"description\":\"Dachverband der muslimischen Institutionen im Aargau\",\"publisher\":{\"@id\":\"https:\\\/\\\/aargauermuslime.ch\\\/de\\\/#organization\"},\"potentialAction\":[{\"@type\":\"SearchAction\",\"target\":{\"@type\":\"EntryPoint\",\"urlTemplate\":\"https:\\\/\\\/aargauermuslime.ch\\\/de\\\/?s={search_term_string}\"},\"query-input\":{\"@type\":\"PropertyValueSpecification\",\"valueRequired\":true,\"valueName\":\"search_term_string\"}}],\"inLanguage\":\"de\"},{\"@type\":\"Organization\",\"@id\":\"https:\\\/\\\/aargauermuslime.ch\\\/de\\\/#organization\",\"name\":\"Verband Aargauer Muslime\",\"alternateName\":\"VAM\",\"url\":\"https:\\\/\\\/aargauermuslime.ch\\\/de\\\/\",\"logo\":{\"@type\":\"ImageObject\",\"inLanguage\":\"de\",\"@id\":\"https:\\\/\\\/aargauermuslime.ch\\\/de\\\/#\\\/schema\\\/logo\\\/image\\\/\",\"url\":\"https:\\\/\\\/aargauermuslime.ch\\\/de\\\/wp-content\\\/uploads\\\/2019\\\/07\\\/VAM-Logo_web.jpg\",\"contentUrl\":\"https:\\\/\\\/aargauermuslime.ch\\\/de\\\/wp-content\\\/uploads\\\/2019\\\/07\\\/VAM-Logo_web.jpg\",\"width\":800,\"height\":181,\"caption\":\"Verband Aargauer Muslime\"},\"image\":{\"@id\":\"https:\\\/\\\/aargauermuslime.ch\\\/de\\\/#\\\/schema\\\/logo\\\/image\\\/\"},\"sameAs\":[\"https:\\\/\\\/www.facebook.com\\\/groups\\\/aargauermuslime\"]},{\"@type\":\"Person\",\"@id\":\"https:\\\/\\\/aargauermuslime.ch\\\/de\\\/#\\\/schema\\\/person\\\/bd503aec0cac55acbb09e0c3a583e85d\",\"name\":\"Verwalter\",\"image\":{\"@type\":\"ImageObject\",\"inLanguage\":\"de\",\"@id\":\"https:\\\/\\\/secure.gravatar.com\\\/avatar\\\/7fd31a7e31c089b8b010ed4da69824ebcca1bb14f0e01f1121264b0f1712c489?s=96&d=mm&r=g\",\"url\":\"https:\\\/\\\/secure.gravatar.com\\\/avatar\\\/7fd31a7e31c089b8b010ed4da69824ebcca1bb14f0e01f1121264b0f1712c489?s=96&d=mm&r=g\",\"contentUrl\":\"https:\\\/\\\/secure.gravatar.com\\\/avatar\\\/7fd31a7e31c089b8b010ed4da69824ebcca1bb14f0e01f1121264b0f1712c489?s=96&d=mm&r=g\",\"caption\":\"Verwalter\"}}]}<\/script>\n<!-- \/ Yoast SEO plugin. -->","yoast_head_json":{"title":"Frauen f\u00fcr Frieden im Fricktal, 14. Juni 2010 - Verband Aargauer Muslime (VAM)","robots":{"index":"index","follow":"follow","max-snippet":"max-snippet:-1","max-image-preview":"max-image-preview:large","max-video-preview":"max-video-preview:-1"},"canonical":"https:\/\/aargauermuslime.ch\/de\/frauen-fuer-frieden-im-fricktal-14-juni-2010\/","og_locale":"de_DE","og_type":"article","og_title":"Frauen f\u00fcr Frieden im Fricktal, 14. Juni 2010 - Verband Aargauer Muslime (VAM)","og_description":"Auch dieses Jahr beteiligte sich der Verband Aargauer Muslime an der Organisation des traditionellen Friedenssternmarsches, der zum Kraftort nach Wittnau f\u00fchrte. &nbsp;","og_url":"https:\/\/aargauermuslime.ch\/de\/frauen-fuer-frieden-im-fricktal-14-juni-2010\/","og_site_name":"Verband Aargauer Muslime (VAM)","article_publisher":"https:\/\/www.facebook.com\/groups\/aargauermuslime","article_published_time":"2010-06-16T20:02:40+00:00","author":"Verwalter","twitter_card":"summary_large_image","twitter_misc":{"Verfasst von":"Verwalter","Gesch\u00e4tzte Lesezeit":"1\u00a0Minute"},"schema":{"@context":"https:\/\/schema.org","@graph":[{"@type":"Article","@id":"https:\/\/aargauermuslime.ch\/de\/frauen-fuer-frieden-im-fricktal-14-juni-2010\/#article","isPartOf":{"@id":"https:\/\/aargauermuslime.ch\/de\/frauen-fuer-frieden-im-fricktal-14-juni-2010\/"},"author":{"name":"Verwalter","@id":"https:\/\/aargauermuslime.ch\/de\/#\/schema\/person\/bd503aec0cac55acbb09e0c3a583e85d"},"headline":"Frauen f\u00fcr Frieden im Fricktal, 14. Juni 2010","datePublished":"2010-06-16T20:02:40+00:00","mainEntityOfPage":{"@id":"https:\/\/aargauermuslime.ch\/de\/frauen-fuer-frieden-im-fricktal-14-juni-2010\/"},"wordCount":299,"commentCount":0,"publisher":{"@id":"https:\/\/aargauermuslime.ch\/de\/#organization"},"articleSection":["Berichte"],"inLanguage":"de"},{"@type":"WebPage","@id":"https:\/\/aargauermuslime.ch\/de\/frauen-fuer-frieden-im-fricktal-14-juni-2010\/","url":"https:\/\/aargauermuslime.ch\/de\/frauen-fuer-frieden-im-fricktal-14-juni-2010\/","name":"Frauen f\u00fcr Frieden im Fricktal, 14. Juni 2010 - Verband Aargauer Muslime (VAM)","isPartOf":{"@id":"https:\/\/aargauermuslime.ch\/de\/#website"},"datePublished":"2010-06-16T20:02:40+00:00","breadcrumb":{"@id":"https:\/\/aargauermuslime.ch\/de\/frauen-fuer-frieden-im-fricktal-14-juni-2010\/#breadcrumb"},"inLanguage":"de","potentialAction":[{"@type":"ReadAction","target":["https:\/\/aargauermuslime.ch\/de\/frauen-fuer-frieden-im-fricktal-14-juni-2010\/"]}]},{"@type":"BreadcrumbList","@id":"https:\/\/aargauermuslime.ch\/de\/frauen-fuer-frieden-im-fricktal-14-juni-2010\/#breadcrumb","itemListElement":[{"@type":"ListItem","position":1,"name":"Startseite","item":"https:\/\/aargauermuslime.ch\/de\/"},{"@type":"ListItem","position":2,"name":"Frauen f\u00fcr Frieden im Fricktal, 14. Juni 2010"}]},{"@type":"WebSite","@id":"https:\/\/aargauermuslime.ch\/de\/#website","url":"https:\/\/aargauermuslime.ch\/de\/","name":"Verband Aargauer Muslime (VAM)","description":"Dachverband der muslimischen Institutionen im Aargau","publisher":{"@id":"https:\/\/aargauermuslime.ch\/de\/#organization"},"potentialAction":[{"@type":"SearchAction","target":{"@type":"EntryPoint","urlTemplate":"https:\/\/aargauermuslime.ch\/de\/?s={search_term_string}"},"query-input":{"@type":"PropertyValueSpecification","valueRequired":true,"valueName":"search_term_string"}}],"inLanguage":"de"},{"@type":"Organization","@id":"https:\/\/aargauermuslime.ch\/de\/#organization","name":"Verband Aargauer Muslime","alternateName":"VAM","url":"https:\/\/aargauermuslime.ch\/de\/","logo":{"@type":"ImageObject","inLanguage":"de","@id":"https:\/\/aargauermuslime.ch\/de\/#\/schema\/logo\/image\/","url":"https:\/\/aargauermuslime.ch\/de\/wp-content\/uploads\/2019\/07\/VAM-Logo_web.jpg","contentUrl":"https:\/\/aargauermuslime.ch\/de\/wp-content\/uploads\/2019\/07\/VAM-Logo_web.jpg","width":800,"height":181,"caption":"Verband Aargauer Muslime"},"image":{"@id":"https:\/\/aargauermuslime.ch\/de\/#\/schema\/logo\/image\/"},"sameAs":["https:\/\/www.facebook.com\/groups\/aargauermuslime"]},{"@type":"Person","@id":"https:\/\/aargauermuslime.ch\/de\/#\/schema\/person\/bd503aec0cac55acbb09e0c3a583e85d","name":"Verwalter","image":{"@type":"ImageObject","inLanguage":"de","@id":"https:\/\/secure.gravatar.com\/avatar\/7fd31a7e31c089b8b010ed4da69824ebcca1bb14f0e01f1121264b0f1712c489?s=96&d=mm&r=g","url":"https:\/\/secure.gravatar.com\/avatar\/7fd31a7e31c089b8b010ed4da69824ebcca1bb14f0e01f1121264b0f1712c489?s=96&d=mm&r=g","contentUrl":"https:\/\/secure.gravatar.com\/avatar\/7fd31a7e31c089b8b010ed4da69824ebcca1bb14f0e01f1121264b0f1712c489?s=96&d=mm&r=g","caption":"Verwalter"}}]}},"_links":{"self":[{"href":"https:\/\/aargauermuslime.ch\/de\/wp-json\/wp\/v2\/posts\/91","targetHints":{"allow":["GET"]}}],"collection":[{"href":"https:\/\/aargauermuslime.ch\/de\/wp-json\/wp\/v2\/posts"}],"about":[{"href":"https:\/\/aargauermuslime.ch\/de\/wp-json\/wp\/v2\/types\/post"}],"author":[{"embeddable":true,"href":"https:\/\/aargauermuslime.ch\/de\/wp-json\/wp\/v2\/users\/2"}],"replies":[{"embeddable":true,"href":"https:\/\/aargauermuslime.ch\/de\/wp-json\/wp\/v2\/comments?post=91"}],"version-history":[{"count":0,"href":"https:\/\/aargauermuslime.ch\/de\/wp-json\/wp\/v2\/posts\/91\/revisions"}],"wp:attachment":[{"href":"https:\/\/aargauermuslime.ch\/de\/wp-json\/wp\/v2\/media?parent=91"}],"wp:term":[{"taxonomy":"category","embeddable":true,"href":"https:\/\/aargauermuslime.ch\/de\/wp-json\/wp\/v2\/categories?post=91"},{"taxonomy":"post_tag","embeddable":true,"href":"https:\/\/aargauermuslime.ch\/de\/wp-json\/wp\/v2\/tags?post=91"}],"curies":[{"name":"wp","href":"https:\/\/api.w.org\/{rel}","templated":true}]}}